{"id":336678,"date":"2026-03-30T20:51:18","date_gmt":"2026-03-30T20:51:18","guid":{"rendered":"https:\/\/www.europesays.com\/pl\/336678\/"},"modified":"2026-03-30T20:51:18","modified_gmt":"2026-03-30T20:51:18","slug":"panattoni-pozyskal-nowego-najemce-do-panattoni-park-poznan-xiv-gluchowo","status":"publish","type":"post","link":"https:\/\/www.europesays.com\/pl\/336678\/","title":{"rendered":"Panattoni pozyska\u0142 nowego najemc\u0119 do Panattoni Park Pozna\u0144 XIV &#8211; G\u0142uchowo"},"content":{"rendered":"<p class=\"sc-qt42kz-1 jFnKOK\">Panattoni, najaktywniejszy deweloper nieruchomo\u015bci przemys\u0142owych na \u015bwiecie, pozyska\u0142 nowego najemc\u0119 do Panattoni Park Pozna\u0144 XIV. Firma 4M Pro&amp;Invest wynaj\u0119\u0142a blisko 4 100 metr\u00f3w kwadratowych przestrzeni magazynowej. Dzi\u0119ki tej umowie zosta\u0142a uko\u0144czona komercjalizacja dw\u00f3ch zrealizowanych etap\u00f3w inwestycji. <\/p>\n<p class=\"sc-qt42kz-1 jFnKOK\">\u2022 4M Pro&amp;Invest dzia\u0142a w bran\u017cy e-commerce, w ramach kt\u00f3rej zajmuje si\u0119 sprzeda\u017c\u0105 opon, felg, k\u00f3\u0142 dojazdowych i akcesori\u00f3w samochodowych<\/p>\n<p class=\"sc-qt42kz-1 jFnKOK\">\u2022 Firma planuje wkr\u00f3tce uruchomi\u0107 w\u0142asny sklep internetowy pod nazw\u0105 felgaopona.pl<\/p>\n<p class=\"sc-qt42kz-1 jFnKOK\">\u2013 \u201eOd pocz\u0105tku dzia\u0142alno\u015bci jeste\u015bmy zwi\u0105zani z Wielkopolsk\u0105, dlatego naturalnym krokiem by\u0142o poszukiwanie powierzchni do rozwoju w\u0142a\u015bnie w tym regionie. Panattoni Park Pozna\u0144 XIV ca\u0142kowicie spe\u0142nia nasze oczekiwania \u2013 nowoczesna infrastruktura \u2013 b\u0119dzie to nasz pierwszy magazyn w budynku klasy A, wysoko\u015b\u0107 hali 10 m zgodna z wymogami przeciwpo\u017carowymi dotycz\u0105cymi przechowywania opon oraz dogodna lokalizacja umo\u017cliwiaj\u0105ca sprawn\u0105 realizacj\u0119 zam\u00f3wie\u0144. Wsp\u00f3\u0142praca z Panattoni pozwoli nam skonsolidowa\u0107 procesy magazynowe w jednym obiekcie i wspiera dalszy rozw\u00f3j firmy\u201d \u2013 m\u00f3wi Miko\u0142aj Andrzejewski, Prezes Zarz\u0105du 4M Pro&amp;Invest. <\/p>\n<p class=\"sc-qt42kz-1 jFnKOK\">Najemca rozpocznie dzia\u0142alno\u015b\u0107 w obiekcie w drugim kwartale bie\u017c\u0105cego roku. Do tego czasu przeprowadzone zostan\u0105 prace dostosowuj\u0105ce powierzchni\u0119 do specyfiki operacji, w tym m.in. monta\u017c rega\u0142\u00f3w i przygotowanie w\u0119\u017cszych alejek pod w\u00f3zki systemowe, monta\u017c instalacji tryskaczowej oraz stacji \u0142adowania w\u00f3zk\u00f3w. Opr\u00f3cz powierzchni magazynowej firma zajmie r\u00f3wnie\u017c ok. 190 m kw. przestrzeni biurowo-socjalnej w Panattoni Park Pozna\u0144 XIV. <\/p>\n<p class=\"sc-qt42kz-1 jFnKOK\">\u2013 \u201eCieszymy si\u0119, \u017ce kolejna polska firma rozwijaj\u0105ca si\u0119 w obszarze e-commerce wybra\u0142a nasz\u0105 inwestycj\u0119. Umowa z 4M Pro&amp;Invest oznacza pe\u0142n\u0105 komercjalizacj\u0119 uko\u0144czonej w\u0142a\u015bnie cz\u0119\u015bci Panattoni Park Pozna\u0144 XIV, co pokazuje, \u017ce nasze obiekty odpowiadaj\u0105 rzeczywistym potrzebom najemc\u00f3w\u201d \u2013 m\u00f3wi Katarzyna Kujawiak, Regional Managing Director Central Poland &amp; Greater Poland w Panattoni. \u2013 \u201ePozna\u0144ski rynek magazynowy od lat pozostaje jednym z kluczowych w kraju, a Panattoni konsekwentnie odgrywa istotn\u0105 rol\u0119 w jego rozwoju. Do tej pory dostarczyli\u015bmy tu blisko 2 mln m kw. nowoczesnej powierzchni przemys\u0142owo-logistycznej, wspieraj\u0105c rozw\u00f3j lokalnych i mi\u0119dzynarodowych firm oraz tworz\u0105c warunki do powstawania nowych miejsc pracy\u201d. <\/p>\n<p class=\"sc-qt42kz-1 jFnKOK\">Panattoni Park Pozna\u0144 XIV docelowo obejmie trzy hale o \u0142\u0105cznej powierzchni 49 000 m kw. \u2013 zlokalizowany jest w G\u0142uchowie pod Poznaniem. Uko\u0144czone i w pe\u0142ni wynaj\u0119te s\u0105 dwie hale, a budowa kolejnego etapu o powierzchni 28\u202f000 m kw. jest w planach. Kompleks zlokalizowany jest zaledwie 6 km od w\u0119z\u0142a Pozna\u0144 Zach\u00f3d, gdzie krzy\u017cuj\u0105 si\u0119 drogi ekspresowe S5 i S11 z autostrad\u0105 A2. Takie po\u0142o\u017cenie gwarantuje doskona\u0142y dost\u0119p do krajowej i mi\u0119dzynarodowej sieci transportowej.  <\/p>\n<p class=\"sc-qt42kz-1 jFnKOK\">Inwestycja w G\u0142uchowie uzyska\u0142a certyfikat BREEAM na poziomie Excellent, dzi\u0119ki wdro\u017ceniu licznych rozwi\u0105za\u0144 proekologicznych. Dachy hal wzmocniono pod monta\u017c instalacji fotowoltaicznych, a systemy ogrzewania i ch\u0142odzenia zrealizowano z u\u017cyciem urz\u0105dze\u0144 klasy A, korzystaj\u0105cych z ekologicznych czynnik\u00f3w ch\u0142odniczych. Biura s\u0105 wyposa\u017cone w zaawansowane systemy VRF\/VRV, zapewniaj\u0105ce efektywno\u015b\u0107 energetyczn\u0105 i komfort u\u017cytkownik\u00f3w. Z my\u015bl\u0105 o wspieraniu bior\u00f3\u017cnorodno\u015bci stworzono \u0142\u0105cznie 12 000 m kw. powierzchni biologicznie czynnej. <\/p>\n","protected":false},"excerpt":{"rendered":"Panattoni, najaktywniejszy deweloper nieruchomo\u015bci przemys\u0142owych na \u015bwiecie, pozyska\u0142 nowego najemc\u0119 do Panattoni Park Pozna\u0144 XIV. Firma 4M Pro&amp;Invest&hellip;\n","protected":false},"author":2,"featured_media":336679,"comment_status":"","ping_status":"","sticky":false,"template":"","format":"standard","meta":{"footnotes":"","_share_on_mastodon":"0"},"categories":[51609],"tags":[56293,56295,56294,46372,56292,42,38,40,39,41,1817],"class_list":["post-336678","post","type-post","status-publish","format-standard","has-post-thumbnail","category-poznan","tag-4m-proinvest","tag-magazyny-panattoni","tag-magazyny-poznan","tag-panattoni","tag-panattoni-park-poznan-xiv","tag-pl","tag-poland","tag-polish","tag-polska","tag-polski","tag-poznan"],"share_on_mastodon":{"url":"https:\/\/pubeurope.com\/@pl\/116320107484509885","error":""},"_links":{"self":[{"href":"https:\/\/www.europesays.com\/pl\/wp-json\/wp\/v2\/posts\/336678","targetHints":{"allow":["GET"]}}],"collection":[{"href":"https:\/\/www.europesays.com\/pl\/wp-json\/wp\/v2\/posts"}],"about":[{"href":"https:\/\/www.europesays.com\/pl\/wp-json\/wp\/v2\/types\/post"}],"author":[{"embeddable":true,"href":"https:\/\/www.europesays.com\/pl\/wp-json\/wp\/v2\/users\/2"}],"replies":[{"embeddable":true,"href":"https:\/\/www.europesays.com\/pl\/wp-json\/wp\/v2\/comments?post=336678"}],"version-history":[{"count":0,"href":"https:\/\/www.europesays.com\/pl\/wp-json\/wp\/v2\/posts\/336678\/revisions"}],"wp:featuredmedia":[{"embeddable":true,"href":"https:\/\/www.europesays.com\/pl\/wp-json\/wp\/v2\/media\/336679"}],"wp:attachment":[{"href":"https:\/\/www.europesays.com\/pl\/wp-json\/wp\/v2\/media?parent=336678"}],"wp:term":[{"taxonomy":"category","embeddable":true,"href":"https:\/\/www.europesays.com\/pl\/wp-json\/wp\/v2\/categories?post=336678"},{"taxonomy":"post_tag","embeddable":true,"href":"https:\/\/www.europesays.com\/pl\/wp-json\/wp\/v2\/tags?post=336678"}],"curies":[{"name":"wp","href":"https:\/\/api.w.org\/{rel}","templated":true}]}}