{"id":336794,"date":"2026-03-30T22:17:31","date_gmt":"2026-03-30T22:17:31","guid":{"rendered":"https:\/\/www.europesays.com\/pl\/336794\/"},"modified":"2026-03-30T22:17:31","modified_gmt":"2026-03-30T22:17:31","slug":"kiedy-s7-na-polnocy-warszawy-bedzie-gotowa-beda-tunele-znamy-szczegoly","status":"publish","type":"post","link":"https:\/\/www.europesays.com\/pl\/336794\/","title":{"rendered":"Kiedy S7 na p\u00f3\u0142nocy Warszawy b\u0119dzie gotowa? B\u0119d\u0105 tunele. Znamy szczeg\u00f3\u0142y"},"content":{"rendered":"<p>Nie ma przesady w nazywaniu S7 jedn\u0105 z najwa\u017cniejszych dr\u00f3g ekspresowych w kraju. Docelowo ma mie\u0107 oko\u0142o 730 km i po\u0142\u0105czy\u0107 morze z g\u00f3rami. \u0141\u0105czy m.in. Tr\u00f3jmiasto, Warszaw\u0119, Radom, Kielce i Krak\u00f3w, a tak\u017ce przecina si\u0119 z autostradami A2 i A4. W przeciwie\u0144stwie do po\u0142o\u017conej bardziej na zach\u00f3d autostrady A1 ekspresowa si\u00f3demka jest darmowa i dlatego kierowcy tak cz\u0119sto ni\u0105 je\u017cd\u017c\u0105.<\/p>\n<p>Przeczytaj tak\u017ce: <a href=\"https:\/\/www.auto-swiat.pl\/wiadomosci\/aktualnosci\/kiedy-bedzie-gotowa-droga-s11-gddkia-mowi-o-kolejnych-30-km-znamy-daty\/vjpslz5\" id=\"8b428573-33af-47c3-890b-71b32d35966e\" rel=\"nofollow noopener\" target=\"_blank\">Nowa droga ekspresowa powi\u0119kszy si\u0119 o 30 km. GDDKiA podaje daty. Znad morza na \u015al\u0105sk w 5 godz.<\/a>Kiedy droga S7 b\u0119dzie gotowa? Kolejne decyzje i odcinki<\/p>\n<p>I na S7 ca\u0142y czas co\u015b si\u0119 dzieje. Trwaj\u0105 prace na Zakopiance na po\u0142udniu, tu\u017c przed ko\u0144cem zesz\u0142ego roku oddano brakuj\u0105ce odcinki ko\u0142o Krakowa, co sprawi\u0142o, \u017ce Warszawa i Krak\u00f3w w ko\u0144cu zyska\u0142y ekspresowe po\u0142\u0105czenie bez \u017cadnych dziur. Ko\u0144cz\u0105 si\u0119 te\u017c roboty na S7 mi\u0119dzy P\u0142o\u0144skiem a Czosnowem. W marcu tego roku podj\u0119to decyzje o rozbudowie si\u00f3demki na odcinku Kie\u0142pin &#8211; Czosn\u00f3w.<\/p>\n<p>Od jakiego\u015b czasu trwaj\u0105 prace projektowe nad p\u00f3\u0142nocnym wylotem S7 ze stolicy. To najwi\u0119ksze wyzwanie na S7.<\/p>\n<p class=\"ods-o-frame-in-text__paragraph\">Przeczytaj tak\u017ce: <a href=\"https:\/\/www.auto-swiat.pl\/wiadomosci\/aktualnosci\/kiedy-droga-s7-na-polnocy-warszawy-bedzie-gotowa-jest-zrid-na-nowy-odcinek\/lw96qh4\" id=\"ad079d77-7939-484e-b860-4b0eac7fbb7e\" rel=\"nofollow noopener\" target=\"_blank\">Jest decyzja. Ruszy budowa S7 na p\u00f3\u0142nocy Warszawy. 9 km nowej ekspres\u00f3wki. Data<\/a><\/p>\n<p>   Kiedy b\u0119dzie gotowy p\u00f3\u0142nocny wylot S7 z Warszawy?<\/p>\n<p class=\"ods-o-quote__paragraph\">Rozpoczynamy przygotowanie dokumentacji projektowej dla ostatniego g\u0142\u00f3wnego wyjazdu ze stolicy, kt\u00f3ry nie ma jeszcze statusu drogi ekspresowej. To odcinek drogi ekspresowej S7 pomi\u0119dzy Kie\u0142pinem i Tras\u0105 Armii Krajowej w Warszawie, kt\u00f3ry stanowi p\u00f3\u0142nocny wylot ze stolicy w kierunku Gda\u0144ska<\/p>\n<p>&#8211; informowa\u0142a GDDKiA. Warszawa ma si\u0119 po\u017cegna\u0107 si\u0119 z ostatnim fragmentem drogi prowadz\u0105cej na p\u00f3\u0142noc, kt\u00f3ry nie nosi jeszcze miana drogi szybkiego ruchu. Rozpocz\u0119to prace nad dokumentacj\u0105 projektow\u0105 dla odcinka drogi ekspresowej S7, kt\u00f3ry po\u0142\u0105czy Kie\u0142pin z Tras\u0105 Armii Krajowej. Kierowcy wyczekuj\u0105 tego fragmentu S7. Pozwoli sprawnie omin\u0105\u0107 korki obwodnic\u0105 miasta. Obecnie si\u00f3demka si\u0119 ko\u0144czy, a kierowcy wpadaj\u0105 w gigantyczne korki w \u0141omiankach i musz\u0105 przebija\u0107 si\u0119 przez Wis\u0142ostrad\u0119.<\/p>\n<p>Konsorcjum Transprojekt Gda\u0144ski wraz z partnerem Transprojekt Warszawa podj\u0119\u0142o si\u0119 zadania opracowania dokumentacji za kwot\u0119 54,2 mln z\u0142. Je\u015bli wszystko p\u00f3jdzie zgodnie z planem, przetarg na wykonawc\u0119 rob\u00f3t budowlanych zostanie og\u0142oszony po uko\u0144czeniu dokumentacji w II kwartale 2026 roku.<\/p>\n<p> Przeczytaj tak\u017ce: <a href=\"https:\/\/www.auto-swiat.pl\/wiadomosci\/aktualnosci\/otworzyli-trase-s3-zaraz-otworza-tez-droge-s1-i-s7-i-dwie-wazne-obwodnice\/8xggkx5\" id=\"ace11f9b-79c2-4dc1-9ee2-3591f6cb3051\" rel=\"nofollow noopener\" target=\"_blank\">GDDKiA otwiera trzy wa\u017cne trasy i dwie obwodnice. &#8222;Pi\u0105tka GDDKiA&#8221; w jeden tydzie\u0144<\/a>Jak ma wygl\u0105da\u0107 S7 na p\u00f3\u0142nocy Warszawy? Pokazano wideo: Jak S7 wjedzie do Warszawy? Imponuj\u0105ce tunele<\/p>\n<p>Planowana droga ekspresowa S7 b\u0119dzie dwujezdniowa, z mo\u017cliwo\u015bci\u0105 rozszerzenia do trzech, a nawet czterech pas\u00f3w ruchu w niekt\u00f3rych miejscach. Na uwag\u0119 zas\u0142uguj\u0105 projektowane tunele w Bielanach i Bemowie, kt\u00f3re maj\u0105 poprawi\u0107 przepustowo\u015b\u0107 i bezpiecze\u0144stwo na tych silnie zurbanizowanych obszarach. Pi\u0119\u0107 w\u0119z\u0142\u00f3w komunikacyjnych oraz infrastruktura towarzysz\u0105ca, takie jak wiadukty czy k\u0142adki pieszo-rowerowe, dope\u0142ni\u0105 projekt, kt\u00f3ry zostanie szczeg\u00f3\u0142owo przeanalizowany w procesie projektowania.<\/p>\n<p>Opr\u00f3cz wspomnianych tuneli trasa S7 zapewni liczne przej\u015bcia dla zwierz\u0105t, ekrany akustyczne i ogrodzenia, zwi\u0119kszaj\u0105c bezpiecze\u0144stwo i komfort podr\u00f3\u017cowania. Dodatkowe analizy po\u0142\u0105cze\u0144 z lokalnymi drogami zapewni\u0105 p\u0142ynno\u015b\u0107 ruchu i dost\u0119pno\u015b\u0107 trasy S7.<\/p>\n<p>Prace nad S7 wymagaj\u0105 szczeg\u00f3lnie starannego przygotowania ze wzgl\u0119du na z\u0142o\u017cono\u015b\u0107 techniczn\u0105, g\u0119st\u0105 zabudow\u0119 miejsk\u0105 oraz przewidywane nat\u0119\u017cenie ruchu.<\/p>\n<p> <img decoding=\"async\" src=\"https:\/\/www.europesays.com\/pl\/wp-content\/uploads\/2026\/03\/isCk9lBaHR0cHM6Ly9vY2RuLmV1L3B1bHNjbXMvTURBXy9mODNiZGE0NWVjMjI5MTk5ODc3MjI4OTg3MWNmNDNkMS5qcGeRlQLNB.jpeg\" height=\"705\" width=\"940\" alt=\"Droga S7 Czosn\u00f3w \u2014 Modlin gotowa. Kierowcy ju\u017c jad\u0105\" loading=\"lazy\" class=\"ods-c-image__img ods-c-image__img--viewport-width\"\/> <\/p>\n<p>Droga S7 Czosn\u00f3w \u2014 Modlin gotowa. Kierowcy ju\u017c jad\u0105GDDKiA<\/p>\n<p> Kiedy b\u0119dzie gotowa droga S7 na odcinku Czosn\u00f3w \u2013 Kie\u0142pin?<\/p>\n<p>Dos\u0142ownie w tym miesi\u0105cu Wojewoda Mazowiecki wyda\u0142 zgod\u0119 na rozbudow\u0119 p\u00f3\u0142nocnego fragmentu drogi krajowej nr 7 do standardu drogi ekspresowej S7 na terenie Warszawy. Modernizowany odcinek b\u0119dzie mia\u0142 d\u0142ugo\u015b\u0107 9 km, a ka\u017cdy kierunek zyska trzy pasy ruchu. Prace wykona mi\u0119dzynarodowe konsorcjum, kt\u00f3re rozpocznie inwestycj\u0119 od rozpoznania saperskiego i inwentaryzacji terenu. Nast\u0119pnie zaplanowano wycink\u0119 ro\u015blinno\u015bci, usuwanie korzeni oraz prace rozbi\u00f3rkowe i ziemne.<\/p>\n<p>W ramach rozbudowy powstanie dwujezdniowa droga ekspresowa, po trzy pasy w ka\u017cd\u0105 stron\u0119. W projekcie przewidziano r\u00f3wnie\u017c budow\u0119 trzech w\u0119z\u0142\u00f3w: Czosn\u00f3w, Palmiry i Sadowa. Dodatkowo pojawi\u0105 si\u0119 drogi serwisowe dla ruchu lokalnego oraz urz\u0105dzenia chroni\u0105ce \u015brodowisko i poprawiaj\u0105ce bezpiecze\u0144stwo.<\/p>\n<p>Zako\u0144czenie budowy planowane jest na wiosn\u0119 2028 r.<\/p>\n<p> <img decoding=\"async\" src=\"https:\/\/www.europesays.com\/pl\/wp-content\/uploads\/2026\/03\/9Clk9lBaHR0cHM6Ly9vY2RuLmV1L3B1bHNjbXMvTURBXy9mZGU2MjI4MGVhMDY4YmM0NjFmOWU5NGEyNzIxMzU4Mi5qcGeRlQLNB.jpeg\" height=\"510\" width=\"855\" alt=\"Droga S7 Czosn\u00f3w - Kie\u0142pin na mapie\" loading=\"lazy\" class=\"ods-c-image__img ods-c-image__img--viewport-width\"\/> <\/p>\n<p>Droga S7 Czosn\u00f3w &#8211; Kie\u0142pin na mapieGDDKiA<\/p>\n<p>  <img decoding=\"async\" src=\"https:\/\/www.europesays.com\/pl\/wp-content\/uploads\/2026\/03\/X_Lk9lBaHR0cHM6Ly9vY2RuLmV1L3B1bHNjbXMvTURBXy9hNTVmNzZjODhlM2RiMzk0OWNlMTQxNjBmNDRmODJjZC5qcGeRlQLNB.jpeg\" height=\"705\" width=\"940\" alt=\"Droga S7 Czosn\u00f3w - Kie\u0142pin na mapie\" loading=\"lazy\" class=\"ods-c-image__img ods-c-image__img--viewport-width\"\/> <\/p>\n<p>Droga S7 Czosn\u00f3w &#8211; Kie\u0142pin na mapieGDDKiA<\/p>\n","protected":false},"excerpt":{"rendered":"Nie ma przesady w nazywaniu S7 jedn\u0105 z najwa\u017cniejszych dr\u00f3g ekspresowych w kraju. Docelowo ma mie\u0107 oko\u0142o 730&hellip;\n","protected":false},"author":2,"featured_media":336795,"comment_status":"","ping_status":"","sticky":false,"template":"","format":"standard","meta":{"footnotes":"","_share_on_mastodon":"0"},"categories":[51605],"tags":[210,1854,1856,48,46,42,38,40,39,41,3620,47,435,26],"class_list":["post-336794","post","type-post","status-publish","format-standard","has-post-thumbnail","category-warszawa","tag-aktualnosci","tag-drogi","tag-gddkia","tag-nat_styl","tag-omp","tag-pl","tag-poland","tag-polish","tag-polska","tag-polski","tag-s7","tag-screening_general","tag-warszawa","tag-wiadomosci"],"share_on_mastodon":{"url":"https:\/\/pubeurope.com\/@pl\/116320445719780190","error":""},"_links":{"self":[{"href":"https:\/\/www.europesays.com\/pl\/wp-json\/wp\/v2\/posts\/336794","targetHints":{"allow":["GET"]}}],"collection":[{"href":"https:\/\/www.europesays.com\/pl\/wp-json\/wp\/v2\/posts"}],"about":[{"href":"https:\/\/www.europesays.com\/pl\/wp-json\/wp\/v2\/types\/post"}],"author":[{"embeddable":true,"href":"https:\/\/www.europesays.com\/pl\/wp-json\/wp\/v2\/users\/2"}],"replies":[{"embeddable":true,"href":"https:\/\/www.europesays.com\/pl\/wp-json\/wp\/v2\/comments?post=336794"}],"version-history":[{"count":0,"href":"https:\/\/www.europesays.com\/pl\/wp-json\/wp\/v2\/posts\/336794\/revisions"}],"wp:featuredmedia":[{"embeddable":true,"href":"https:\/\/www.europesays.com\/pl\/wp-json\/wp\/v2\/media\/336795"}],"wp:attachment":[{"href":"https:\/\/www.europesays.com\/pl\/wp-json\/wp\/v2\/media?parent=336794"}],"wp:term":[{"taxonomy":"category","embeddable":true,"href":"https:\/\/www.europesays.com\/pl\/wp-json\/wp\/v2\/categories?post=336794"},{"taxonomy":"post_tag","embeddable":true,"href":"https:\/\/www.europesays.com\/pl\/wp-json\/wp\/v2\/tags?post=336794"}],"curies":[{"name":"wp","href":"https:\/\/api.w.org\/{rel}","templated":true}]}}