{"id":336920,"date":"2026-03-31T00:02:28","date_gmt":"2026-03-31T00:02:28","guid":{"rendered":"https:\/\/www.europesays.com\/pl\/336920\/"},"modified":"2026-03-31T00:02:28","modified_gmt":"2026-03-31T00:02:28","slug":"niewiadow-polska-grupa-militarna-wkrotce-zadebiutuje-na-glownym-rynku-gpw","status":"publish","type":"post","link":"https:\/\/www.europesays.com\/pl\/336920\/","title":{"rendered":"Niewiad\u00f3w Polska Grupa Militarna wkr\u00f3tce zadebiutuje na g\u0142\u00f3wnym rynku GPW"},"content":{"rendered":"<p>Komisja Nadzoru Finansowego (KNF) zatwierdzi\u0142a prospekt emisyjny Niewiad\u00f3w Polska Grupa Militarna. Sp\u00f3\u0142ka przeniesie notowania akcji z rynku NewConnect na g\u0142\u00f3wny parkiet Gie\u0142dy Papier\u00f3w Warto\u015bciowych w Warszawie. Debiutowi nie b\u0119dzie towarzyszy\u0107 oferta akcji.<\/p>\n<p>Niewiad\u00f3w PGM dzia\u0142a w sektorze technologii cywilno-militarnych. Sp\u00f3\u0142ka powsta\u0142a w wyniku po\u0142\u0105czenia Polskiej Grupy Militarnej oraz Grupy Niewiad\u00f3w, tworz\u0105c szybko rozwijaj\u0105cy si\u0119 podmiot w krajowym sektorze obronnym. G\u0142\u00f3wnym celem grupy jest budowa polskiej suwerenno\u015bci amunicyjnej i produkcja amunicji wielkokalibrowej, przede wszystkim pocisk\u00f3w 155 mm oraz 40 mm w standardzie NATO.<\/p>\n<p>Nasz\u0105 ambicj\u0105 jest zaj\u0119cie pozycji kluczowego partnera w procesie rozbudowy potencja\u0142u obronnego Polski i NATO \u2013 nie tylko poprzez masow\u0105 produkcj\u0119 pocisk\u00f3w 155 mm i 40 mm, ale tak\u017ce poprzez realizacj\u0119 innych projekt\u00f3w o wysokim potencjale technologicznym, kt\u00f3re realnie wzmocni\u0105 bezpiecze\u0144stwo wschodniej flanki Sojuszu. Chcemy, aby Niewiad\u00f3w PGM by\u0142 kojarzony z nowoczesno\u015bci\u0105, stabilno\u015bci\u0105 i strategicznym znaczeniem dla europejskiego przemys\u0142u zbrojeniowego<\/p>\n<p>\u2013 m\u00f3wi Adam Januszko, Prezes Zarz\u0105du Niewiad\u00f3w Polska Grupa Militarna.\u00a0<\/p>\n<p>Sp\u00f3\u0142ka realizuje strategiczne cele inwestycyjne m.in. dzi\u0119ki partnerstwu joint venture z funduszem Forum 119 (Grupa Fidera), kt\u00f3re zapewni\u0142o finansowanie na poziomie 310 mln z\u0142. Z tej kwoty 250 mln z\u0142 trafi na budow\u0119 zrobotyzowanej fabryki amunicji 155 mm, zdolnej produkowa\u0107 do 180 tys. sztuk rocznie, a 60 mln z\u0142 zasili produkcj\u0119 pocisk\u00f3w 40 mm.<\/p>\n<p><a class=\"see-also-link\" href=\"https:\/\/strefainwestorow.pl\/debiut-ipo\/farminnovations-newconnect-debiut-plany\" rel=\"nofollow noopener\" target=\"_blank\">Debiut Farm Innovations na NewConnect w poniedzia\u0142ek. Sp\u00f3\u0142ka chce wej\u015b\u0107 w obszar zwierz\u0105t domowych<\/a><\/p>\n<p>Zatwierdzenie prospektu emisyjnego przez KNF to dla nas sygna\u0142 najwy\u017cszego zaufania ze strony regulatora i jasny dow\u00f3d na to, \u017ce Niewiad\u00f3w sta\u0142 si\u0119 dojrza\u0142ym, transparentnym graczem na rynku kapita\u0142owym. Debiut na G\u0142\u00f3wnym Rynku GPW radykalnie podnosi nasz\u0105 wiarygodno\u015b\u0107 w oczach globalnych inwestor\u00f3w oraz strategicznych partner\u00f3w z sektora obronnego, otwieraj\u0105c jednocze\u015bnie szerok\u0105 perspektyw\u0119 pozyskiwania finansowania na kolejne etapy ekspansji<\/p>\n<p>\u2013 dodaje Adam Januszko<\/p>\n<p class=\"text-align-center\">Niewiad\u00f3w Grupa Militarna<\/p>\n<p>              <a href=\"https:\/\/www.europesays.com\/pl\/wp-content\/uploads\/2026\/03\/gns_1_1.png\" class=\"photoswipe\" data-pswp-width=\"1097\" data-pswp-height=\"646\">  <img decoding=\"async\" title=\"Niewiad\u00f3w Grupa Militarna\" alt=\"Niewiad\u00f3w Grupa Militarna\" loading=\"lazy\" src=\"https:\/\/www.europesays.com\/pl\/wp-content\/uploads\/2026\/03\/gns_1_1.png\" width=\"1097\" height=\"646\"\/><\/p>\n<p><\/a><\/p>\n<p>Nowy rozdzia\u0142: przej\u015bcie na g\u0142\u00f3wny rynek GPW<\/p>\n<p>Zatwierdzenie prospektu przez KNF jest pierwszym krokiem do zmiany parkietu i przeniesieniu notowa\u0144 akcji na g\u0142\u00f3wny rynek GPW. Przej\u015bcie na rynek regulowany ma u\u0142atwi\u0107 w przysz\u0142o\u015bci pozyskiwanie kapita\u0142u na kolejne etapy ekspansji i umocnienie pozycji kluczowego partnera dla polskiej armii oraz si\u0142 NATO.<\/p>\n<p>Dok\u0142adna data debiutu na g\u0142\u00f3wnym rynku nie zosta\u0142a jeszcze wyznaczona, jednak sp\u00f3\u0142ka ju\u017c jest w pe\u0142ni przygotowana do tego procesu operacyjnie i formalnie. Samo przeniesienie notowa\u0144 z rynku NewConnect na g\u0142\u00f3wny parkiet GPW odb\u0119dzie si\u0119 bez emisji nowych akcji.<\/p>\n<p><a class=\"see-also-link\" href=\"https:\/\/strefainwestorow.pl\/podcast\/procent-skladany\/synektik-cezary-kozanecki\" rel=\"nofollow noopener\" target=\"_blank\">Synektik po podziale: przysz\u0142o\u015b\u0107 robot\u00f3w chirurgicznych i debiut Syn2bio \u2013 Cezary Kozanecki | Procent Sk\u0142adany<\/a><\/p>\n","protected":false},"excerpt":{"rendered":"Komisja Nadzoru Finansowego (KNF) zatwierdzi\u0142a prospekt emisyjny Niewiad\u00f3w Polska Grupa Militarna. Sp\u00f3\u0142ka przeniesie notowania akcji z rynku NewConnect&hellip;\n","protected":false},"author":2,"featured_media":336921,"comment_status":"","ping_status":"","sticky":false,"template":"","format":"standard","meta":{"footnotes":"","_share_on_mastodon":"0"},"categories":[12],"tags":[56424,56423,18786,19089,56422,42,38,40,39,41],"class_list":["post-336920","post","type-post","status-publish","format-standard","has-post-thumbnail","category-polska","tag-debiut-gpw","tag-debiut-niewiadow-polska-grupa-militarna","tag-debiuty-na-gpw","tag-ipo","tag-niewiadow-polska-grupa-militarna-debiut","tag-pl","tag-poland","tag-polish","tag-polska","tag-polski"],"share_on_mastodon":{"url":"https:\/\/pubeurope.com\/@pl\/116320858496578546","error":""},"_links":{"self":[{"href":"https:\/\/www.europesays.com\/pl\/wp-json\/wp\/v2\/posts\/336920","targetHints":{"allow":["GET"]}}],"collection":[{"href":"https:\/\/www.europesays.com\/pl\/wp-json\/wp\/v2\/posts"}],"about":[{"href":"https:\/\/www.europesays.com\/pl\/wp-json\/wp\/v2\/types\/post"}],"author":[{"embeddable":true,"href":"https:\/\/www.europesays.com\/pl\/wp-json\/wp\/v2\/users\/2"}],"replies":[{"embeddable":true,"href":"https:\/\/www.europesays.com\/pl\/wp-json\/wp\/v2\/comments?post=336920"}],"version-history":[{"count":0,"href":"https:\/\/www.europesays.com\/pl\/wp-json\/wp\/v2\/posts\/336920\/revisions"}],"wp:featuredmedia":[{"embeddable":true,"href":"https:\/\/www.europesays.com\/pl\/wp-json\/wp\/v2\/media\/336921"}],"wp:attachment":[{"href":"https:\/\/www.europesays.com\/pl\/wp-json\/wp\/v2\/media?parent=336920"}],"wp:term":[{"taxonomy":"category","embeddable":true,"href":"https:\/\/www.europesays.com\/pl\/wp-json\/wp\/v2\/categories?post=336920"},{"taxonomy":"post_tag","embeddable":true,"href":"https:\/\/www.europesays.com\/pl\/wp-json\/wp\/v2\/tags?post=336920"}],"curies":[{"name":"wp","href":"https:\/\/api.w.org\/{rel}","templated":true}]}}