{"id":337822,"date":"2026-03-31T11:18:08","date_gmt":"2026-03-31T11:18:08","guid":{"rendered":"https:\/\/www.europesays.com\/pl\/337822\/"},"modified":"2026-03-31T11:18:08","modified_gmt":"2026-03-31T11:18:08","slug":"informator-stolicy-zmiany-na-remontowanym-odcinku-ul-zytniej-na-woli-prace-potrwaja-do-polowy-kwietnia","status":"publish","type":"post","link":"https:\/\/www.europesays.com\/pl\/337822\/","title":{"rendered":"Informator Stolicy &#8211; Zmiany na remontowanym odcinku ul. \u017bytniej na Woli. Prace potrwaj\u0105 do po\u0142owy kwietnia"},"content":{"rendered":"<p style=\"text-align:justify\">Remont chodnika przy ul. \u017bytniej, na odcinku mi\u0119dzy Skwerem kardyna\u0142a Stefana Wyszy\u0144skiego a ul. \u017belazn\u0105 rozpocz\u0105\u0142 si\u0119 5 marca i wi\u0105za\u0142 si\u0119 konieczno\u015bci\u0105 zamkni\u0119cia fragmentu chodnika. Kolejnym etapem prac b\u0119dzie wprowadzenie ruchu jednokierunkowego na jezdni. Roboty potrwaj\u0105 do po\u0142owy kwietnia.<\/p>\n<p style=\"text-align:justify\">&#8211; Piesi b\u0119d\u0105 wtedy chodzili wygodniejszym i bezpieczniejszym chodnikiem, kt\u00f3ry pos\u0142u\u017cy przez lata. &#8211; podkre\u015bla w komunikacie ZDM.<\/p>\n<p style=\"text-align:justify\">Zamkni\u0119ty chodnik, a tak\u017ce objazdy<\/p>\n<p style=\"text-align:justify\">W \u015brod\u0119, 1 kwietnia, oko\u0142o godz. 9.00 zamkni\u0119ty zostanie chodnik po nieparzystej stronie ulicy. Dla pieszych udost\u0119pniony zostanie wygrodzony fragment jezdni.<\/p>\n<p style=\"text-align:justify\">Na ul. \u017bytniej, pomi\u0119dzy Skwerem Wyszy\u0144skiego a ul. Wolno\u015bci nie b\u0119dzie mo\u017cliwo\u015bci parkowania. Kierowcy b\u0119d\u0105 mogli przejecha\u0107 t\u0119dy wy\u0142\u0105cznie w kierunku ul. \u017belaznej. Dodatkowo z ul. Wolno\u015bci nie b\u0119dzie mo\u017cna skr\u0119ci\u0107 w stron\u0119 ul. Okopowej, natomiast od ul. \u017belaznej trzeba b\u0119dzie pojecha\u0107 w ul. Wolno\u015bci. <\/p>\n<p style=\"text-align:justify\">Objazdy do ul. Okopowej poprowadz\u0105 ul. \u017belazn\u0105 i Alej\u0105 \u201cSolidarno\u015bci\u201d lub tras\u0105 przez ulice Wolno\u015bci, Bellottiego i Dzieln\u0105. <\/p>\n<p style=\"text-align:justify\">\u00a0<\/p>\n<p style=\"text-align:justify\">fot. infoulice<\/p>\n<p>\u00a0<\/p>\n","protected":false},"excerpt":{"rendered":"Remont chodnika przy ul. \u017bytniej, na odcinku mi\u0119dzy Skwerem kardyna\u0142a Stefana Wyszy\u0144skiego a ul. \u017belazn\u0105 rozpocz\u0105\u0142 si\u0119 5&hellip;\n","protected":false},"author":2,"featured_media":337823,"comment_status":"","ping_status":"","sticky":false,"template":"","format":"standard","meta":{"footnotes":"","_share_on_mastodon":"0"},"categories":[51605],"tags":[56757,42,38,40,39,41,56756,9043,435,55490],"class_list":["post-337822","post","type-post","status-publish","format-standard","has-post-thumbnail","category-warszawa","tag-dzielnica-wola","tag-pl","tag-poland","tag-polish","tag-polska","tag-polski","tag-remont-chodnika-przy-ul-zytniej","tag-remonty","tag-warszawa","tag-zarzad-drog-miejskich"],"share_on_mastodon":{"url":"https:\/\/pubeurope.com\/@pl\/116323516643953473","error":""},"_links":{"self":[{"href":"https:\/\/www.europesays.com\/pl\/wp-json\/wp\/v2\/posts\/337822","targetHints":{"allow":["GET"]}}],"collection":[{"href":"https:\/\/www.europesays.com\/pl\/wp-json\/wp\/v2\/posts"}],"about":[{"href":"https:\/\/www.europesays.com\/pl\/wp-json\/wp\/v2\/types\/post"}],"author":[{"embeddable":true,"href":"https:\/\/www.europesays.com\/pl\/wp-json\/wp\/v2\/users\/2"}],"replies":[{"embeddable":true,"href":"https:\/\/www.europesays.com\/pl\/wp-json\/wp\/v2\/comments?post=337822"}],"version-history":[{"count":0,"href":"https:\/\/www.europesays.com\/pl\/wp-json\/wp\/v2\/posts\/337822\/revisions"}],"wp:featuredmedia":[{"embeddable":true,"href":"https:\/\/www.europesays.com\/pl\/wp-json\/wp\/v2\/media\/337823"}],"wp:attachment":[{"href":"https:\/\/www.europesays.com\/pl\/wp-json\/wp\/v2\/media?parent=337822"}],"wp:term":[{"taxonomy":"category","embeddable":true,"href":"https:\/\/www.europesays.com\/pl\/wp-json\/wp\/v2\/categories?post=337822"},{"taxonomy":"post_tag","embeddable":true,"href":"https:\/\/www.europesays.com\/pl\/wp-json\/wp\/v2\/tags?post=337822"}],"curies":[{"name":"wp","href":"https:\/\/api.w.org\/{rel}","templated":true}]}}