{"id":338273,"date":"2026-03-31T15:58:15","date_gmt":"2026-03-31T15:58:15","guid":{"rendered":"https:\/\/www.europesays.com\/pl\/338273\/"},"modified":"2026-03-31T15:58:15","modified_gmt":"2026-03-31T15:58:15","slug":"tej-tajemnicy-nie-zna-nawet-iga-swiatek-polska-w-grze-o-piatego-szlema-2","status":"publish","type":"post","link":"https:\/\/www.europesays.com\/pl\/338273\/","title":{"rendered":"Tej tajemnicy nie zna nawet Iga \u015awi\u0105tek. Polska w grze o &#8222;pi\u0105tego szlema&#8221;"},"content":{"rendered":"<p>Znany ameryka\u0144ski dziennikarz Ben Rothenberg <a href=\"https:\/\/przegladsportowy.onet.pl\/tenis\/zmiana-gospodarza-wta-finals-oto-kto-ma-przejac-wielki-turniej\/88476bt\" id=\"3e671934-eebc-40dd-85f8-8893c9a05bcf\" rel=\"nofollow noopener\" target=\"_blank\">poinformowa\u0142 w poniedzia\u0142ek<\/a>, \u017ce walka o przej\u0119cie praw do organizacji WTA Finals \u2013 kt\u00f3re w tym roku po raz ostatni go\u015bci\u0107 b\u0119d\u0105 w Rijadzie \u2013 jest ju\u017c na ostatniej prostej, a zdecydowanym faworytem ma by\u0107 ameryka\u0144skie Charlotte.<\/p>\n<p>Wed\u0142ug naszych informacji, to tylko cz\u0119\u015b\u0107 prawdy. R\u00f3wnie wysoko stoj\u0105 bowiem akcje Gda\u0144ska, a WTA ma wiele powod\u00f3w, by wr\u00f3ci\u0107 do Europy. Cho\u0107 koszt turnieju jest gigantyczny. Ale po kolei.<\/p>\n<p class=\"Paragraph_desktopParagraph__U31Gm\">WTA Finals to po wielkich szlemach najwa\u017cniejszy turniej roku, mo\u017cna go nawet nazwa\u0107 pi\u0105tym szlemem, bo wygrana na koniec roku, w elitarnym gronie najlepszych zawodniczek sezonu jest wyj\u0105tkowym osi\u0105gni\u0119ciem. Jeszcze w 2026 r. odb\u0119dzie si\u0119 w Rijadzie, ale Saudyjczykom ko\u0144czy si\u0119 licencja.<\/p>\n<p class=\"Paragraph_desktopParagraph__U31Gm\">WTA pierwsze rozmowy z zainteresowanymi do jej przej\u0119cia prowadzi\u0142a ju\u017c pod koniec 2025 r. Wed\u0142ug naszych informacji, Polski Zwi\u0105zek Tenisowy od pocz\u0105tku by\u0142 w powa\u017cnej grze, obok Charlotte i Pragi.<\/p>\n<p>Do Polski przylatuje delegacja z WTA. 16 mln dol. \u2013 tyle musi by\u0107 w puli nagr\u00f3d <\/p>\n<p class=\"Paragraph_desktopParagraph__U31Gm\">Dzi\u015b \u2013 na kilka tygodni przed ostateczn\u0105 decyzj\u0105 \u2013 Czesi wypadli z grona kandydat\u00f3w. S\u0105 tylko Stany Zjednoczone i Polska. W gr\u0119 wchodzi licencja na co najmniej trzy lata (2027\u20132029). Decyzja ma zapa\u015b\u0107 pod koniec kwietnia, a og\u0142oszona zostanie najp\u00f3\u017aniej przy okazji turnieju Roland Garros w Pary\u017cu (19 maja \u2013 7 czerwca).<\/p>\n<p class=\"Paragraph_desktopParagraph__U31Gm\">Jak uda\u0142o nam si\u0119 dowiedzie\u0107, w najbli\u017cszych dniach przyleci do Polski silna delegacja WTA, z dyrektor generaln\u0105 Porti\u0105 Archer. W planach jest przede wszystkim Gda\u0144sk i wizytacja ERGO Areny, kt\u00f3ra mia\u0142aby go\u015bci\u0107 najlepsze tenisistki \u015bwiata. Co istotne, nie pierwsza. Wed\u0142ug naszych informacji, obiekt by\u0142 ju\u017c wst\u0119pnie sprawdzany i dosta\u0142 zielone \u015bwiat\u0142o.<\/p>\n<p><img decoding=\"async\" class=\"Image_image__0tuHp Image_autoHeight__f2n87 \" height=\"545\" width=\"819\" src=\"https:\/\/www.europesays.com\/pl\/wp-content\/uploads\/2026\/03\/Ba_k9kpTURBXy9lNTEyYTE3ZWIyNjg1ODg2MmRiMTVlYTgzYjEwNmU5Mi5qcGeTlQMAAM0DM80CIZUCzQOsAMLDlQIAzQJLwsPeA.jpeg\" alt=\"Ergo Arena\" loading=\"lazy\" \/>newspix.pl<\/p>\n<p>Ergo Arena<\/p>\n<p class=\"Paragraph_desktopParagraph__U31Gm\">Nie wiemy, ile trzeba zap\u0142aci\u0107 za licencj\u0119 na organizacj\u0119 WTA Finals, ale najwi\u0119kszym kosztem jest tu pula nagr\u00f3d, kt\u00f3r\u0105 gospodarz musi pokry\u0107 w pe\u0142ni. Wynosi ona 16 mln dol (prawie 60 mln z\u0142) i WTA chce, by ka\u017cdego roku ros\u0142a.<\/p>\n<p>Oto rywal Polski w wy\u015bcigu o WTA Finals. &#8222;Dom Igi \u015awi\u0105tek&#8221; ma jedn\u0105 przewag\u0119 <\/p>\n<p class=\"Paragraph_desktopParagraph__U31Gm\">Charlotte od kilku lat pr\u00f3buje pozyska\u0107 du\u017ce tenisowe wydarzenie. By\u0142y plany, by przeni\u00f3s\u0142 si\u0119 tu turniej ATP i WTA z Cincinnati, ale spe\u0142z\u0142y na niczym. Miasto kusi rozmachem rodem z NBA, bo mecze WTA Finals mia\u0142yby si\u0119 odbywa\u0107 w hali Spectrum Center, w kt\u00f3rej na co dzie\u0144 gra zesp\u00f3\u0142 Charlotte Hornets.<\/p>\n<p class=\"Paragraph_desktopParagraph__U31Gm\">Z drugiej strony, Polska mo\u017ce upatrywa\u0107 swych szans w kluczu geograficznym. Trzy z czterech najlepszych tenisistek w rankingu WTA pochodz\u0105 z Europy \u015arodkowo-Wschodniej: Aryna Sabalenka (nr 1), Jelena Rybakina (2) i Iga \u015awi\u0105tek (4). Poza tym, turnieju mistrzy\u0144 nie by\u0142o na Starym Kontynencie od 2013 r. i Stambu\u0142u.<\/p>\n<p class=\"Paragraph_desktopParagraph__U31Gm\">Od tego czasu WTA Finals b\u0142\u0105kaj\u0105 si\u0119 po \u015bwiecie, z r\u00f3\u017cnym skutkiem. O ile turnieje w Singapurze by\u0142y sukcesem, o tyle Guadalajara, Fort Worth, Cancun (tu, w 2023 r. wygra\u0142a Iga \u015awi\u0105tek) i Rijad przynios\u0142y problemy z infrastruktur\u0105, pogod\u0105 czy zainteresowaniem kibic\u00f3w.<\/p>\n<p><img decoding=\"async\" class=\"Image_image__0tuHp Image_autoHeight__f2n87 \" height=\"587\" width=\"821\" src=\"https:\/\/www.europesays.com\/pl\/wp-content\/uploads\/2026\/03\/Md5k9kpTURBXy9mYWRkYmQ0OTJmNTMxY2NjNzk4Zjk2MDljNmNjMWQ0Yy5qcGeSlQLNA6wAwsOVAgDNAkvCw94AA6EwAaExAaEzw.jpeg\" alt=\"Iga \u015awi\u0105tek podczas WTA Finals w Cancun, 2023 r.\" loading=\"lazy\" \/>Arur Widak \/ Getty Images<\/p>\n<p>Iga \u015awi\u0105tek podczas WTA Finals w Cancun, 2023 r.<\/p>\n<p class=\"Paragraph_desktopParagraph__U31Gm\">W &#8222;domu Igi \u015awiatek&#8221; nie powinno by\u0107 z tym \u017cadnego problemu. Gda\u0144sk jest te\u017c znakomicie skomunikowany z reszt\u0105 Europy, co pozwoli\u0142oby na przylot fan\u00f3w z ca\u0142ego kontynentu.<\/p>\n<p class=\"Paragraph_desktopParagraph__U31Gm\">Trzeba zauwa\u017cy\u0107, \u017ce z polskiego punktu widzenia trzyletnia licencja wi\u0105\u017ce si\u0119 z pewnym ryzykiem. W tej chwili Iga \u015awi\u0105tek jest w rocznym rankingu WTA Race dopiero 11., a prawo gry w fina\u0142ach uzyskuje tylko osiem najlepszych tenisistek i osiem par deblowych.<\/p>\n<p class=\"Paragraph_desktopParagraph__U31Gm\">Polski Zwi\u0105zek Tenisowy poinformowa\u0142, \u017ce nie b\u0119dzie komentowa\u0142 naszych informacji o planach organizacji WTA Finals.<\/p>\n","protected":false},"excerpt":{"rendered":"Znany ameryka\u0144ski dziennikarz Ben Rothenberg poinformowa\u0142 w poniedzia\u0142ek, \u017ce walka o przej\u0119cie praw do organizacji WTA Finals \u2013&hellip;\n","protected":false},"author":2,"featured_media":338274,"comment_status":"","ping_status":"","sticky":false,"template":"","format":"standard","meta":{"footnotes":"","_share_on_mastodon":"0"},"categories":[52122],"tags":[56,56835,1048,252,67,53,52,68,51,55,6010,752,42,38,40,39,41,47,127,156,50,1505],"class_list":["post-338273","post","type-post","status-publish","format-standard","has-post-thumbnail","category-pko-bank-polski","tag-article_premium","tag-ergo_arena","tag-gdansk","tag-iga_swiatek","tag-intextvideo_splayer","tag-new_header","tag-onet3","tag-onet3d","tag-onet3d_2i","tag-phx","tag-pko-bank-polski","tag-pko-bp","tag-pl","tag-poland","tag-polish","tag-polska","tag-polski","tag-screening_general","tag-sport","tag-tenis","tag-v2021","tag-wta_finals"],"share_on_mastodon":{"url":"https:\/\/pubeurope.com\/@pl\/116324617928849264","error":""},"_links":{"self":[{"href":"https:\/\/www.europesays.com\/pl\/wp-json\/wp\/v2\/posts\/338273","targetHints":{"allow":["GET"]}}],"collection":[{"href":"https:\/\/www.europesays.com\/pl\/wp-json\/wp\/v2\/posts"}],"about":[{"href":"https:\/\/www.europesays.com\/pl\/wp-json\/wp\/v2\/types\/post"}],"author":[{"embeddable":true,"href":"https:\/\/www.europesays.com\/pl\/wp-json\/wp\/v2\/users\/2"}],"replies":[{"embeddable":true,"href":"https:\/\/www.europesays.com\/pl\/wp-json\/wp\/v2\/comments?post=338273"}],"version-history":[{"count":0,"href":"https:\/\/www.europesays.com\/pl\/wp-json\/wp\/v2\/posts\/338273\/revisions"}],"wp:featuredmedia":[{"embeddable":true,"href":"https:\/\/www.europesays.com\/pl\/wp-json\/wp\/v2\/media\/338274"}],"wp:attachment":[{"href":"https:\/\/www.europesays.com\/pl\/wp-json\/wp\/v2\/media?parent=338273"}],"wp:term":[{"taxonomy":"category","embeddable":true,"href":"https:\/\/www.europesays.com\/pl\/wp-json\/wp\/v2\/categories?post=338273"},{"taxonomy":"post_tag","embeddable":true,"href":"https:\/\/www.europesays.com\/pl\/wp-json\/wp\/v2\/tags?post=338273"}],"curies":[{"name":"wp","href":"https:\/\/api.w.org\/{rel}","templated":true}]}}