{"id":338312,"date":"2026-03-31T16:21:11","date_gmt":"2026-03-31T16:21:11","guid":{"rendered":"https:\/\/www.europesays.com\/pl\/338312\/"},"modified":"2026-03-31T16:21:11","modified_gmt":"2026-03-31T16:21:11","slug":"podwojne-zabojstwo-w-wolominie-19-letni-gracjan-o-z-zarzutem","status":"publish","type":"post","link":"https:\/\/www.europesays.com\/pl\/338312\/","title":{"rendered":"Podw\u00f3jne zab\u00f3jstwo w Wo\u0142ominie. 19-letni Gracjan O. z zarzutem"},"content":{"rendered":"<p class=\"Paragraph_desktopParagraph__U31Gm\">Jak <a href=\"https:\/\/wiadomosci.onet.pl\/warszawa\/tragiczne-odkrycie-w-wolominie-nie-zyja-dwie-osoby\/gwe4212\" id=\"ffda5099-9793-4010-973c-b84415829135\" rel=\"nofollow noopener\" target=\"_blank\">podawali\u015bmy ju\u017c w Onecie<\/a>, do tej tragedii dosz\u0142o w poniedzia\u0142ek, 30 marca, w Wo\u0142ominie pod Warszaw\u0105. Zg\u0142oszenie wp\u0142yn\u0119\u0142o do policji tego dnia rano.<\/p>\n<p>19-letni wnuczek us\u0142ysza\u0142 zarzut zab\u00f3jstwa dziadk\u00f3w <\/p>\n<p class=\"Paragraph_desktopParagraph__U31Gm\">\u2014 Wynika\u0142o z niego, \u017ce w jednym z blok\u00f3w na terenie Wo\u0142omina dosz\u0142o do tragicznego zdarzenia, z kt\u00f3rym powi\u0105zana jest \u015bmier\u0107 dw\u00f3ch os\u00f3b. Na miejsce natychmiast zadysponowano patrol policji, kt\u00f3ry potwierdzi\u0142, \u017ce w mieszkaniu znajduj\u0105 si\u0119 cia\u0142a dw\u00f3ch starszych os\u00f3b oraz ranny m\u0142ody m\u0119\u017cczyzna. Zosta\u0142 on przewieziony do szpitala \u2014 m\u00f3wi\u0142a Onetowi podkom. Monika Kaczy\u0144ska z Komendy Powiatowej Policji w Wo\u0142ominie.<\/p>\n<p class=\"Paragraph_desktopParagraph__U31Gm\">ZOBACZ R\u00d3WNIE\u017b: <a href=\"https:\/\/wiadomosci.onet.pl\/warszawa\/tragiczne-odkrycie-w-wolominie-nie-zyja-dwie-osoby\/gwe4212\" id=\"f2f6a1c2-c5bf-4059-a958-f435cf7b91fb\" rel=\"nofollow noopener\" target=\"_blank\">Tragiczne odkrycie w Wo\u0142ominie. Nie \u017cyj\u0105 dwie osoby<\/a><\/p>\n<p class=\"Paragraph_desktopParagraph__U31Gm\">Z nieoficjalnych informacji Onetu wynika, \u017ce w weekend do dziadk\u00f3w zamieszka\u0142ych w jednym z blok\u00f3w przy ul. Mieszka I w Wo\u0142ominie przyjecha\u0142 19-letni wnuczek, Gracjan O. Jak ustalili\u015bmy, m\u0119\u017cczyzna sam zadzwoni\u0142 w poniedzia\u0142ek rano na numer alarmowy i powiedzia\u0142, \u017ce potrzebna jest pomoc, bo dosz\u0142o do tragedii.<\/p>\n<p class=\"VideoPlayerText_videoPlayerText__iDwyz\">Dalszy ci\u0105g materia\u0142u pod wideo<\/p>\n<p class=\"Paragraph_desktopParagraph__U31Gm\">Kiedy policjanci dotarli na miejsce, okaza\u0142o si\u0119, \u017ce we wskazanym mieszkaniu znajduj\u0105 si\u0119 zw\u0142oki dw\u00f3ch os\u00f3b w wieku ponad 70 lat. Trzeci\u0105 osob\u0105 w lokalu by\u0142 w\u0142a\u015bnie wspomniany 19-latek. By\u0142 ranny. Trafi\u0142 do szpitala. Dzi\u015b lekarze zdecydowali, \u017ce jego stan zdrowia pozwala na przes\u0142uchanie.<\/p>\n<p class=\"Paragraph_desktopParagraph__U31Gm\">ZOBACZ R\u00d3WNIE\u017b: <a href=\"https:\/\/wiadomosci.onet.pl\/warszawa\/19-latek-mial-zabic-babcie-i-dziadka-w-wolominie-nowe-informacje\/gyqmrbb\" id=\"f1d61771-b175-4d1d-b370-cf35e6b52a0a\" rel=\"nofollow noopener\" target=\"_blank\">19-latek mia\u0142 zabi\u0107 babci\u0119 i dziadka w Wo\u0142ominie. Nowe informacje<\/a><\/p>\n<p class=\"Paragraph_desktopParagraph__U31Gm\">\u2014 Jego stan jest stabilny, a jego \u017cyciu nie zagra\u017ca niebezpiecze\u0144stwo. M\u0119\u017cczy\u017anie przedstawione zosta\u0142y zarzuty podw\u00f3jnego zab\u00f3jstwa. Chodzi o czyn z art. 148, paragraf 1, kodeksu karnego \u2014 powiedzia\u0142a nam prok. Karolina Staros, rzeczniczka Prokuratury Okr\u0119gowej Warszawa \u2014 Praga.<\/p>\n<p>Gracjan O. nie przyzna\u0142 si\u0119 do winy <\/p>\n<p class=\"Paragraph_desktopParagraph__U31Gm\">\u2014 Czynno\u015bci z udzia\u0142em 19-latka zosta\u0142y ju\u017c zako\u0144czone. M\u0119\u017cczyzna nie przyzna\u0142 si\u0119 do winy i odm\u00f3wi\u0142 sk\u0142adania wyja\u015bnie\u0144 \u2014 doda\u0142a rzeczniczka.<\/p>\n<p class=\"Paragraph_desktopParagraph__U31Gm\">Jak podawali\u015bmy dzi\u015b rano, \u015bledztwo w tej sprawie rozpocz\u0119\u0142a Prokuratura Rejonowa w Wo\u0142ominie. Zlecona zosta\u0142a sekcja zw\u0142ok starszego ma\u0142\u017ce\u0144stwa. Rozpocz\u0119\u0142a si\u0119 dzi\u015b o godz. 9 i \u2014 jak ustalili\u015bmy \u2014 ju\u017c si\u0119 zako\u0144czy\u0142a. Teraz prokuratura czeka na jej wyniki.<\/p>\n<p class=\"Paragraph_desktopParagraph__U31Gm\">\u2014 Ustalenia bieg\u0142ych i opisanie przez nich charakteru obra\u017ce\u0144 pozwoli na ustalenie okoliczno\u015bci zdarzenia i okre\u015blenie bezpo\u015bredniej przyczyny \u015bmierci tych dw\u00f3ch starszych os\u00f3b oraz jakiego narz\u0119dzia u\u017cyto do zab\u00f3jstwa. Na razie w mieszkaniu zosta\u0142y zabezpieczone no\u017ce. B\u0119dzie dopiero ustalane, czy w\u015br\u00f3d nich jest narz\u0119dzie zbrodni \u2014 t\u0142umaczy prok. Karolina Staros.<\/p>\n<p><img decoding=\"async\" class=\"Image_image__0tuHp Image_autoHeight__f2n87 \" height=\"587\" width=\"782\" src=\"https:\/\/www.europesays.com\/pl\/wp-content\/uploads\/2026\/03\/WSHk9kpTURBXy9jMjhkMWI4NzVkNzM5NzQ5ODJjNGQ1OTM2ODc1OGZmYy5qcGeSlQLNA6wAwsOVAgDNAkvCw94AA6EwAaExAaEzw.jpeg\" alt=\"Drzwi do mieszkania, w kt\u00f3rym dosz\u0142o do tragedii\" loading=\"lazy\" \/>Onet<\/p>\n<p>Drzwi do mieszkania, w kt\u00f3rym dosz\u0142o do tragedii<\/p>\n<p class=\"Paragraph_desktopParagraph__U31Gm\">\u015aledczy na razie nie ujawniaj\u0105, jakie konkretnie obra\u017cenia ma z kolei 19-latek i czy zada\u0142 je sobie sam po prawdopodobnym dokonaniu zab\u00f3jstwa dziadk\u00f3w. Z naszych informacji wynika jednak, \u017ce taka w\u0142a\u015bnie hipoteza jest wst\u0119pnie brana pod uwag\u0119.<\/p>\n<p class=\"Paragraph_desktopParagraph__U31Gm\">Na razie m\u0119\u017cczyzna pozostaje w szpitalu. Prokuratura zamierza wnioskowa\u0107 o tymczasowy areszt dla niego. Zgodnie ze wspomnianym art. 148, par. 1, kodeksu karnego, &#8222;kto zabija cz\u0142owieka, podlega karze pozbawienia wolno\u015bci na czas nie kr\u00f3tszy od lat 10 albo karze do\u017cywotniego pozbawienia wolno\u015bci&#8221;.<\/p>\n","protected":false},"excerpt":{"rendered":"Jak podawali\u015bmy ju\u017c w Onecie, do tej tragedii dosz\u0142o w poniedzia\u0142ek, 30 marca, w Wo\u0142ominie pod Warszaw\u0105. Zg\u0142oszenie&hellip;\n","protected":false},"author":2,"featured_media":338313,"comment_status":"","ping_status":"","sticky":false,"template":"","format":"standard","meta":{"footnotes":"","_share_on_mastodon":"0"},"categories":[5],"tags":[32,33,36,37,27,67,34,35,28,31,53,25,52,68,51,55,42,38,251,40,39,41,47,29,30,50,26,34906,3459],"class_list":["post-338312","post","type-post","status-publish","format-standard","has-post-thumbnail","category-naglowki","tag-breaking-news","tag-breakingnews","tag-featured-news","tag-featurednews","tag-headlines","tag-intextvideo_splayer","tag-latest-news","tag-latestnews","tag-naglowki","tag-najwazniejsze-artykuly","tag-new_header","tag-news","tag-onet3","tag-onet3d","tag-onet3d_2i","tag-phx","tag-pl","tag-poland","tag-policja_policjanci_policjant_policjantka_policjantki","tag-polish","tag-polska","tag-polski","tag-screening_general","tag-top-stories","tag-topstories","tag-v2021","tag-wiadomosci","tag-wolomin","tag-zabojstwo_morderstwo_morderstwa_zabojstwa"],"share_on_mastodon":{"url":"https:\/\/pubeurope.com\/@pl\/116324708075052644","error":""},"_links":{"self":[{"href":"https:\/\/www.europesays.com\/pl\/wp-json\/wp\/v2\/posts\/338312","targetHints":{"allow":["GET"]}}],"collection":[{"href":"https:\/\/www.europesays.com\/pl\/wp-json\/wp\/v2\/posts"}],"about":[{"href":"https:\/\/www.europesays.com\/pl\/wp-json\/wp\/v2\/types\/post"}],"author":[{"embeddable":true,"href":"https:\/\/www.europesays.com\/pl\/wp-json\/wp\/v2\/users\/2"}],"replies":[{"embeddable":true,"href":"https:\/\/www.europesays.com\/pl\/wp-json\/wp\/v2\/comments?post=338312"}],"version-history":[{"count":0,"href":"https:\/\/www.europesays.com\/pl\/wp-json\/wp\/v2\/posts\/338312\/revisions"}],"wp:featuredmedia":[{"embeddable":true,"href":"https:\/\/www.europesays.com\/pl\/wp-json\/wp\/v2\/media\/338313"}],"wp:attachment":[{"href":"https:\/\/www.europesays.com\/pl\/wp-json\/wp\/v2\/media?parent=338312"}],"wp:term":[{"taxonomy":"category","embeddable":true,"href":"https:\/\/www.europesays.com\/pl\/wp-json\/wp\/v2\/categories?post=338312"},{"taxonomy":"post_tag","embeddable":true,"href":"https:\/\/www.europesays.com\/pl\/wp-json\/wp\/v2\/tags?post=338312"}],"curies":[{"name":"wp","href":"https:\/\/api.w.org\/{rel}","templated":true}]}}