{"id":338318,"date":"2026-03-31T16:26:14","date_gmt":"2026-03-31T16:26:14","guid":{"rendered":"https:\/\/www.europesays.com\/pl\/338318\/"},"modified":"2026-03-31T16:26:14","modified_gmt":"2026-03-31T16:26:14","slug":"orlen-odpowiedzial-na-wpis-daniela-obajtka-zamiescil-mem-z-pingwinem","status":"publish","type":"post","link":"https:\/\/www.europesays.com\/pl\/338318\/","title":{"rendered":"Orlen odpowiedzia\u0142 na wpis Daniela Obajtka. Zamie\u015bci\u0142 mem z pingwinem"},"content":{"rendered":"<p>Europose\u0142 PiS i by\u0142y prezes Orlenu Daniel Obajtek zamie\u015bci\u0142 we wtorek na portalu X wpis, w kt\u00f3rym zwr\u00f3ci\u0142 si\u0119 do nowego lidera sp\u00f3\u0142ki Ireneusza F\u0105fara. &#8222;Widz\u0119, \u017ce Pan F\u0105fara ma o 7 otr\u0105bi\u0107 sukces na jednej z warszawskich stacji paliw. To doskona\u0142a okazja, \u017ceby odpowiedzia\u0142 na poni\u017csze pytania&#8221; \u2014 napisa\u0142 polityk.<\/p>\n<p> Dalszy ci\u0105g artyku\u0142u pod materia\u0142em wideo <\/p>\n<p>Pytania Obajtka to:<\/p>\n<p>  &#8222;Dlaczego Orlen \u0142upi Polak\u00f3w? Za czwarty kwarta\u0142 2025 r. koncern na sprzeda\u017cy detalicznej mia\u0142 4 mld z\u0142 zysku operacyjnego, czyli 2 mld z\u0142 wi\u0119cej ni\u017c za PiS  Dlaczego Orlen podni\u00f3s\u0142 ceny hurtowe o oko\u0142o 300 z\u0142 w momencie, gdy trwa\u0142y prace nad ustaw\u0105 obni\u017caj\u0105c\u0105 VAT i akcyz\u0119?  Przez ca\u0142y konflikt na Bliskim Wschodzie Orlen twierdzi, \u017ce dzia\u0142a na minimalnych mar\u017cach, a chyba zapomnia\u0142, \u017ce obok mar\u017cy hurtowej i detalicznej ma jeszcze rafineryjn\u0105. Ta wzros\u0142a ju\u017c w lutym o 20 proc. , z 8,8 dolara w styczniu do 10,5 dol. w lutym. Pytanie, jak wygl\u0105da\u0142a mar\u017ca rafineryjna w marcu?&#8221;         Orlen reaguje na wpis Daniela Obajtka. Zamie\u015bci\u0142 kr\u00f3tk\u0105 odpowied\u017a<\/p>\n<p>Na wpis Obajtka odpowiedzia\u0142o biuro prasowe Orlenu. Sp\u00f3\u0142ka zamie\u015bci\u0142a grafik\u0119 z obra\u017conym pingwinem i napisem &#8222;teraz ju\u017c nie chc\u0119 ta\u0144szego paliwa&#8221;.<\/p>\n<p>&#8222;To ma by\u0107 wasza odpowied\u017a na te 3 pytania? A potraficie co\u015b wi\u0119cej ni\u017c tylko wrzucanie obrazk\u00f3w?&#8221; \u2014 odpowiedzia\u0142 Orlenowi Obajtek.<\/p>\n<p>     Obni\u017cka cen paliw. Jest decyzja rz\u0105duW poniedzia\u0142ek wesz\u0142o w \u017cycie opublikowane w sobot\u0119 rozporz\u0105dzenie Ministra Finans\u00f3w i Gospodarki <a href=\"https:\/\/wiadomosci.onet.pl\/kraj\/od-kiedy-na-stacjach-bedzie-tansze-paliwo-nowe-przepisy-weszly-w-zycie\/eyqcj2k\" id=\"6e661ddf-9642-4546-bba0-36902eef2c80\" rel=\"nofollow noopener\" target=\"_blank\">dotycz\u0105ce obni\u017cki akcyzy na paliwa<\/a>. Zgodnie z nim do 15 kwietnia obni\u017cona akcyza w przypadku benzyn wynosi 1 tys. 239 z\u0142 za 1 tys. litr\u00f3w; w przypadku olej\u00f3w nap\u0119dowych \u2014 880 z\u0142 za 1 tys. litr\u00f3w; w przypadku biokomponent\u00f3w stanowi\u0105cych samoistne paliwa \u2014 880 z\u0142 za 1 tys. litr\u00f3w.     <\/p>\n<p>Rozporz\u0105dzenia zosta\u0142o wydane na podstawie nowelizacji ustawy o podatku akcyzowym, kt\u00f3ra wesz\u0142a w \u017cycie w niedziel\u0119. Nowela umo\u017cliwi\u0142a czasowe, bo do 30 czerwca, obni\u017canie stawek akcyzy na paliwa za pomoc\u0105 rozporz\u0105dzenia.<\/p>\n","protected":false},"excerpt":{"rendered":"Europose\u0142 PiS i by\u0142y prezes Orlenu Daniel Obajtek zamie\u015bci\u0142 we wtorek na portalu X wpis, w kt\u00f3rym zwr\u00f3ci\u0142&hellip;\n","protected":false},"author":2,"featured_media":338319,"comment_status":"","ping_status":"","sticky":false,"template":"","format":"standard","meta":{"footnotes":"","_share_on_mastodon":"0"},"categories":[52097],"tags":[2834,4477,49,48,46,774,5021,42,38,40,39,41,380,47],"class_list":["post-338318","post","type-post","status-publish","format-standard","has-post-thumbnail","category-orlen","tag-ceny","tag-daniel_obajtek","tag-kraj","tag-nat_styl","tag-omp","tag-orlen","tag-paliwo","tag-pl","tag-poland","tag-polish","tag-polska","tag-polski","tag-rzad","tag-screening_general"],"share_on_mastodon":{"url":"https:\/\/pubeurope.com\/@pl\/116324727819234381","error":""},"_links":{"self":[{"href":"https:\/\/www.europesays.com\/pl\/wp-json\/wp\/v2\/posts\/338318","targetHints":{"allow":["GET"]}}],"collection":[{"href":"https:\/\/www.europesays.com\/pl\/wp-json\/wp\/v2\/posts"}],"about":[{"href":"https:\/\/www.europesays.com\/pl\/wp-json\/wp\/v2\/types\/post"}],"author":[{"embeddable":true,"href":"https:\/\/www.europesays.com\/pl\/wp-json\/wp\/v2\/users\/2"}],"replies":[{"embeddable":true,"href":"https:\/\/www.europesays.com\/pl\/wp-json\/wp\/v2\/comments?post=338318"}],"version-history":[{"count":0,"href":"https:\/\/www.europesays.com\/pl\/wp-json\/wp\/v2\/posts\/338318\/revisions"}],"wp:featuredmedia":[{"embeddable":true,"href":"https:\/\/www.europesays.com\/pl\/wp-json\/wp\/v2\/media\/338319"}],"wp:attachment":[{"href":"https:\/\/www.europesays.com\/pl\/wp-json\/wp\/v2\/media?parent=338318"}],"wp:term":[{"taxonomy":"category","embeddable":true,"href":"https:\/\/www.europesays.com\/pl\/wp-json\/wp\/v2\/categories?post=338318"},{"taxonomy":"post_tag","embeddable":true,"href":"https:\/\/www.europesays.com\/pl\/wp-json\/wp\/v2\/tags?post=338318"}],"curies":[{"name":"wp","href":"https:\/\/api.w.org\/{rel}","templated":true}]}}