{"id":339017,"date":"2026-04-01T00:36:14","date_gmt":"2026-04-01T00:36:14","guid":{"rendered":"https:\/\/www.europesays.com\/pl\/339017\/"},"modified":"2026-04-01T00:36:14","modified_gmt":"2026-04-01T00:36:14","slug":"rosja-dala-nam-dwa-miesiace-na-opuszczenie-donbasu","status":"publish","type":"post","link":"https:\/\/www.europesays.com\/pl\/339017\/","title":{"rendered":"Rosja da\u0142a nam dwa miesi\u0105ce na opuszczenie Donbasu"},"content":{"rendered":"\n<p>&#13;<br \/>\nUkrai\u0144ski prezydent powiedzia\u0142, \u017ce\u00a0Rosja poinformowa\u0142a Stany Zjednoczone o\u00a0swoich nowych \u017c\u0105daniach. Wed\u0142ug Ze\u0142enskiego, Moskwa domaga si\u0119 wycofania ukrai\u0144skich wojsk z\u00a0Donbasu w\u00a0ci\u0105gu dw\u00f3ch miesi\u0119cy. W\u00a0przypadku niespe\u0142nienia \u017c\u0105dania, rosyjscy \u017co\u0142nierze maj\u0105 zaj\u0105\u0107 ca\u0142y region. &#13;\n<\/p>\n<p>&#13;<br \/>\n\u2013 Ukraina ma\u00a0dwa miesi\u0105ce na\u00a0wycofanie si\u0119. Wtedy wojna si\u0119 sko\u0144czy. Je\u015bli Ukraina si\u0119 nie\u00a0wycofa, Rosja przejmie Donbas, a\u00a0potem p\u00f3jdzie dalej \u2013\u00a0powiedzia\u0142 Ze\u0142enski. &#13;\n<\/p>\n<p>&#13;<br \/>\nPrzyw\u00f3dca Ukrainy doda\u0142, \u017ce\u00a0gro\u017aby o\u00a0zaj\u0119ciu Donbasu s\u0105 nierealne. Ze\u0142enski wyrazi\u0142 r\u00f3wnie\u017c zdumienie, \u017ce\u00a0cz\u0119\u015b\u0107 ameryka\u0144skich urz\u0119dnik\u00f3w zdaje si\u0119 wierzy\u0107 w\u00a0rosyjskie zapewnienia o\u00a0szybkim zaj\u0119ciu spornego regionu. &#13;\n<\/p>\n<p>Rubio w\u015bciek\u0142y na\u00a0Ze\u0142enskiego<\/p>\n<p>&#13;<br \/>\nZaj\u0119cie Donbasu jest jednym z\u00a0g\u0142\u00f3wnych cel\u00f3w Rosji w\u00a0wojnie z\u00a0Ukrain\u0105. Jak dot\u0105d jednak, uda\u0142o jej si\u0119 przej\u0105\u0107 tylko jego cz\u0119\u015b\u0107. Tymczasem prezydent Ze\u0142enski stwierdzi\u0142 w\u00a0jednym z\u00a0niedawnych wywiad\u00f3w, \u017ce\u00a0USA \u017c\u0105daj\u0105 od\u00a0niego oddania Donbasu w\u00a0zamian za\u00a0ameryka\u0144skie gwarancje bezpiecze\u0144stwa. Sekretarz stanu Marco Rubio skrytykowa\u0142 ukrai\u0144skiego przyw\u00f3dc\u0119 za\u00a0wyg\u0142aszanie takich twierdze\u0144. &#13;\n<\/p>\n<p>&#13;<br \/>\n\u2013 Powiedziano mu bardzo jasno, i\u00a0powinien by\u0142 to\u00a0zrozumie\u0107, \u017ce\u00a0gwarancje bezpiecze\u0144stwa s\u0105 udzielane dopiero po\u00a0zako\u0144czeniu wojny. Nie\u00a0by\u0142o to\u00a0jednak powi\u0105zane z\u00a0warunkiem &#8222;chyba \u017ce\u00a0odda terytorium&#8221;. Nie\u00a0wiem, dlaczego tak m\u00f3wi. To\u00a0po\u00a0prostu nieprawda \u2013\u00a0<a href=\"https:\/\/dorzeczy.pl\/swiat\/866104\/zadania-usa-wobec-ukrainy-rubio-zelenski-klamie.html\" rel=\"nofollow noopener\" target=\"_blank\">argumentowa\u0142 sekretarz stanu<\/a>. &#13;\n<\/p>\n<p>&#13;<br \/>\nJak t\u0142umaczy\u0142, \u017c\u0105dania Moskwa zosta\u0142y przekazane Kijowowi. \u2013\u00a0Poinformowali\u015bmy stron\u0119 ukrai\u0144sk\u0105, na\u00a0co nalegaj\u0105 Rosjanie. Po\u00a0prostu wyja\u015bnili\u015bmy im\u00a0sytuacj\u0119. Powinni sami podj\u0105\u0107 decyzj\u0119. Nie\u00a0do\u00a0nas nale\u017cy decydowanie za\u00a0nich \u2013\u00a0o\u015bwiadczy\u0142 Rubio. &#13;\n<\/p>\n<p>&#13;<br \/>\nWyja\u015bni\u0142, \u017ce\u00a0rol\u0105 USA by\u0142o zrozumienie, czego chc\u0105 obie strony i\u00a0znalezienie mo\u017cliwego rozwi\u0105zania po\u015bredniego. \u2013\u00a0Ostateczna decyzja nale\u017cy do\u00a0Ukrainy. Je\u015bli nie\u00a0b\u0119d\u0105 sk\u0142onni do\u00a0podj\u0119cia pewnych decyzji lub\u00a0ust\u0119pstw, wojna b\u0119dzie kontynuowana. To\u00a0samo dotyczy strony rosyjskiej \u2013\u00a0wskaza\u0142. &#13;\n<\/p>\n<p>&#13;<br \/>\nCzytaj te\u017c:<br \/><a href=\"https:\/\/dorzeczy.pl\/opinie\/867709\/zelenski-zlozyl-putinowi-propozycje-jest-odpowiedz.html\" rel=\"follow nofollow noopener\" data-schema=\"DORZECZY\" data-image=\"https:\/\/img.dorzeczy.pl\/_thumb\/3c\/47\/2aba65a7443d2887c036c7503739.jpeg\" target=\"_blank\">Ze\u0142enski z\u0142o\u017cy\u0142 Putinowi propozycj\u0119. Jest odpowied\u017a Kremla<\/a>Czytaj te\u017c:<br \/><a href=\"https:\/\/dorzeczy.pl\/swiat\/867277\/zelenski-odpowiada-szefowi-rheinmetall-ws-ukrainskich-dronow.html\" rel=\"follow nofollow noopener\" data-schema=\"DORZECZY\" data-image=\"https:\/\/img.dorzeczy.pl\/_thumb\/3d\/66\/73d717xx01f164b5b69f9db4aa53.jpeg\" target=\"_blank\">Ze\u0142enski odpowiada na\u00a0s\u0142owa szefa niemieckiego koncernu o\u00a0Ukrainkach<\/a>&#13;<\/p>\n","protected":false},"excerpt":{"rendered":"&#13; Ukrai\u0144ski prezydent powiedzia\u0142, \u017ce\u00a0Rosja poinformowa\u0142a Stany Zjednoczone o\u00a0swoich nowych \u017c\u0105daniach. Wed\u0142ug Ze\u0142enskiego, Moskwa domaga si\u0119 wycofania ukrai\u0144skich&hellip;\n","protected":false},"author":2,"featured_media":339018,"comment_status":"","ping_status":"","sticky":false,"template":"","format":"standard","meta":{"footnotes":"","_share_on_mastodon":"0"},"categories":[14],"tags":[32,33,2568,98,27,34,35,601,28,31,25,102,40,41,87,80,29,30,57065,26,161,82,83,84,850],"class_list":["post-339017","post","type-post","status-publish","format-standard","has-post-thumbnail","category-swiat","tag-breaking-news","tag-breakingnews","tag-donbas","tag-dorzeczy","tag-headlines","tag-latest-news","tag-latestnews","tag-marcin-bugaj","tag-naglowki","tag-najwazniejsze-artykuly","tag-news","tag-opinie","tag-polish","tag-polski","tag-rosja","tag-swiat","tag-top-stories","tag-topstories","tag-ultimatu","tag-wiadomosci","tag-wojsko","tag-world","tag-world-news","tag-worldnews","tag-zelenski"],"share_on_mastodon":{"url":"https:\/\/pubeurope.com\/@pl\/116326654508467131","error":""},"_links":{"self":[{"href":"https:\/\/www.europesays.com\/pl\/wp-json\/wp\/v2\/posts\/339017","targetHints":{"allow":["GET"]}}],"collection":[{"href":"https:\/\/www.europesays.com\/pl\/wp-json\/wp\/v2\/posts"}],"about":[{"href":"https:\/\/www.europesays.com\/pl\/wp-json\/wp\/v2\/types\/post"}],"author":[{"embeddable":true,"href":"https:\/\/www.europesays.com\/pl\/wp-json\/wp\/v2\/users\/2"}],"replies":[{"embeddable":true,"href":"https:\/\/www.europesays.com\/pl\/wp-json\/wp\/v2\/comments?post=339017"}],"version-history":[{"count":0,"href":"https:\/\/www.europesays.com\/pl\/wp-json\/wp\/v2\/posts\/339017\/revisions"}],"wp:featuredmedia":[{"embeddable":true,"href":"https:\/\/www.europesays.com\/pl\/wp-json\/wp\/v2\/media\/339018"}],"wp:attachment":[{"href":"https:\/\/www.europesays.com\/pl\/wp-json\/wp\/v2\/media?parent=339017"}],"wp:term":[{"taxonomy":"category","embeddable":true,"href":"https:\/\/www.europesays.com\/pl\/wp-json\/wp\/v2\/categories?post=339017"},{"taxonomy":"post_tag","embeddable":true,"href":"https:\/\/www.europesays.com\/pl\/wp-json\/wp\/v2\/tags?post=339017"}],"curies":[{"name":"wp","href":"https:\/\/api.w.org\/{rel}","templated":true}]}}