{"id":339136,"date":"2026-04-01T02:20:09","date_gmt":"2026-04-01T02:20:09","guid":{"rendered":"https:\/\/www.europesays.com\/pl\/339136\/"},"modified":"2026-04-01T02:20:09","modified_gmt":"2026-04-01T02:20:09","slug":"doplata-roczna-dla-ppk-rzad-rusza-z-doplatami","status":"publish","type":"post","link":"https:\/\/www.europesays.com\/pl\/339136\/","title":{"rendered":"Dop\u0142ata roczna dla PPK. Rz\u0105d rusza z dop\u0142atami"},"content":{"rendered":"\n<p>&#13;<br \/>\nPracownicze Plany Kapita\u0142owe (PPK) to\u00a0powszechny system oszcz\u0119dzania dla\u00a0pracownik\u00f3w realizowany przy wsp\u00f3\u0142pracy z\u00a0pracodawcami oraz\u00a0pa\u0144stwem. Pracownice Plany Kapita\u0142owe <a href=\"https:\/\/dorzeczy.pl\/kraj\/107000\/zobacz-o-chodzi-w-ppk-system-wlasnie-rusza.html\" rel=\"nofollow noopener\" target=\"_blank\">uruchomiono w\u00a02019 roku<\/a>. Pocz\u0105tkowo obj\u0119\u0142y najwi\u0119ksze firmy, potem te\u00a0mniejsze, a\u00a0tak\u017ce podmioty z\u00a0sektora pa\u0144stwowego. PPK to\u00a0jeden z\u00a0niewielu program\u00f3w, kt\u00f3ry nie\u00a0zosta\u0142 zawieszony po\u00a0obj\u0119ciu w\u0142adzy przez koalicj\u0119 KO-Trzecia Droga-Lewica. &#13;\n<\/p>\n<p>&#13;<br \/>\nZgodnie z\u00a0za\u0142o\u017ceniami programu, na\u00a0prze\u0142omie marca i\u00a0kwietnia jego uczestnicy otrzymaj\u0105 od\u00a0pa\u0144stwa bonus za\u00a0poprzednik rok. To\u00a0240 z\u0142otych dla\u00a0ka\u017cdego z\u00a02,4 mln Polak\u00f3w oszcz\u0119dzaj\u0105cych w\u00a0PPK. \u0141\u0105czny wydatek bud\u017cetu pa\u0144stwa na\u00a0ten cel to\u00a0572,7 mln z\u0142. &#13;\n<\/p>\n<p>&#13;<br \/>\nWarto wspomnie\u0107, \u017ce\u00a0ka\u017cdy z\u00a0uczestnik\u00f3w otrzyma\u0142 od\u00a0pa\u0144stwa wp\u0142at\u0119 powitaln\u0105 w\u00a0wysoko\u015bci 250 z\u0142. Zosta\u0142a ona przelana na\u00a0jego konto po\u00a0trzech miesi\u0105cach od\u00a0za\u0142o\u017cenia PPK. &#13;\n<\/p>\n<p>PPK w\u00a0praktyce<\/p>\n<p>&#13;<br \/>\nRachunki PPK s\u0105 zasilane wp\u0142atami uczestnika PPK, pracodawcy oraz\u00a0wp\u0142at\u0105 powitaln\u0105 i\u00a0dop\u0142atami rocznymi od\u00a0pa\u0144stwa. Wp\u0142aty pracownika oraz\u00a0pracodawcy s\u0105 naliczane procentowo od\u00a0wysoko\u015bci wynagrodzenia. Pa\u0144stwo z\u00a0kolei przekazuje ustalone kwoty (po spe\u0142nieniu odpowiednich warunk\u00f3w) \u2013\u00a0niezale\u017cne od\u00a0dochod\u00f3w pracownika. &#13;\n<\/p>\n<p>&#13;<br \/>\n\u015arodki wp\u0142acane do\u00a0PPK inwestowane s\u0105 w\u00a0specjalnego rodzaju fundusze \u2013\u00a0fundusze zdefiniowanej daty (FZD). Polityka inwestycyjna tych funduszy automatycznie zmienia si\u0119 w\u00a0czasie wraz z\u00a0wiekiem uczestnika. Rozpoczynaj\u0105c oszcz\u0119dzanie w\u00a0PPK, zostajemy automatycznie przypisani do\u00a0okre\u015blonego FZD, w\u00a0zale\u017cno\u015bci od\u00a0daty urodzenia. W\u00a0trakcie oszcz\u0119dzania mo\u017cemy zmieni\u0107 docelowy fundusz i\u00a0przenosi\u0107 \u015brodki pomi\u0119dzy funduszami. &#13;\n<\/p>\n<p>&#13;<br \/>\nObecnie do\u00a0PPK nale\u017cy 3,9 mln os\u00f3b. Suma wp\u0142aconych \u015brodk\u00f3w przekroczy\u0142a 40 miliard\u00f3w z\u0142otych. Dla\u00a0por\u00f3wnania, pod\u00a0koniec 2024 roku by\u0142o to\u00a030,24 mld z\u0142. &#13;\n<\/p>\n<p>&#13;<br \/>\nCzytaj te\u017c:<br \/><a href=\"https:\/\/dorzeczy.pl\/ekonomia\/865132\/13-emerytura-zus-oglosil-kto-nie-otrzyma-pieniedzy.html\" rel=\"follow nofollow noopener\" data-schema=\"DORZECZY\" data-image=\"https:\/\/img.dorzeczy.pl\/_thumb\/f4\/42\/c2fe491ab86a40a12f51a3d56dc2.jpeg\" target=\"_blank\">13. emerytura coraz bli\u017cej. ZUS og\u0142osi\u0142, kto nie\u00a0dostanie pieni\u0119dzy<\/a>Czytaj te\u017c:<br \/><a href=\"https:\/\/dorzeczy.pl\/ekonomia\/867271\/zaskakujacy-efekt-dzialan-rzadu-w-sprawie-cen-paliw-odczuja-go-emeryci.html\" rel=\"follow nofollow noopener\" data-schema=\"DORZECZY\" data-image=\"https:\/\/img.dorzeczy.pl\/_thumb\/98\/6c\/ffc5341e059aa09d42fa166156bb.jpeg\" target=\"_blank\">Zaskakuj\u0105cy efekt dzia\u0142a\u0144 rz\u0105du. Odczuj\u0105 go\u00a0emeryci<\/a>&#13;<\/p>\n","protected":false},"excerpt":{"rendered":"&#13; Pracownicze Plany Kapita\u0142owe (PPK) to\u00a0powszechny system oszcz\u0119dzania dla\u00a0pracownik\u00f3w realizowany przy wsp\u00f3\u0142pracy z\u00a0pracodawcami oraz\u00a0pa\u0144stwem. Pracownice Plany Kapita\u0142owe uruchomiono&hellip;\n","protected":false},"author":2,"featured_media":339137,"comment_status":"","ping_status":"","sticky":false,"template":"","format":"standard","meta":{"footnotes":"","_share_on_mastodon":"0"},"categories":[16],"tags":[113,112,98,105,659,49,601,102,42,367,38,40,39,41,6981,2677],"class_list":["post-339136","post","type-post","status-publish","format-standard","has-post-thumbnail","category-biznes","tag-biznes","tag-business","tag-dorzeczy","tag-ekonomia","tag-emerytura","tag-kraj","tag-marcin-bugaj","tag-opinie","tag-pl","tag-polacy","tag-poland","tag-polish","tag-polska","tag-polski","tag-ppk","tag-pracownicy"],"share_on_mastodon":{"url":"https:\/\/pubeurope.com\/@pl\/116327063580427364","error":""},"_links":{"self":[{"href":"https:\/\/www.europesays.com\/pl\/wp-json\/wp\/v2\/posts\/339136","targetHints":{"allow":["GET"]}}],"collection":[{"href":"https:\/\/www.europesays.com\/pl\/wp-json\/wp\/v2\/posts"}],"about":[{"href":"https:\/\/www.europesays.com\/pl\/wp-json\/wp\/v2\/types\/post"}],"author":[{"embeddable":true,"href":"https:\/\/www.europesays.com\/pl\/wp-json\/wp\/v2\/users\/2"}],"replies":[{"embeddable":true,"href":"https:\/\/www.europesays.com\/pl\/wp-json\/wp\/v2\/comments?post=339136"}],"version-history":[{"count":0,"href":"https:\/\/www.europesays.com\/pl\/wp-json\/wp\/v2\/posts\/339136\/revisions"}],"wp:featuredmedia":[{"embeddable":true,"href":"https:\/\/www.europesays.com\/pl\/wp-json\/wp\/v2\/media\/339137"}],"wp:attachment":[{"href":"https:\/\/www.europesays.com\/pl\/wp-json\/wp\/v2\/media?parent=339136"}],"wp:term":[{"taxonomy":"category","embeddable":true,"href":"https:\/\/www.europesays.com\/pl\/wp-json\/wp\/v2\/categories?post=339136"},{"taxonomy":"post_tag","embeddable":true,"href":"https:\/\/www.europesays.com\/pl\/wp-json\/wp\/v2\/tags?post=339136"}],"curies":[{"name":"wp","href":"https:\/\/api.w.org\/{rel}","templated":true}]}}