{"id":339140,"date":"2026-04-01T02:22:13","date_gmt":"2026-04-01T02:22:13","guid":{"rendered":"https:\/\/www.europesays.com\/pl\/339140\/"},"modified":"2026-04-01T02:22:13","modified_gmt":"2026-04-01T02:22:13","slug":"kilka-groznych-zjawisk-nad-polska-imgw-wydaje-szereg-alertow-mapy","status":"publish","type":"post","link":"https:\/\/www.europesays.com\/pl\/339140\/","title":{"rendered":"Kilka gro\u017anych zjawisk nad Polsk\u0105. IMGW wydaje szereg alert\u00f3w [MAPY]"},"content":{"rendered":"<p class=\"Paragraph_desktopParagraph__U31Gm\">Opady na po\u0142udniu wyst\u0119puj\u0105 od poniedzia\u0142kowego wieczora. Podczas gdy na obszarach ni\u017cej po\u0142o\u017conych pada deszcz, to na Pog\u00f3rzu Karpackim i w g\u00f3rach sypn\u0119\u0142o \u015bniegiem. Na Kasprowym Wierchu pokrywa \u015bnie\u017cna rano osi\u0105ga\u0142a ju\u017c 158 cm (wzrost o 20 cm w ci\u0105gu doby) i by\u0142a najwy\u017csza w tym sezonie. Natomiast w <a href=\"https:\/\/podroze.onet.pl\/zakopane\" id=\"000bf4c0-d025-4e0f-8d1e-709720b0cd7a\" rel=\"nofollow noopener\" target=\"_blank\">Zakopanem<\/a> ostatniej doby spad\u0142o 25 cm \u015bniegu i \u0142\u0105cznie le\u017cy go ju\u017c a\u017c 40 cm.<\/p>\n<p class=\"VideoPlayerText_videoPlayerText__iDwyz\">Dalszy ci\u0105g materia\u0142u pod wideo<\/p>\n<p>\u015anie\u017cyce i przymrozki to nie wszystko. Szereg ostrze\u017ce\u0144 IMGW na reszt\u0119 dnia i najbli\u017csz\u0105 noc <\/p>\n<p class=\"Paragraph_desktopParagraph__U31Gm\">Alerty pierwszego stopnia przed <a href=\"https:\/\/wiadomosci.onet.pl\/snieg\" id=\"35b403d9-97bb-499a-a09b-dd1ad783ff40\" rel=\"nofollow noopener\" target=\"_blank\">\u015bniegiem<\/a> obowi\u0105zywa\u0107 b\u0119d\u0105 dzi\u015b do godz. 21. Na po\u0142udniu woj. \u015bl\u0105skiego i w cz\u0119\u015bci woj. ma\u0142opolskiego (powiaty suski, my\u015blenicki, limanowski, nowos\u0105decki, gorlicki) na obszarach po\u0142o\u017conych powy\u017cej 600 m n.p.m. spa\u015b\u0107 mo\u017ce w sumie 5-15 cm bia\u0142ego puchu.<\/p>\n<p><img decoding=\"async\" class=\"Image_image__0tuHp Image_autoHeight__f2n87 \" height=\"587\" width=\"503\" src=\"https:\/\/www.europesays.com\/pl\/wp-content\/uploads\/2026\/04\/V0Sk9kpTURBXy8xMDg4ZjkzNDJjYjk5MmMyNjkxNGEyM2YwOTJkM2Y4OC5wbmeSlQLNA6wAwsOVAgDNAkvCw94AA6EwAaExAaEzw.jpeg\" alt=\"Ostrze\u017cenia przed opadami \u015bniegu\" loading=\"lazy\" \/>IMGW-PIB METEO POLSKA<\/p>\n<p>Ostrze\u017cenia przed opadami \u015bniegu<\/p>\n<p class=\"Paragraph_desktopParagraph__U31Gm\">Natomiast w powiecie nowotarskim i tatrza\u0144skim (woj. ma\u0142opolskie) wa\u017cne s\u0105 \u017c\u00f3\u0142te ostrze\u017cenia <a href=\"https:\/\/wiadomosci.onet.pl\/imgw\" id=\"de91d60c-9734-4898-86ec-10500f18be14\" rel=\"nofollow noopener\" target=\"_blank\">IMGW<\/a> przed intensywnym \u015bniegiem, a synoptycy spodziewaj\u0105 si\u0119, \u017ce \u0142\u0105czny przyrost pokrywy \u015bnie\u017cnej za obecn\u0105 fal\u0119 opad\u00f3w si\u0119gnie tam 20-30 cm. Prawdopodobie\u0144stwo wyst\u0105pienia zjawiska wynosi 80 proc.<\/p>\n<p><img decoding=\"async\" class=\"Image_image__0tuHp Image_autoHeight__f2n87 \" height=\"587\" width=\"503\" src=\"https:\/\/www.europesays.com\/pl\/wp-content\/uploads\/2026\/04\/w8_k9kpTURBXy8zNzZiYjY3ZmU0NjYzYWRhODZjZmE4YzlmMDZkNzJiYy5wbmeSlQLNA6wAwsOVAgDNAkvCw94AA6EwAaExAaEzw.jpeg\" alt=\"Ostrze\u017cenia przed intensywnymi opadami \u015bniegu\" loading=\"lazy\" \/>IMGW-PIB METEO POLSKA<\/p>\n<p>Ostrze\u017cenia przed intensywnymi opadami \u015bniegu<\/p>\n<p class=\"Paragraph_desktopParagraph__U31Gm\">To nie s\u0105 jednak jedyne alerty, jakie s\u0105 wydane. Nadchodz\u0105cej nocy (od godz. 23 do 9) mieszka\u0144cy woj. pomorskiego, zachodniopomorskiego oraz p\u00f3\u0142nocnej cz\u0119\u015bci wielkopolskiego, lubuskiego i kujawsko-pomorskiego, musz\u0105 uwa\u017ca\u0107 na mg\u0142y. &#8222;Prognozuje si\u0119 g\u0119ste mg\u0142y, w kt\u00f3rych zasi\u0119gu widzialno\u015b\u0107 miejscami b\u0119dzie wynosi\u0107 poni\u017cej 200 m. Lokalnie mg\u0142y b\u0119d\u0105 marzn\u0105ce, powoduj\u0105c \u015blisko\u015b\u0107 nawierzchni&#8221; \u2014 ostrzega IMGW. Warunki drogowe stan\u0105 si\u0119 bardzo trudne.<\/p>\n<p><img decoding=\"async\" class=\"Image_image__0tuHp Image_autoHeight__f2n87 \" height=\"587\" width=\"503\" src=\"https:\/\/www.europesays.com\/pl\/wp-content\/uploads\/2026\/04\/D44k9kpTURBXy80NzQyNmZiYzc1MDRkNTZmZGQ2M2FmNmI1MDg3YzVhNS5wbmeSlQLNA6wAwsOVAgDNAkvCw94AA6EwAaExAaEzw.jpeg\" alt=\"Ostrze\u017cenia przed g\u0119st\u0105 mg\u0142\u0105\" loading=\"lazy\" \/>IMGW-PIB METEO POLSKA<\/p>\n<p>Ostrze\u017cenia przed g\u0119st\u0105 mg\u0142\u0105<\/p>\n<p class=\"Paragraph_desktopParagraph__U31Gm\">Natomiast dla ca\u0142ego pasa od Pomorza i Warmii po \u015al\u0105sk i zachodni\u0105 Ma\u0142opolsk\u0119 zosta\u0142y te\u017c wystosowane ostrze\u017cenia pierwszego stopnia przed przymrozkami. Obowi\u0105zywa\u0107 maj\u0105 one od godz. 23 do 8. Prognozowana jest tam temperatura minimalna do -1 st. C, a przy gruncie do -3 st. C. Jeszcze zimniej zrobi si\u0119 na Pomorzu, cz\u0119\u015bciowo Kujawach, ziemi lubuskiej oraz w Wielkopolsce. Mr\u00f3z si\u0119gnie tam -3 st. C, a tu\u017c nad ziemi\u0105 nawet -6 st. C.<\/p>\n<p><img decoding=\"async\" class=\"Image_image__0tuHp Image_autoHeight__f2n87 \" height=\"587\" width=\"503\" src=\"https:\/\/www.europesays.com\/pl\/wp-content\/uploads\/2026\/04\/iIEk9kpTURBXy84YzBmNjI4ODg5Y2JmNzZhZjg1NWNkNzYzMWM2YjFiMi5wbmeSlQLNA6wAwsOVAgDNAkvCw94AA6EwAaExAaEzw.jpeg\" alt=\"Ostrze\u017cenia przed przymrozkami\" loading=\"lazy\" \/>IMGW-PIB METEO POLSKA<\/p>\n<p>Ostrze\u017cenia przed przymrozkami<\/p>\n","protected":false},"excerpt":{"rendered":"Opady na po\u0142udniu wyst\u0119puj\u0105 od poniedzia\u0142kowego wieczora. Podczas gdy na obszarach ni\u017cej po\u0142o\u017conych pada deszcz, to na Pog\u00f3rzu&hellip;\n","protected":false},"author":2,"featured_media":339141,"comment_status":"","ping_status":"","sticky":false,"template":"","format":"standard","meta":{"footnotes":"","_share_on_mastodon":"0"},"categories":[12],"tags":[25481,32,33,36,37,27,67,34,35,10372,28,31,53,25,52,68,51,55,42,78,38,40,39,41,3324,47,7312,29,30,65,50,26],"class_list":["post-339140","post","type-post","status-publish","format-standard","has-post-thumbnail","category-polska","tag-alerty_imgw","tag-breaking-news","tag-breakingnews","tag-featured-news","tag-featurednews","tag-headlines","tag-intextvideo_splayer","tag-latest-news","tag-latestnews","tag-mgla","tag-naglowki","tag-najwazniejsze-artykuly","tag-new_header","tag-news","tag-onet3","tag-onet3d","tag-onet3d_2i","tag-phx","tag-pl","tag-pogoda","tag-poland","tag-polish","tag-polska","tag-polski","tag-przymrozki","tag-screening_general","tag-snieg","tag-top-stories","tag-topstories","tag-update_me","tag-v2021","tag-wiadomosci"],"share_on_mastodon":{"url":"https:\/\/pubeurope.com\/@pl\/116327071615298666","error":""},"_links":{"self":[{"href":"https:\/\/www.europesays.com\/pl\/wp-json\/wp\/v2\/posts\/339140","targetHints":{"allow":["GET"]}}],"collection":[{"href":"https:\/\/www.europesays.com\/pl\/wp-json\/wp\/v2\/posts"}],"about":[{"href":"https:\/\/www.europesays.com\/pl\/wp-json\/wp\/v2\/types\/post"}],"author":[{"embeddable":true,"href":"https:\/\/www.europesays.com\/pl\/wp-json\/wp\/v2\/users\/2"}],"replies":[{"embeddable":true,"href":"https:\/\/www.europesays.com\/pl\/wp-json\/wp\/v2\/comments?post=339140"}],"version-history":[{"count":0,"href":"https:\/\/www.europesays.com\/pl\/wp-json\/wp\/v2\/posts\/339140\/revisions"}],"wp:featuredmedia":[{"embeddable":true,"href":"https:\/\/www.europesays.com\/pl\/wp-json\/wp\/v2\/media\/339141"}],"wp:attachment":[{"href":"https:\/\/www.europesays.com\/pl\/wp-json\/wp\/v2\/media?parent=339140"}],"wp:term":[{"taxonomy":"category","embeddable":true,"href":"https:\/\/www.europesays.com\/pl\/wp-json\/wp\/v2\/categories?post=339140"},{"taxonomy":"post_tag","embeddable":true,"href":"https:\/\/www.europesays.com\/pl\/wp-json\/wp\/v2\/tags?post=339140"}],"curies":[{"name":"wp","href":"https:\/\/api.w.org\/{rel}","templated":true}]}}