{"id":339283,"date":"2026-04-01T04:31:16","date_gmt":"2026-04-01T04:31:16","guid":{"rendered":"https:\/\/www.europesays.com\/pl\/339283\/"},"modified":"2026-04-01T04:31:16","modified_gmt":"2026-04-01T04:31:16","slug":"od-razu-pomyslalam-o-nim","status":"publish","type":"post","link":"https:\/\/www.europesays.com\/pl\/339283\/","title":{"rendered":"od razu pomy\u015bla\u0142am o nim"},"content":{"rendered":"<p>Wo\u0142omin. 35-tysi\u0119czne miasto niedaleko Warszawy. Od czas\u00f3w <a href=\"https:\/\/wiadomosci.onet.pl\/warszawa\/w-latach-90-byli-synonimem-polskiej-mafii-w-aucie-wariata-znaleziono-tajemniczy-notes\/yysqpw0\" id=\"39201d36-7038-45f4-9f5d-b4eb1d79e97d\" rel=\"nofollow noopener\" target=\"_blank\">mafii wo\u0142omi\u0144skiej<\/a>, jednej z najwi\u0119kszych grup gangsterskich dzia\u0142aj\u0105cych pod koniec ubieg\u0142ego wieku, z kt\u00f3rej r\u00f3wnie\u017c znane jest to miasto, nie dochodzi\u0142o tu do wi\u0119kszych eksces\u00f3w kryminalnych czy zab\u00f3jstw. By\u0142o spokojnie i bezpiecznie. A\u017c do teraz.&#8221;Zapami\u0119tam ich jako mi\u0142e i dobre osoby&#8221;Dzi\u015b mieszka\u0144cy Wo\u0142omina m\u00f3wi\u0105 tylko o jednym. Zw\u0142aszcza na osiedlu Niepodleg\u0142o\u015bci. To w\u0142a\u015bnie tutaj, w jednym z blok\u00f3w przy ul. Mieszka I, w poniedzia\u0142ek rano dosz\u0142o do makabrycznego zab\u00f3jstwa. W mieszkaniu na pierwszym pi\u0119trze <a href=\"https:\/\/wiadomosci.onet.pl\/warszawa\/tragiczne-odkrycie-w-wolominie-nie-zyja-dwie-osoby\/gwe4212\" id=\"65be3285-e0d7-47cb-b7c4-e0ea816dbda3\" rel=\"nofollow noopener\" target=\"_blank\">znaleziono cia\u0142a starszego ma\u0142\u017ce\u0144stwa<\/a>. Oboje mieli po 75 lat.     ZOBACZ R\u00d3WNIE\u017b: <a href=\"https:\/\/wiadomosci.onet.pl\/warszawa\/tragiczne-odkrycie-w-wolominie-nie-zyja-dwie-osoby\/gwe4212\" id=\"f8d26958-c626-43c6-aebe-b4e765650a23\" rel=\"nofollow noopener\" target=\"_blank\">Tragiczne odkrycie w Wo\u0142ominie. Nie \u017cyj\u0105 dwie osoby<\/a><\/p>\n<p>Wezwani na miejsce policjanci zastali w lokalu tak\u017ce ich 19-letniego wnuczka. Z nieoficjalnych informacji wynika, \u017ce przyjecha\u0142 do nich na weekend. Wszystko wskazuje na to, \u017ce to on zamordowa\u0142 babci\u0119 i dziadka, a potem sam si\u0119 okaleczy\u0142. By\u0142 ranny, wi\u0119c zosta\u0142 przetransportowany do szpitala. Us\u0142ysza\u0142 ju\u017c dzi\u015b w prokuraturze zarzuty zab\u00f3jstwa.<\/p>\n<p>      Dalszy ci\u0105g artyku\u0142u pod materia\u0142em wideo <\/p>\n<p>\u2014 Zna\u0142em ich. Kiedy\u015b tu mieszka\u0142em. Pan Czes\u0142aw i pani Stanis\u0142awa byli bardzo porz\u0105dnymi lud\u017ami. On mia\u0142 zak\u0142ad stolarski, ona zajmowa\u0142a si\u0119 domem. Mieli syna, kt\u00f3remu pomogli nawet zbudowa\u0107 dom. Tego wnuczka s\u0142abo kojarz\u0119. Tylko jak by\u0142 jeszcze dzieckiem. Ich zapami\u0119tam jako mi\u0142e i dobre osoby \u2014 s\u0142ysz\u0119 od pana Mariana, jednego z mieszka\u0144c\u00f3w Wo\u0142omina.<\/p>\n<p>ZOBACZ R\u00d3WNIE\u017b: <a href=\"https:\/\/www.onet.pl\/informacje\/onetwarszawa\/podwojne-zabojstwo-w-wolominie-19-letni-gracjan-o-z-zarzutem\/3f2gzd5,79cfc278\" id=\"5ab661df-5ef6-466b-9a01-56b1b5cb12cb\" rel=\"nofollow noopener\" target=\"_blank\">Nowe fakty o podw\u00f3jnym zab\u00f3jstwie w Wo\u0142ominie. Gracjan O. przes\u0142uchany. Jest w szpitalu<\/a>     <\/p>\n<p>\u2014 Ja mam podobne wra\u017cenia i do\u015bwiadczenia. Zawsze, jak ich widzia\u0142am, k\u0142aniali si\u0119 na przywitanie, przystawali, mieli dla ka\u017cdego jakie\u015b dobre s\u0142owo. Bardzo tacy ciepli i cz\u0119sto u\u015bmiechni\u0119ci ludzie \u2014 m\u00f3wi pani Jadwiga, mieszkanka bloku, w kt\u00f3rym dosz\u0142o do zbrodni.<\/p>\n<p>\u2014 Ten pan Czes\u0142aw, jak kiedy\u015b zobaczy\u0142, \u017ce mam ci\u0119\u017ckie zakupy, to przybieg\u0142 i pom\u00f3g\u0142 mi je wnie\u015b\u0107, chocia\u017c mieszka w s\u0105siedniej klatce \u2014 wspomina z kolei pani Wies\u0142awa.<\/p>\n<p>&#8222;Jak pomy\u015bl\u0119, \u017ce m\u00f3g\u0142 mija\u0107 nas na chodniku, to a\u017c ciarki mnie przechodz\u0105&#8221;<\/p>\n<p>Wszyscy, kt\u00f3rych spotykam w okolicy ulicy Mieszka I w Wo\u0142ominie, s\u0105 wstrz\u0105\u015bni\u0119ci t\u0105 zbrodni\u0105. Nie mog\u0105 uwierzy\u0107, \u017ce to wydarzy\u0142o si\u0119 na ich osiedlu.<\/p>\n<p>\u2014 Tu jest bardzo spokojnie. Mieszka tu wiele starszych os\u00f3b. W \u017cyciu nie spodziewa\u0142am si\u0119, \u017ce mo\u017ce wydarzy\u0107 si\u0119 tu co\u015b takiego, o czym do tej pory s\u0142yszeli\u015bmy tylko w radiu czy telewizji. To przera\u017caj\u0105ce, co si\u0119 dzieje z lud\u017ami. To przecie\u017c taki m\u0142ody cz\u0142owiek, jak on m\u00f3g\u0142 co\u015b takiego zrobi\u0107? Nie rozumiem tego \u2014 za\u0142amuje r\u0119ce pani Gra\u017cyna, kt\u00f3r\u0105 zagaduj\u0119 podczas spaceru z psem.<\/p>\n<p>      <img decoding=\"async\" src=\"https:\/\/www.europesays.com\/pl\/wp-content\/uploads\/2026\/04\/DLBk9lBaHR0cHM6Ly9vY2RuLmV1L3B1bHNjbXMvTURBXy8zN2IxZjVlYThmNTVhNjZiZTlmNDUwZWM1NzQ0OWMzNS5qcGeRlQLNB.jpeg\" height=\"705\" width=\"940\" alt=\"To w tym bloku w Wo\u0142ominie dosz\u0142o do morderstwa\" loading=\"lazy\" class=\"ods-c-image__img ods-c-image__img--viewport-width\"\/> <\/p>\n<p>To w tym bloku w Wo\u0142ominie dosz\u0142o do morderstwaPiotr Halicki \/ Onet<\/p>\n<p>\u2014 Straszna tragedia. I to wydarzy\u0142o si\u0119 w rodzinie, kt\u00f3ra jest przecie\u017c najwa\u017cniejsza. Zamordowa\u0142 swoich w\u0142asnych dziadk\u00f3w \u2014 to niewyobra\u017calne. Jak pomy\u015bl\u0119, \u017ce ten cz\u0142owiek m\u00f3g\u0142 mija\u0107 nas na chodniku, to a\u017c ciarki mnie przechodz\u0105 \u2014 dodaje pani Urszula, kt\u00f3ra z obaw\u0105 patrzy na swoje dziecko w w\u00f3zku.<\/p>\n<p>ZOBACZ R\u00d3WNIE\u017b: <a href=\"https:\/\/wiadomosci.onet.pl\/warszawa\/19-latek-mial-zabic-babcie-i-dziadka-w-wolominie-nowe-informacje\/gyqmrbb\" id=\"2853976e-4421-4365-a34b-e2a446773a4a\" rel=\"nofollow noopener\" target=\"_blank\">19-latek mia\u0142 zabi\u0107 babci\u0119 i dziadka w Wo\u0142ominie. Nowe informacje<\/a><\/p>\n<p>S\u0105siedzi ma\u0142\u017ce\u0144stwa z tej samej klatki schodowej rozmawiaj\u0105 niech\u0119tnie. S\u0105 w szoku. \u2014 S\u0142abo si\u0119 znali\u015bmy, ale to byli dobrzy i mili ludzie. Nie by\u0142am z nimi w jakich\u015b za\u017cy\u0142ych kontaktach. Znali\u015bmy si\u0119 raczej &#8222;na dzie\u0144 dobry&#8221;, ale cz\u0119sto si\u0119 u\u015bmiechali, byli \u017cyczliwi i tacy pozytywni. A\u017c nie mog\u0119 uwierzy\u0107, \u017ce nie \u017cyj\u0105 \u2014 s\u0142ysz\u0119 od jednej z os\u00f3b.<\/p>\n<p>\u2014 To potworna tragedia. Przepraszam, ale nie chc\u0119 tego komentowa\u0107 \u2014 m\u00f3wi kobieta, kiedy pukam do mieszkania naprzeciwko lokalu, w kt\u00f3rym dosz\u0142o do zab\u00f3jstwa.<\/p>\n<p>W tym samym budynku mie\u015bci si\u0119 \u015arodowiskowy Dom Samopomocy Caritas. Ma wej\u015bcie z drugiej strony. \u2014 Dlatego nic nie s\u0142yszeli\u015bmy. Poza tym ca\u0142y czas prowadzimy zaj\u0119cia dla naszych podopiecznych. Dopiero jak przez okna zobaczy\u0142am migaj\u0105ce \u015bwiat\u0142a radiowoz\u00f3w, to zorientowa\u0142am si\u0119, \u017ce co\u015b si\u0119 dzieje. Nie wiedzieli\u015bmy, o co chodzi i dopiero potem o wszystkim dowiedzia\u0142am si\u0119 z medi\u00f3w \u2014 przyznaje m\u0142oda kobieta, kt\u00f3ra otwiera mi drzwi. \u2014 Tych ludzi nie zna\u0142am. Pok\u00f3j ich duszy \u2014 dodaje.<\/p>\n<p> <img decoding=\"async\" src=\"https:\/\/www.europesays.com\/pl\/wp-content\/uploads\/2026\/04\/eTGk9lBaHR0cHM6Ly9vY2RuLmV1L3B1bHNjbXMvTURBXy9jMjhkMWI4NzVkNzM5NzQ5ODJjNGQ1OTM2ODc1OGZmYy5qcGeRlQLNB.jpeg\" height=\"705\" width=\"940\" alt=\"Drzwi do mieszkania, w kt\u00f3rym dosz\u0142o do tragedii\" loading=\"lazy\" class=\"ods-c-image__img ods-c-image__img--viewport-width\"\/> <\/p>\n<p>Drzwi do mieszkania, w kt\u00f3rym dosz\u0142o do tragediiOnet<\/p>\n<p> &#8222;Opiekowali si\u0119 nim, odbierali go ze szko\u0142y, rozpieszczali. Tak im si\u0119 odp\u0142aci\u0142&#8221;<\/p>\n<p>\u2014 Pani\u0105 Stanis\u0142aw\u0119 zna\u0142am bardzo dobrze. To moja klientka od 20 lat, czyli od kiedy tu prowadz\u0119 sklep. Bardzo szykowna kobieta, elegancka, zawsze pi\u0119knie umalowana. Cz\u0119sto przychodzi\u0142a do mnie wybra\u0107 sobie jak\u0105\u015b \u0142adn\u0105 cz\u0119\u015b\u0107 garderoby, to mia\u0142y\u015bmy wtedy okazj\u0119 porozmawia\u0107. Bardzo przyjemna, mi\u0142a. Nie mog\u0119 zrozumie\u0107, jak mo\u017cna chcie\u0107 zabi\u0107 tak\u0105 osob\u0119 \u2014 m\u00f3wi mi z kolei pani Anna, kt\u00f3ra prowadzi sklep odzie\u017cowy z ko\u0144c\u00f3wkami kolekcji, znajduj\u0105cy si\u0119 tu\u017c obok bloku.<\/p>\n<p>\u2014 Tego ich wnuczka to pami\u0119tam, jak mia\u0142 dziewi\u0119\u0107 lat i szed\u0142 na pierwsz\u0105 komuni\u0119. Dziadkowie ch\u0119tnie si\u0119 nim opiekowali. Odbierali go ze szko\u0142y, rozpieszczali. I tak im si\u0119 odp\u0142aci\u0142. Jestem pora\u017cona tym, co si\u0119 sta\u0142o. To co\u015b niewyobra\u017calnego \u2014 dodaje dr\u017c\u0105cym g\u0142osem.<\/p>\n<p> <img decoding=\"async\" src=\"https:\/\/www.europesays.com\/pl\/wp-content\/uploads\/2026\/04\/9X8k9lBaHR0cHM6Ly9vY2RuLmV1L3B1bHNjbXMvTURBXy8yYzFhZjFkOWUxZWNkZjVkMDRiNzJiZjQ3Y2YyYmY2Mi5qcGeRlQLNB.jpeg\" height=\"705\" width=\"940\" alt=\"To w tym bloku w Wo\u0142ominie dosz\u0142o do zab\u00f3jstwa starszego ma\u0142\u017ce\u0144stwa\" loading=\"lazy\" class=\"ods-c-image__img ods-c-image__img--viewport-width\"\/> <\/p>\n<p>To w tym bloku w Wo\u0142ominie dosz\u0142o do zab\u00f3jstwa starszego ma\u0142\u017ce\u0144stwaPiotr Halicki \/ Onet<\/p>\n<p>S\u0105siadki starszego ma\u0142\u017ce\u0144stwa to r\u00f3wnie\u017c klientki pani Anny. Opowiada\u0142y, \u017ce w poniedzia\u0142ek oko\u0142o godz. 10.30 us\u0142ysza\u0142y jakie\u015b krzyki z ich mieszkania. Zadzwoni\u0142y na policj\u0119.<\/p>\n<p>\u2014 Przyznam, \u017ce jak us\u0142ysza\u0142am, \u017ce pani Stanis\u0142awa i pan Czes\u0142aw zostali zamordowani, od razu pomy\u015bla\u0142am o nim, o tym ich wnuczku. On tu by\u0142 widywany pod wp\u0142ywem alkoholu lub jakich\u015b \u015brodk\u00f3w odurzaj\u0105cych. Mo\u017ce by\u0142 na g\u0142odzie czy co\u015b. Nie chcieli mu da\u0107 pieni\u0119dzy, to wpad\u0142 w jak\u0105\u015b furi\u0119. Ale pomy\u015bla\u0142am, \u017ce na sto procent to on zrobi\u0142. Mia\u0142am od razu takie przeczucie \u2014 m\u00f3wi mi pani Anna.<\/p>\n<p>     Nie przyzna\u0142 si\u0119 do winy. Odm\u00f3wi\u0142 sk\u0142adania wyja\u015bnie\u0144. Grozi mu do\u017cywocie<\/p>\n<p>19-letni Gracjan O. wci\u0105\u017c jest w szpitalu. Jego obra\u017cenia nie zagra\u017caj\u0105 \u017cyciu, a stan jest na tyle stabilny, \u017ce lekarze pozwolili dzi\u015b prokuratorowi na jego przes\u0142uchanie.<\/p>\n<p>\u2014 M\u0119\u017cczyzna nie przyzna\u0142 si\u0119 do winy i odm\u00f3wi\u0142 sk\u0142adania wyja\u015bnie\u0144. Zosta\u0142 mu przedstawiony zarzut podw\u00f3jnego zab\u00f3jstwa \u2014 przekaza\u0142a Onetowi prok. Karolina Staros, rzeczniczka Prokuratury Okr\u0119gowej Warszawa\u2014Praga.<\/p>\n<p>Chodzi o czyn z art. 148, paragraf 1, Kodeksu karnego. Zgodnie z nim kto zabija cz\u0142owieka, podlega karze pozbawienia wolno\u015bci na czas nie kr\u00f3tszy ni\u017c 10 lat albo karze do\u017cywotniego pozbawienia wolno\u015bci.<\/p>\n","protected":false},"excerpt":{"rendered":"Wo\u0142omin. 35-tysi\u0119czne miasto niedaleko Warszawy. Od czas\u00f3w mafii wo\u0142omi\u0144skiej, jednej z najwi\u0119kszych grup gangsterskich dzia\u0142aj\u0105cych pod koniec ubieg\u0142ego&hellip;\n","protected":false},"author":2,"featured_media":339284,"comment_status":"","ping_status":"","sticky":false,"template":"","format":"standard","meta":{"footnotes":"","_share_on_mastodon":"0"},"categories":[12],"tags":[32,33,36,37,27,34,35,28,31,48,25,46,42,38,414,40,39,41,1627,47,29,30,435,26,34906,411,604],"class_list":["post-339283","post","type-post","status-publish","format-standard","has-post-thumbnail","category-polska","tag-breaking-news","tag-breakingnews","tag-featured-news","tag-featurednews","tag-headlines","tag-latest-news","tag-latestnews","tag-naglowki","tag-najwazniejsze-artykuly","tag-nat_styl","tag-news","tag-omp","tag-pl","tag-poland","tag-policja","tag-polish","tag-polska","tag-polski","tag-prokuratura","tag-screening_general","tag-top-stories","tag-topstories","tag-warszawa","tag-wiadomosci","tag-wolomin","tag-zabojstwo","tag-zarzuty"],"share_on_mastodon":{"url":"https:\/\/pubeurope.com\/@pl\/116327578624905908","error":""},"_links":{"self":[{"href":"https:\/\/www.europesays.com\/pl\/wp-json\/wp\/v2\/posts\/339283","targetHints":{"allow":["GET"]}}],"collection":[{"href":"https:\/\/www.europesays.com\/pl\/wp-json\/wp\/v2\/posts"}],"about":[{"href":"https:\/\/www.europesays.com\/pl\/wp-json\/wp\/v2\/types\/post"}],"author":[{"embeddable":true,"href":"https:\/\/www.europesays.com\/pl\/wp-json\/wp\/v2\/users\/2"}],"replies":[{"embeddable":true,"href":"https:\/\/www.europesays.com\/pl\/wp-json\/wp\/v2\/comments?post=339283"}],"version-history":[{"count":0,"href":"https:\/\/www.europesays.com\/pl\/wp-json\/wp\/v2\/posts\/339283\/revisions"}],"wp:featuredmedia":[{"embeddable":true,"href":"https:\/\/www.europesays.com\/pl\/wp-json\/wp\/v2\/media\/339284"}],"wp:attachment":[{"href":"https:\/\/www.europesays.com\/pl\/wp-json\/wp\/v2\/media?parent=339283"}],"wp:term":[{"taxonomy":"category","embeddable":true,"href":"https:\/\/www.europesays.com\/pl\/wp-json\/wp\/v2\/categories?post=339283"},{"taxonomy":"post_tag","embeddable":true,"href":"https:\/\/www.europesays.com\/pl\/wp-json\/wp\/v2\/tags?post=339283"}],"curies":[{"name":"wp","href":"https:\/\/api.w.org\/{rel}","templated":true}]}}