{"id":339302,"date":"2026-04-01T04:47:51","date_gmt":"2026-04-01T04:47:51","guid":{"rendered":"https:\/\/www.europesays.com\/pl\/339302\/"},"modified":"2026-04-01T04:47:51","modified_gmt":"2026-04-01T04:47:51","slug":"dunczyk-zatrzymany-na-lotnisku-w-krakowie-byl-poszukiwany-przez-interpol","status":"publish","type":"post","link":"https:\/\/www.europesays.com\/pl\/339302\/","title":{"rendered":"Du\u0144czyk zatrzymany na lotnisku w Krakowie. By\u0142 poszukiwany przez Interpol &#8211;"},"content":{"rendered":"<p>Zatrzymanie by\u0142o efektem wsp\u00f3\u0142pracy mi\u0119dzynarodowych s\u0142u\u017cb oraz sta\u0142ego monitorowania baz danych os\u00f3b poszukiwanych, co znacz\u0105co przyczynia si\u0119 do zwi\u0119kszenia bezpiecze\u0144stwa na terenie Polski i ca\u0142ej Europy.<\/p>\n<p>Podczas kontroli granicznej na kierunku wjazdowym do Polski funkcjonariusze ustalili, \u017ce dane cudzoziemca figuruj\u0105 w mi\u0119dzynarodowych bazach poszukiwawczych. Czerwona nota zosta\u0142a wystawiona przez Serbi\u0119 w zwi\u0105zku z podejrzeniem pope\u0142nienia powa\u017cnych przest\u0119pstw narkotykowych.<\/p>\n<p>Zgodnie z informacjami zawartymi w systemie m\u0119\u017cczyzna by\u0142 poszukiwany w celu aresztowania za handel oraz posiadanie znacznych ilo\u015bci narkotyk\u00f3w \u2014 w tym heroiny, morfiny oraz opium.<\/p>\n<p>Po przeprowadzeniu niezb\u0119dnych czynno\u015bci obywatel Danii zosta\u0142 przekazany policjantom z Komendy Powiatowej Policji w Krakowie, kt\u00f3rzy prowadz\u0105 dalsze dzia\u0142ania w sprawie.<\/p>\n","protected":false},"excerpt":{"rendered":"Zatrzymanie by\u0142o efektem wsp\u00f3\u0142pracy mi\u0119dzynarodowych s\u0142u\u017cb oraz sta\u0142ego monitorowania baz danych os\u00f3b poszukiwanych, co znacz\u0105co przyczynia si\u0119 do&hellip;\n","protected":false},"author":2,"featured_media":339303,"comment_status":"","ping_status":"","sticky":false,"template":"","format":"standard","meta":{"footnotes":"","_share_on_mastodon":"0"},"categories":[51606],"tags":[8889,399,1304,48,46,55,42,38,40,39,41,47],"class_list":["post-339302","post","type-post","status-publish","format-standard","has-post-thumbnail","category-krakow","tag-glos24","tag-informacje","tag-krakow","tag-nat_styl","tag-omp","tag-phx","tag-pl","tag-poland","tag-polish","tag-polska","tag-polski","tag-screening_general"],"share_on_mastodon":{"url":"https:\/\/pubeurope.com\/@pl\/116327645830678134","error":""},"_links":{"self":[{"href":"https:\/\/www.europesays.com\/pl\/wp-json\/wp\/v2\/posts\/339302","targetHints":{"allow":["GET"]}}],"collection":[{"href":"https:\/\/www.europesays.com\/pl\/wp-json\/wp\/v2\/posts"}],"about":[{"href":"https:\/\/www.europesays.com\/pl\/wp-json\/wp\/v2\/types\/post"}],"author":[{"embeddable":true,"href":"https:\/\/www.europesays.com\/pl\/wp-json\/wp\/v2\/users\/2"}],"replies":[{"embeddable":true,"href":"https:\/\/www.europesays.com\/pl\/wp-json\/wp\/v2\/comments?post=339302"}],"version-history":[{"count":0,"href":"https:\/\/www.europesays.com\/pl\/wp-json\/wp\/v2\/posts\/339302\/revisions"}],"wp:featuredmedia":[{"embeddable":true,"href":"https:\/\/www.europesays.com\/pl\/wp-json\/wp\/v2\/media\/339303"}],"wp:attachment":[{"href":"https:\/\/www.europesays.com\/pl\/wp-json\/wp\/v2\/media?parent=339302"}],"wp:term":[{"taxonomy":"category","embeddable":true,"href":"https:\/\/www.europesays.com\/pl\/wp-json\/wp\/v2\/categories?post=339302"},{"taxonomy":"post_tag","embeddable":true,"href":"https:\/\/www.europesays.com\/pl\/wp-json\/wp\/v2\/tags?post=339302"}],"curies":[{"name":"wp","href":"https:\/\/api.w.org\/{rel}","templated":true}]}}