{"id":339393,"date":"2026-04-01T06:07:14","date_gmt":"2026-04-01T06:07:14","guid":{"rendered":"https:\/\/www.europesays.com\/pl\/339393\/"},"modified":"2026-04-01T06:07:14","modified_gmt":"2026-04-01T06:07:14","slug":"od-strefy-prestizu-do-strefy-zero-co-sie-zmienia-od-1-maja","status":"publish","type":"post","link":"https:\/\/www.europesays.com\/pl\/339393\/","title":{"rendered":"Od Strefy Presti\u017cu do Strefy Zero \u2013 Co si\u0119 zmienia od 1 maja?"},"content":{"rendered":"<p style=\"text-align: justify;\">Zmiany czasem przychodz\u0105 po cichu, a czasem wchodz\u0105 drzwiami i oknami. Ta druga wersja w\u0142a\u015bnie nam si\u0119 przydarzy\u0142a. Od 1 maja Gda\u0144sk Strefa Presti\u017cu zmienia nazw\u0119 i formu\u0142\u0119 dzia\u0142ania. Wchodzimy w nowy etap i przestrze\u0144 medialn\u0105. Od 1 maja dzia\u0142amy jako Strefa ZERO.<\/p>\n<p><a href=\"https:\/\/i0.wp.com\/www.gdanskstrefa.com\/wp-content\/uploads\/2026\/03\/zero-.jpg?ssl=1\" data-lbwps-width=\"1192\" data-lbwps-height=\"896\" data-lbwps-srcsmall=\"https:\/\/www.gdanskstrefa.com\/wp-content\/uploads\/2026\/03\/zero--300x226.jpg\" rel=\"nofollow noopener\" target=\"_blank\"><img loading=\"lazy\" data-recalc-dims=\"1\" decoding=\"async\" data-attachment-id=\"74534\" data-permalink=\"https:\/\/www.gdanskstrefa.com\/od-strefy-prestizu-do-strefy-zero-zmiany\/zero\/\" data-orig-file=\"https:\/\/i0.wp.com\/www.gdanskstrefa.com\/wp-content\/uploads\/2026\/03\/zero-.jpg?fit=1192%2C896&amp;ssl=1\" data-orig-size=\"1192,896\" data-comments-opened=\"1\" data-image-meta=\"{&quot;aperture&quot;:&quot;0&quot;,&quot;credit&quot;:&quot;&quot;,&quot;camera&quot;:&quot;&quot;,&quot;caption&quot;:&quot;&quot;,&quot;created_timestamp&quot;:&quot;0&quot;,&quot;copyright&quot;:&quot;&quot;,&quot;focal_length&quot;:&quot;0&quot;,&quot;iso&quot;:&quot;0&quot;,&quot;shutter_speed&quot;:&quot;0&quot;,&quot;title&quot;:&quot;&quot;,&quot;orientation&quot;:&quot;0&quot;}\" data-image-title=\"zero-\" data-image-description=\"\" data-image-caption=\"\" data-medium-file=\"https:\/\/i0.wp.com\/www.gdanskstrefa.com\/wp-content\/uploads\/2026\/03\/zero-.jpg?fit=300%2C226&amp;ssl=1\" data-large-file=\"https:\/\/i0.wp.com\/www.gdanskstrefa.com\/wp-content\/uploads\/2026\/03\/zero-.jpg?fit=800%2C601&amp;ssl=1\" class=\"wp-image-74534 size-full\" src=\"https:\/\/www.europesays.com\/pl\/wp-content\/uploads\/2026\/04\/zero-.jpg\" alt=\"\" width=\"800\" height=\"601\"  \/><\/a>Od Strefy Presti\u017cu do Strefy ZERO<\/p>\n<p style=\"text-align: justify;\" data-start=\"333\" data-end=\"501\">Nie by\u0142a to decyzja podj\u0119ta z dnia na dzie\u0144. Rozmowy z Kana\u0142em Zero trwa\u0142y od d\u0142u\u017cszego czasu, cho\u0107 na samym pocz\u0105tku\u2026 nie mia\u0142y wcale wygl\u0105da\u0107 tak, jak wygl\u0105daj\u0105 dzi\u015b. Zacz\u0119\u0142o si\u0119 bardzo prosto. Lubimy Kana\u0142 Zero. Cenimy ten format, spos\u00f3b rozmowy i brak udawania, \u017ce \u015bwiat jest czarno-bia\u0142y. Dlatego zaproponowali\u015bmy wsp\u00f3\u0142prac\u0119 przy informacjach lokalnych z Pomorza, tak\u017ce sportowych.\u00a0 Ot, robota dla dobrego medium.<\/p>\n<p style=\"text-align: justify;\" data-start=\"806\" data-end=\"1082\">Nie spodziewali\u015bmy si\u0119 \u017cadnej odpowiedzi. A jednak, po kilku tygodniach do Gda\u0144ska przyjecha\u0142a ekipa Kana\u0142u Zero. Najpierw by\u0142a rozmowa, potem konkrety oraz propozycja, kt\u00f3ra nas autentycznie zaskoczy\u0142a: oficjalna wsp\u00f3\u0142praca jako lokalny oddzia\u0142 Kana\u0142u Zero. Od Kana\u0142u Zero otrzymali\u015bmy, szkolenia, wsparcie merytoryczne i techniczne oraz wynagrodzenie.<\/p>\n<p><a href=\"https:\/\/i0.wp.com\/www.gdanskstrefa.com\/wp-content\/uploads\/2026\/03\/zer2o-.jpg?ssl=1\" data-lbwps-width=\"519\" data-lbwps-height=\"389\" data-lbwps-srcsmall=\"https:\/\/www.gdanskstrefa.com\/wp-content\/uploads\/2026\/03\/zer2o--300x225.jpg\" rel=\"nofollow noopener\" target=\"_blank\"><img data-recalc-dims=\"1\" loading=\"lazy\" decoding=\"async\" data-attachment-id=\"74535\" data-permalink=\"https:\/\/www.gdanskstrefa.com\/od-strefy-prestizu-do-strefy-zero-zmiany\/zer2o\/\" data-orig-file=\"https:\/\/i0.wp.com\/www.gdanskstrefa.com\/wp-content\/uploads\/2026\/03\/zer2o-.jpg?fit=519%2C389&amp;ssl=1\" data-orig-size=\"519,389\" data-comments-opened=\"1\" data-image-meta=\"{&quot;aperture&quot;:&quot;0&quot;,&quot;credit&quot;:&quot;&quot;,&quot;camera&quot;:&quot;&quot;,&quot;caption&quot;:&quot;&quot;,&quot;created_timestamp&quot;:&quot;0&quot;,&quot;copyright&quot;:&quot;&quot;,&quot;focal_length&quot;:&quot;0&quot;,&quot;iso&quot;:&quot;0&quot;,&quot;shutter_speed&quot;:&quot;0&quot;,&quot;title&quot;:&quot;&quot;,&quot;orientation&quot;:&quot;0&quot;}\" data-image-title=\"zer2o-\" data-image-description=\"\" data-image-caption=\"\" data-medium-file=\"https:\/\/i0.wp.com\/www.gdanskstrefa.com\/wp-content\/uploads\/2026\/03\/zer2o-.jpg?fit=300%2C225&amp;ssl=1\" data-large-file=\"https:\/\/i0.wp.com\/www.gdanskstrefa.com\/wp-content\/uploads\/2026\/03\/zer2o-.jpg?fit=519%2C389&amp;ssl=1\" class=\"wp-image-74535 size-full\" src=\"https:\/\/www.europesays.com\/pl\/wp-content\/uploads\/2026\/04\/zer2o-.jpg\" alt=\"\" width=\"519\" height=\"389\"  \/><\/a>Nagrywanie testowego programu<\/p>\n<p style=\"text-align: justify;\" data-start=\"1209\" data-end=\"1451\">W tym momencie sta\u0142o si\u0119 jasne, \u017ce to ju\u017c nie jest hobby ani dzia\u0142alno\u015b\u0107 \u201epo godzinach\u201d. Dlatego podj\u0119li\u015bmy decyzj\u0119 o powo\u0142aniu sp\u00f3\u0142ki Strefa ZERO, kt\u00f3ra b\u0119dzie dzia\u0142a\u0107 komercyjnie w mediach lokalnych, w Gda\u0144sku i na Pomorzu. Po podpisaniu um\u00f3w i przej\u015bciu szkole\u0144 ekipa Kana\u0142u Zero przyjecha\u0142a do nas ponownie. Wsp\u00f3lnie zmienili\u015bmy aran\u017cacj\u0119 studia i nagrali\u015bmy pierwsze materia\u0142y testowe. Od maja ruszamy pe\u0142n\u0105 par\u0105. Planujemy kilka program\u00f3w tygodniowo, w tym program na \u017cywo, do kt\u00f3rego b\u0119dziemy zaprasza\u0107 lokalnych go\u015bci: polityk\u00f3w, samorz\u0105dowc\u00f3w, sportowc\u00f3w, ludzi kultury i osoby, kt\u00f3re po prostu maj\u0105 co\u015b wa\u017cnego do powiedzenia. Skupiamy si\u0119 na wiadomo\u015bciach i sprawach lokalnych.<\/p>\n<p style=\"text-align: justify;\">Co z Gda\u0144sk Strefa Presti\u017cu?<br \/>Tu wielu z Was mo\u017ce si\u0119 zdziwi\u0107 albo nawet zaniepokoi\u0107. Gda\u0144sk Strefa Presti\u017cu nie znika. Zmienia jednak sw\u00f3j cel i zakres dzia\u0142ania. Od teraz Gda\u0144sk Strefa Presti\u017cu zajmie si\u0119 organizacj\u0105 referendum w Gda\u0144sku, kt\u00f3rego celem b\u0119dzie odwo\u0142anie prezydenta miasta oraz ca\u0142ej Rady Miasta i doprowadzenie do przedterminowych wybor\u00f3w. Od kilku tygodni badali\u015bmy nastroje spo\u0142eczne. Publikowali\u015bmy teksty, kt\u00f3re mia\u0142y sprawdzi\u0107, jak mieszka\u0144cy reaguj\u0105 na ten pomys\u0142. Wnioski s\u0105 jednoznaczne: temat jest \u017cywy, emocje s\u0105 realne, a potrzeba zmiany wyra\u017ana.<\/p>\n<p style=\"text-align: justify;\">B\u0119dziemy dzia\u0142a\u0107 w oparciu o do\u015bwiadczenia innych miast. Jeste\u015bmy w kontakcie z organizatorami referendum w Krakowie i korzystamy z ich wiedzy oraz praktycznych wskaz\u00f3wek. Akcja referendalna w Gda\u0144sku ruszy wkr\u00f3tce, szczeg\u00f3\u0142y podamy niebawem.<\/p>\n<p style=\"text-align: justify;\">Przed nami intensywny czas. Z jednej strony, Strefa ZERO jako nowe, lokalne media we wsp\u00f3\u0142pracy z Kana\u0142em Zero. Z drugiej, Gda\u0144sk Strefa Presti\u017cu, kt\u00f3ra wchodzi na \u015bcie\u017ck\u0119 realnego dzia\u0142ania obywatelskiego. Zmieniamy nazw\u0119, ale sens pozostaje ten sam: robi\u0107 rzeczy wa\u017cne.<\/p>\n<p style=\"text-align: justify;\"><a href=\"https:\/\/www.gdanskstrefa.com\/\" rel=\"nofollow noopener\" target=\"_blank\">Gda\u0144sk Strefa Presti\u017cu<\/a><\/p>\n<p style=\"text-align: justify;\" data-start=\"1209\" data-end=\"1451\">\u00a0<\/p>\n","protected":false},"excerpt":{"rendered":"Zmiany czasem przychodz\u0105 po cichu, a czasem wchodz\u0105 drzwiami i oknami. Ta druga wersja w\u0142a\u015bnie nam si\u0119 przydarzy\u0142a.&hellip;\n","protected":false},"author":2,"featured_media":339394,"comment_status":"","ping_status":"","sticky":false,"template":"","format":"standard","meta":{"footnotes":"","_share_on_mastodon":"0"},"categories":[51610],"tags":[57184,1048,1158,42,38,40,39,41,57185,43426,57186,57187,57188,4772],"class_list":["post-339393","post","type-post","status-publish","format-standard","has-post-thumbnail","category-gdansk","tag-1-maja","tag-gdansk","tag-media","tag-pl","tag-poland","tag-polish","tag-polska","tag-polski","tag-portal-informacyjny","tag-rebranding","tag-strefa-prestizu","tag-strefa-zero","tag-wiadomosci-gdansk","tag-zmiany"],"share_on_mastodon":{"url":"https:\/\/pubeurope.com\/@pl\/116327956032784036","error":""},"_links":{"self":[{"href":"https:\/\/www.europesays.com\/pl\/wp-json\/wp\/v2\/posts\/339393","targetHints":{"allow":["GET"]}}],"collection":[{"href":"https:\/\/www.europesays.com\/pl\/wp-json\/wp\/v2\/posts"}],"about":[{"href":"https:\/\/www.europesays.com\/pl\/wp-json\/wp\/v2\/types\/post"}],"author":[{"embeddable":true,"href":"https:\/\/www.europesays.com\/pl\/wp-json\/wp\/v2\/users\/2"}],"replies":[{"embeddable":true,"href":"https:\/\/www.europesays.com\/pl\/wp-json\/wp\/v2\/comments?post=339393"}],"version-history":[{"count":0,"href":"https:\/\/www.europesays.com\/pl\/wp-json\/wp\/v2\/posts\/339393\/revisions"}],"wp:featuredmedia":[{"embeddable":true,"href":"https:\/\/www.europesays.com\/pl\/wp-json\/wp\/v2\/media\/339394"}],"wp:attachment":[{"href":"https:\/\/www.europesays.com\/pl\/wp-json\/wp\/v2\/media?parent=339393"}],"wp:term":[{"taxonomy":"category","embeddable":true,"href":"https:\/\/www.europesays.com\/pl\/wp-json\/wp\/v2\/categories?post=339393"},{"taxonomy":"post_tag","embeddable":true,"href":"https:\/\/www.europesays.com\/pl\/wp-json\/wp\/v2\/tags?post=339393"}],"curies":[{"name":"wp","href":"https:\/\/api.w.org\/{rel}","templated":true}]}}