{"id":340074,"date":"2026-04-01T12:43:07","date_gmt":"2026-04-01T12:43:07","guid":{"rendered":"https:\/\/www.europesays.com\/pl\/340074\/"},"modified":"2026-04-01T12:43:07","modified_gmt":"2026-04-01T12:43:07","slug":"szukasz-pomyslu-na-swiateczny-odpoczynek-wybierz-sie-na-spacer-po-warszawskiej-pradze-nieruchomosci","status":"publish","type":"post","link":"https:\/\/www.europesays.com\/pl\/340074\/","title":{"rendered":"Szukasz pomys\u0142u na \u015bwi\u0105teczny odpoczynek? Wybierz si\u0119 na spacer po warszawskiej Pradze! &#8211; Nieruchomo\u015bci"},"content":{"rendered":"<p>Kolorowe tulipany Jaros\u0142awa Koziary, rze\u017aby Marka Su\u0142ka na Placu Konesera, a tak\u017ce wiosenna atmosfera w\u015br\u00f3d ceglanej architektury. <a href=\"https:\/\/koneser.eu?utm_source=promocja&amp;utm_medium=wielkanoc26\" rel=\"nofollow noopener\" target=\"_blank\">Centrum Praskie Koneser<\/a> ponownie zaprasza mieszka\u0144c\u00f3w Warszawy na wiosenne i wielkanocne spacery. To dobry moment, by odkry\u0107 prawobrze\u017cn\u0105 cz\u0119\u015b\u0107 miasta i przy okazji zaplanowa\u0107 rodzinny obiad, zw\u0142aszcza w Poniedzia\u0142ek Wielkanocny.<\/p>\n<p>Wraz z nadej\u015bciem wiosny do <a href=\"https:\/\/koneser.eu?utm_source=promocja&amp;utm_medium=wielkanoc26\" rel=\"nofollow noopener\" target=\"_blank\">Centrum Praskiego Koneser<\/a> wr\u00f3ci\u0142y w\u0142a\u015bnie charakterystyczne instalacje kwiatowe autorstwa Jaros\u0142awa Koziary. Kolorowe tulipany pojawi\u0142y si\u0119 ponownie na Placu Konesera, tworz\u0105c wyj\u0105tkow\u0105, fotogeniczn\u0105 scenografi\u0119, kt\u00f3ra co roku przyci\u0105ga mieszka\u0144c\u00f3w i go\u015bci szukaj\u0105cych pomys\u0142u na wiosenny spacer.<\/p>\n<p><a href=\"https:\/\/www.europesays.com\/pl\/wp-content\/uploads\/2026\/04\/Giga-Aniol-to-jedna-z-rzezb-Marka-Sulka-ktora-mozna-znalezc-w-Koneserze.jpg\" class=\"td-modal-image\"><img fetchpriority=\"high\" decoding=\"async\" width=\"1200\" height=\"1600\" src=\"https:\/\/www.europesays.com\/pl\/wp-content\/uploads\/2026\/04\/Giga-Aniol-to-jedna-z-rzezb-Marka-Sulka-ktora-mozna-znalezc-w-Koneserze.jpg\" alt=\"\" class=\"wp-image-114394\"  \/><\/a><\/p>\n<p>Na odwiedzaj\u0105cych czeka tak\u017ce efektowna instalacja w postaci Giga Anio\u0142a Marka Su\u0142ka, kt\u00f3ry jest jednym z najbardziej rozpoznawalnych element\u00f3w aran\u017cacji Placu Konesera. A niedawno do\u0142\u0105czy\u0142 do niego sympatyczny \u201ezwierzyniec\u201d \u2013 w postaci piesk\u00f3w i kotka. To doskona\u0142a propozycja zar\u00f3wno dla rodzin z dzie\u0107mi, jak i wszystkich tych, kt\u00f3rzy chc\u0105 poczu\u0107 wiosenn\u0105 atmosfer\u0119 i zrobi\u0107 \u015bwietne zdj\u0119cia. Nie b\u0119d\u0105 zawiedzeni te\u017c fani popularnych plansz\u00f3wek: strefa darmowych gigagier jest do dyspozycji!<\/p>\n<p>Spacer po Pradze z przystankiem w Koneserze<\/p>\n<p>Wielkanoc to dobry moment, by odkrywa\u0107 Prag\u0119 \u2013 dzielnic\u0119, kt\u00f3ra zachowa\u0142a sw\u00f3j autentyczny charakter i unikaln\u0105 zabudow\u0119. <a href=\"https:\/\/koneser.eu?utm_source=promocja&amp;utm_medium=wielkanoc26\" rel=\"nofollow noopener\" target=\"_blank\">Centrum Praskie Koneser<\/a>, zlokalizowane na terenie dawnej Warszawskiej Wytw\u00f3rni W\u00f3dek, jest dzi\u015b jednym z najch\u0119tniej odwiedzanych punkt\u00f3w tej cz\u0119\u015bci miasta.<\/p>\n<p>Spacer po okolicy mo\u017cna po\u0142\u0105czy\u0107 z odwiedzinami w pobliskich miejscach dobrze znanych mieszka\u0144com \u2013 takich jak ulica Z\u0105bkowska, praska katedra czy klimatyczne podw\u00f3rka. Koneser stanowi naturalny przystanek na trasie spacer\u00f3w po tej cz\u0119\u015bci Warszawy.<\/p>\n<p>Pomys\u0142 na rodzinny obiad \u2013 tak\u017ce w \u015bwi\u0119ta!<\/p>\n<p>Wizyta w Koneserze to nie tylko spacer, ale r\u00f3wnie\u017c okazja do wsp\u00f3lnego \u015bwi\u0119towania przy stole. Na miejscu dzia\u0142a kilkana\u015bcie restauracji i kawiarni, kt\u00f3re w okresie \u015bwi\u0105tecznym przygotowuj\u0105 specjalne propozycje dla go\u015bci.<\/p>\n<p>To dobre miejsce na rodzinny obiad Wielkanocny lub spotkanie z bliskimi po \u015bwi\u0105tecznym spacerze. W\u015br\u00f3d lokali znajduj\u0105 si\u0119 zar\u00f3wno restauracje serwuj\u0105ce dania kuchni polskiej, jak i propozycje inspirowane smakami z r\u00f3\u017cnych stron \u015bwiata. Na go\u015bci czekaj\u0105 Koneser Grill, Starlet, Concept Food &amp; Wine, ORZO, Sp\u00f3\u0142dzielnia Konser, L\u2019Osteria Pizza e Pasta czy Bombaj Masala, a tak\u017ce wiele innych restauracji, kt\u00f3re pozwalaj\u0105 dopasowa\u0107 menu do r\u00f3\u017cnych gust\u00f3w i okazji. Pe\u0142ny harmonogram poni\u017cej:<\/p>\n<p><a href=\"https:\/\/www.europesays.com\/pl\/wp-content\/uploads\/2026\/04\/Koneser-w-okresie-wielkanocnym.png\" class=\"td-modal-image\"><img loading=\"lazy\" decoding=\"async\" width=\"1654\" height=\"2556\" src=\"https:\/\/www.europesays.com\/pl\/wp-content\/uploads\/2026\/04\/Koneser-w-okresie-wielkanocnym.png\" alt=\"\" class=\"wp-image-114395\"  \/><\/a><\/p>\n<p>Wiosenna atmosfera w sercu ceglanej architektury<\/p>\n<p>Jednym z najwi\u0119kszych atut\u00f3w Konesera pozostaje jego wyj\u0105tkowa architektura \u2013 historyczne, XIX-wieczne budynki dawnej fabryki, kt\u00f3re po rewitalizacji tworz\u0105 dzi\u015b przyjazn\u0105 przestrze\u0144. Wiosenne dekoracje, kwiatowe instalacje i otwarty Plac Konesera sprawiaj\u0105, \u017ce miejsce to szczeg\u00f3lnie dobrze sprawdza si\u0119 jako punkt spotka\u0144 i odpoczynku w mie\u015bcie.<\/p>\n<p>\u015awi\u0105teczny spacer, rodzinne zdj\u0119cia w\u015br\u00f3d tulipan\u00f3w czy wsp\u00f3lny obiad \u2013 to tylko kilka powod\u00f3w, dla kt\u00f3rych w najbli\u017cszych dniach warto zajrze\u0107 na warszawsk\u0105 Prag\u0119.<\/p>\n<p>Wi\u0119cej informacji o aktualnej ofercie i wydarzeniach mo\u017cna znale\u017a\u0107 na stronie <a href=\"https:\/\/koneser.eu?utm_source=promocja&amp;utm_medium=wielkanoc26\" rel=\"nofollow noopener\" target=\"_blank\">koneser.eu<\/a> oraz w mediach spo\u0142eczno\u015bciowych Centrum Praskiego Koneser.<\/p>\n<p>Artyku\u0142 sponsorowany<\/p>\n","protected":false},"excerpt":{"rendered":"Kolorowe tulipany Jaros\u0142awa Koziary, rze\u017aby Marka Su\u0142ka na Placu Konesera, a tak\u017ce wiosenna atmosfera w\u015br\u00f3d ceglanej architektury. Centrum&hellip;\n","protected":false},"author":2,"featured_media":340075,"comment_status":"","ping_status":"","sticky":false,"template":"","format":"standard","meta":{"footnotes":"","_share_on_mastodon":"0"},"categories":[51605],"tags":[57384,3511,57385,9760,1138,42,38,15446,40,39,41,435,26],"class_list":["post-340074","post","type-post","status-publish","format-standard","has-post-thumbnail","category-warszawa","tag-centrum-praskie-koneser","tag-inwestycje","tag-koneser","tag-mazowsze","tag-nieruchomosci","tag-pl","tag-poland","tag-polecane","tag-polish","tag-polska","tag-polski","tag-warszawa","tag-wiadomosci"],"share_on_mastodon":{"url":"https:\/\/pubeurope.com\/@pl\/116329513359587312","error":""},"_links":{"self":[{"href":"https:\/\/www.europesays.com\/pl\/wp-json\/wp\/v2\/posts\/340074","targetHints":{"allow":["GET"]}}],"collection":[{"href":"https:\/\/www.europesays.com\/pl\/wp-json\/wp\/v2\/posts"}],"about":[{"href":"https:\/\/www.europesays.com\/pl\/wp-json\/wp\/v2\/types\/post"}],"author":[{"embeddable":true,"href":"https:\/\/www.europesays.com\/pl\/wp-json\/wp\/v2\/users\/2"}],"replies":[{"embeddable":true,"href":"https:\/\/www.europesays.com\/pl\/wp-json\/wp\/v2\/comments?post=340074"}],"version-history":[{"count":0,"href":"https:\/\/www.europesays.com\/pl\/wp-json\/wp\/v2\/posts\/340074\/revisions"}],"wp:featuredmedia":[{"embeddable":true,"href":"https:\/\/www.europesays.com\/pl\/wp-json\/wp\/v2\/media\/340075"}],"wp:attachment":[{"href":"https:\/\/www.europesays.com\/pl\/wp-json\/wp\/v2\/media?parent=340074"}],"wp:term":[{"taxonomy":"category","embeddable":true,"href":"https:\/\/www.europesays.com\/pl\/wp-json\/wp\/v2\/categories?post=340074"},{"taxonomy":"post_tag","embeddable":true,"href":"https:\/\/www.europesays.com\/pl\/wp-json\/wp\/v2\/tags?post=340074"}],"curies":[{"name":"wp","href":"https:\/\/api.w.org\/{rel}","templated":true}]}}