{"id":340266,"date":"2026-04-01T14:30:11","date_gmt":"2026-04-01T14:30:11","guid":{"rendered":"https:\/\/www.europesays.com\/pl\/340266\/"},"modified":"2026-04-01T14:30:11","modified_gmt":"2026-04-01T14:30:11","slug":"imgw-wydaje-alerty-pierwszego-stopnia-przymrozki-to-nie-wszystko-co-nas-czeka","status":"publish","type":"post","link":"https:\/\/www.europesays.com\/pl\/340266\/","title":{"rendered":"IMGW wydaje alerty pierwszego stopnia. Przymrozki to nie wszystko co nas czeka"},"content":{"rendered":"<p>Noc z wtorku na \u015brod\u0119 w wielu miejscach przynios\u0142a spadki temperatury poni\u017cej 0 st. C. Wed\u0142ug danych IMGW najzimniej by\u0142o w \u0141odzi, Poznaniu i Toruniu, gdzie temperatura przy gruncie spad\u0142a do -7 st. C. R\u00f3wnie zimno ma by\u0107 w nocy ze \u015brody na czwartek.<\/p>\n<p>Przymrozki, mg\u0142y, \u015bnieg. IMGW wyda\u0142 alerty pierwszego stopnia<\/p>\n<p>IMGW wyda\u0142 ostrze\u017cenia pierwszego stopnia przed przymrozkami dla nast\u0119puj\u0105cych wojew\u00f3dztw:<\/p>\n<ul class=\"ods-m-bullet-list\">\n<li class=\"ods-a-bullet ods-a-bullet--normal\"> zachodniopomorskiego <\/li>\n<li class=\"ods-a-bullet ods-a-bullet--normal\"> pomorskiego <\/li>\n<li class=\"ods-a-bullet ods-a-bullet--normal\"> warmi\u0144sko-mazurskiego <\/li>\n<li class=\"ods-a-bullet ods-a-bullet--normal\"> podlaskiego (powiaty na zach\u00f3d i p\u00f3\u0142noc od Bia\u0142egostoku) <\/li>\n<li class=\"ods-a-bullet ods-a-bullet--normal\"> mazowieckiego (powiaty na p\u00f3\u0142noc od Warszawy) <\/li>\n<li class=\"ods-a-bullet ods-a-bullet--normal\"> kujawsko-pomorskiego <\/li>\n<li class=\"ods-a-bullet ods-a-bullet--normal\"> wielkopolskiego <\/li>\n<li class=\"ods-a-bullet ods-a-bullet--normal\"> lubuskiego <\/li>\n<li class=\"ods-a-bullet ods-a-bullet--normal\"> dolno\u015bl\u0105skiego <\/li>\n<li class=\"ods-a-bullet ods-a-bullet--normal\"> opolskiego (powiaty na p\u00f3\u0142nocy) <\/li>\n<li class=\"ods-a-bullet ods-a-bullet--normal\"> \u0142\u00f3dzkiego (powiaty na p\u00f3\u0142nocy oraz na zach\u00f3d od Piotrkowa Trybunalskiego) <\/li>\n<\/ul>\n<p>Na tym obszarze prognozowany jest spadek temperatury minimalnej do -3\/-5 st. C, a przy gruncie do -7 st. C. Alerty zaczn\u0105 obowi\u0105zywa\u0107 w \u015brod\u0119 o godz. 21, a wygasn\u0105 w czwartek o godz. 8. Szanse na wyst\u0105pienie zjawiska oceniono na 90 proc.<\/p>\n<p> Dalszy ci\u0105g artyku\u0142u pod materia\u0142em wideo  <img decoding=\"async\" src=\"https:\/\/cdn-omp.onet.pl\/1\/8JMk9lBaHR0cHM6Ly9vY2RuLmV1L3B1bHNjbXMvTURBXy85ODY2NmU1NjUxMDQwMmEwOTI3ZDVlYjhlYmFmMzZlNS5wbmeRlQLNB1jNCJLCw94AAqEwB6ExBA\" height=\"700\" width=\"600\" alt=\"11 wojew\u00f3dztw zagro\u017conych przymrozkami\" loading=\"lazy\" class=\"ods-c-image__img ods-c-image__img--vertical\"\/> <\/p>\n<p>11 wojew\u00f3dztw zagro\u017conych przymrozkamiIMGW-PIB METEO POLSKA<\/p>\n<p>Zagro\u017cenie stanowi\u0107 b\u0119dzie tak\u017ce g\u0119sta mg\u0142a. Ostrze\u017cenia pierwszego stopnia przed tym zjawiskiem zosta\u0142y wydane dla wojew\u00f3dztw:<\/p>\n<ul class=\"ods-m-bullet-list\">\n<li class=\"ods-a-bullet ods-a-bullet--normal\"> zachodniopomorskiego (powiaty wzd\u0142u\u017c granicy z wojew\u00f3dztwem pomorskim) <\/li>\n<li class=\"ods-a-bullet ods-a-bullet--normal\"> pomorskiego <\/li>\n<li class=\"ods-a-bullet ods-a-bullet--normal\"> warmi\u0144sko-mazurskiego (z wyj\u0105tkiem powiat\u00f3w na po\u0142udniu) <\/li>\n<li class=\"ods-a-bullet ods-a-bullet--normal\"> kujawsko-pomorskiego (powiaty na p\u00f3\u0142nocy) <\/li>\n<li class=\"ods-a-bullet ods-a-bullet--normal\"> wielkopolskiego (powiat z\u0142otowski) <\/li>\n<\/ul>\n<p>Na tym obszarze mo\u017cliwe jest wyst\u0105pienie g\u0119stej mg\u0142y ograniczaj\u0105cej widzialno\u015b\u0107 poni\u017cej 200 m. Mg\u0142a mo\u017ce osadza\u0107 szad\u017a i powodowa\u0107 \u015blisko\u015b\u0107 na drogach i chodnikach. Ostrze\u017cenia zaczn\u0105 obowi\u0105zywa\u0107 w \u015brod\u0119 o godz. 20, a wygasn\u0105 w czwartek o godz. 10. Prawdopodobie\u0144stwo wyst\u0105pienia zjawiska oceniono na 80 proc.<\/p>\n<p>      <img decoding=\"async\" src=\"https:\/\/cdn-omp.onet.pl\/1\/TT6k9lBaHR0cHM6Ly9vY2RuLmV1L3B1bHNjbXMvTURBXy9jOGY5NTllY2YzOGJlMGE0MmQzNDg1YjNiYWQzN2I1Ni5wbmeRlQLNB1jNCJLCw94AAqEwB6ExBA\" height=\"700\" width=\"600\" alt=\"Na p\u00f3\u0142nocy Polski pojawi\u0105 si\u0119 g\u0119ste mg\u0142y\" loading=\"lazy\" class=\"ods-c-image__img ods-c-image__img--vertical\"\/> <\/p>\n<p>Na p\u00f3\u0142nocy Polski pojawi\u0105 si\u0119 g\u0119ste mg\u0142yIMGW-PIB METEO POLSKA<\/p>\n<p>W powiatach: tatrza\u0144skim i nowotarskim (woj. ma\u0142opolskie) synoptycy prognozuj\u0105 r\u00f3wnie\u017c opady \u015bniegu. &#8222;Prognozowane s\u0105 opady \u015bniegu, powoduj\u0105ce przyrost pokrywy \u015bnie\u017cnej o 5 cm do 8 cm, zw\u0142aszcza w rejonach po\u0142o\u017conych powy\u017cej 900 m n.p.m.&#8221; \u2014 informuje IMGW. \u015anieg zacznie pada\u0107 wczesnym popo\u0142udniem w \u015brod\u0119, a opady powinny zanikn\u0105\u0107 w nocy ze \u015brody na czwartek.<\/p>\n","protected":false},"excerpt":{"rendered":"Noc z wtorku na \u015brod\u0119 w wielu miejscach przynios\u0142a spadki temperatury poni\u017cej 0 st. C. Wed\u0142ug danych IMGW&hellip;\n","protected":false},"author":2,"featured_media":340267,"comment_status":"","ping_status":"","sticky":false,"template":"","format":"standard","meta":{"footnotes":"","_share_on_mastodon":"0"},"categories":[12],"tags":[24288,32,33,36,37,27,167,34,35,10372,28,31,48,25,46,55,42,78,38,40,39,41,3324,47,29,30,26],"class_list":["post-340266","post","type-post","status-publish","format-standard","has-post-thumbnail","category-polska","tag-alert_imgw","tag-breaking-news","tag-breakingnews","tag-featured-news","tag-featurednews","tag-headlines","tag-imgw","tag-latest-news","tag-latestnews","tag-mgla","tag-naglowki","tag-najwazniejsze-artykuly","tag-nat_styl","tag-news","tag-omp","tag-phx","tag-pl","tag-pogoda","tag-poland","tag-polish","tag-polska","tag-polski","tag-przymrozki","tag-screening_general","tag-top-stories","tag-topstories","tag-wiadomosci"],"share_on_mastodon":{"url":"https:\/\/pubeurope.com\/@pl\/116329934110897072","error":""},"_links":{"self":[{"href":"https:\/\/www.europesays.com\/pl\/wp-json\/wp\/v2\/posts\/340266","targetHints":{"allow":["GET"]}}],"collection":[{"href":"https:\/\/www.europesays.com\/pl\/wp-json\/wp\/v2\/posts"}],"about":[{"href":"https:\/\/www.europesays.com\/pl\/wp-json\/wp\/v2\/types\/post"}],"author":[{"embeddable":true,"href":"https:\/\/www.europesays.com\/pl\/wp-json\/wp\/v2\/users\/2"}],"replies":[{"embeddable":true,"href":"https:\/\/www.europesays.com\/pl\/wp-json\/wp\/v2\/comments?post=340266"}],"version-history":[{"count":0,"href":"https:\/\/www.europesays.com\/pl\/wp-json\/wp\/v2\/posts\/340266\/revisions"}],"wp:featuredmedia":[{"embeddable":true,"href":"https:\/\/www.europesays.com\/pl\/wp-json\/wp\/v2\/media\/340267"}],"wp:attachment":[{"href":"https:\/\/www.europesays.com\/pl\/wp-json\/wp\/v2\/media?parent=340266"}],"wp:term":[{"taxonomy":"category","embeddable":true,"href":"https:\/\/www.europesays.com\/pl\/wp-json\/wp\/v2\/categories?post=340266"},{"taxonomy":"post_tag","embeddable":true,"href":"https:\/\/www.europesays.com\/pl\/wp-json\/wp\/v2\/tags?post=340266"}],"curies":[{"name":"wp","href":"https:\/\/api.w.org\/{rel}","templated":true}]}}