{"id":340464,"date":"2026-04-01T16:42:08","date_gmt":"2026-04-01T16:42:08","guid":{"rendered":"https:\/\/www.europesays.com\/pl\/340464\/"},"modified":"2026-04-01T16:42:08","modified_gmt":"2026-04-01T16:42:08","slug":"polska-przegrala-z-pfizerem-resort-zapowiada-odwolanie","status":"publish","type":"post","link":"https:\/\/www.europesays.com\/pl\/340464\/","title":{"rendered":"Polska przegra\u0142a z Pfizerem. Resort zapowiada odwo\u0142anie"},"content":{"rendered":"\n<p>&#13;<br \/>\nPolska zam\u00f3wi\u0142a 60 mln szczepionek firmy Pfizer w\u00a0czasie pandemii koronawirusa. Ostatecznie jednak ich nie\u00a0odebra\u0142a, ani nie\u00a0zap\u0142aci\u0142a pomimo umowy, podpisanej r\u00f3wnie\u017c przez Komisj\u0119 Europejsk\u0105. &#13;\n<\/p>\n<p>Polska zam\u00f3wi\u0142a szczepionki przeciwko COVID, ale\u00a0ich nie\u00a0odebra\u0142a<\/p>\n<p>&#13;<br \/>\n\u00d3wczesny premier Mateusz Morawiecki w\u00a0li\u015bcie skierowanym w\u00a0marcu 2022 roku do\u00a0szefowej Komisji Europejskiej Ursuli von der Leyen, wyja\u015bni\u0142 \u017ce\u00a0Polska nie\u00a0odbierze zam\u00f3wionych szczepionek ze\u00a0wzgl\u0119du na\u00a0\u2013 jak t\u0142umaczy\u0142 \u2013\u00a0\u201esi\u0142\u0119 wy\u017csz\u0105\u201d, jak\u0105 jest wojna na\u00a0Ukrainie. Podkre\u015bli\u0142, \u017ce\u00a0Polska ponios\u0142a w\u00a0wyniku konfliktu zbrojnego u\u00a0s\u0105siada wysokie koszty, w\u00a0tym zwi\u0105zane z\u00a0nap\u0142ywem uchod\u017ac\u00f3w wojennych z\u00a0Ukrainy i\u00a0przez to\u00a0zosta\u0142a zmuszona odst\u0105pi\u0107 od\u00a0kontraktu z\u00a0Pfizerem. &#13;\n<\/p>\n<p>Pfizer pozwa\u0142 Polsk\u0119. S\u0105d pierwszej instancji wyda\u0142 wyrok<\/p>\n<p>&#13;<br \/>\nPfizer postanowi\u0142 jednak o\u00a0<a href=\"https:\/\/dorzeczy.pl\/kraj\/506205\/pfizer-pozwal-polske-ws-szczepionek-zada-6-mld-zl.html\" rel=\"nofollow noopener\" target=\"_blank\">skierowaniu sprawy na\u00a0\u015bcie\u017ck\u0119 s\u0105dow\u0105,<\/a> sk\u0142adaj\u0105c pozew w\u00a0Brukseli. Koncern domaga si\u0119 od\u00a0Polski wyp\u0142aty odszkodowania w\u00a0wysoko\u015bci 6\u00a0mld z\u0142. &#13;\n<\/p>\n<p>&#13;<br \/>\n<a href=\"https:\/\/dorzeczy.pl\/opinie\/868279\/pfizer-pozwal-polske-tusk-uderza-w-pis-po-wyroku-sadu.html\" rel=\"nofollow noopener\" target=\"_blank\">W \u015brod\u0119 s\u0105d pierwszej instancji w\u00a0Brukseli<\/a> nakaza\u0142 Polsce wykonanie umowy zawartej w\u00a0ramach unijnego zakupu szczepionek przeciw COVID-19 i\u00a0zap\u0142at\u0119 oko\u0142o 5,6 mld z\u0142 za\u00a0nieodebrane szczepionki. &#13;\n<\/p>\n<p>&#13;<br \/>\nS\u0105d w\u00a0Brukseli uzna\u0142, \u017ce\u00a0ani wojna w\u00a0Ukrainie, ani rozw\u00f3j sytuacji pandemicznej, nie\u00a0uzasadniaj\u0105 odst\u0105pienia od\u00a0warunk\u00f3w umowy. S\u0105d nakaza\u0142 Polsce odebranie pozosta\u0142ych szczepionek i\u00a0zap\u0142at\u0119 5\u00a0644 290 747 z\u0142. &#13;\n<\/p>\n<p>Ministerstwo Zdrowia wyda\u0142o komunikat. Zapowiada odwo\u0142anie<\/p>\n<p>&#13;<br \/>\nW wydanym komunikacie Ministerstwo Zdrowia wyja\u015bni\u0142o, s\u0105d pierwszej instancji zas\u0105dzi\u0142 od\u00a0Rzeczypospolitej Polskiej na\u00a0rzecz powoda \u017c\u0105dan\u0105 kwot\u0119 pieni\u0119\u017cn\u0105 wraz z\u00a0odsetkami oraz\u00a0orzek\u0142 o\u00a0obowi\u0105zku odbioru ok. 64 mln dawek szczepionek przeciwko COVID-19. &#13;\n<\/p>\n<p>&#13;<br \/>\ntwitter&#13;\n<\/p>\n<p>&#13;<br \/>\n\u201eOd wyroku Polsce przys\u0142uguje \u015brodek odwo\u0142awczy w\u00a0postaci apelacji. Post\u0119powanie apelacyjne jest pe\u0142noprawnym post\u0119powaniem, w\u00a0ramach kt\u00f3rego mo\u017cliwe jest podnoszenie zar\u00f3wno dotychczasowych, jak i\u00a0nowych argument\u00f3w prawnych i\u00a0faktycznych. Po\u00a0wydaniu orzeczenia przez s\u0105d drugiej instancji mo\u017cliwe jest r\u00f3wnie\u017c wniesienie skargi kasacyjnej\u201d \u2013\u00a0czytamy. &#13;\n<\/p>\n<p>&#13;<br \/>\nResort zdrowia podkre\u015bli\u0142, \u017ce\u00a0\u201etre\u015b\u0107 wyroku wymaga szczeg\u00f3\u0142owej analizy prawnej, w\u00a0szczeg\u00f3lno\u015bci w\u00a0zakresie sposobu wykonania orzeczenia oraz\u00a0zakresu i\u00a0harmonogramu ewentualnych dostaw szczepionek\u201d. \u201eW\u0105tpliwo\u015bci interpretacyjne dotycz\u0105 m. in. modelu rozlicze\u0144 finansowych oraz\u00a0praktycznych aspekt\u00f3w realizacji obowi\u0105zku odbioru dawek\u201d \u2013\u00a0dodano. &#13;\n<\/p>\n<p>&#13;<br \/>\nMinisterstwo przekaza\u0142o, \u017ce\u00a0Polska zamierza skorzysta\u0107 z\u00a0wszelkich przys\u0142uguj\u0105cych jej \u015brodk\u00f3w prawnych w\u00a0celu zmiany tego orzeczenia i\u00a0obrony jej interes\u00f3w. &#13;\n<\/p>\n<p>&#13;<br \/>\n\u201eDalsze dzia\u0142ania b\u0119d\u0105 podejmowane po\u00a0przeprowadzeniu pog\u0142\u0119bionej analizy wyroku oraz\u00a0po\u00a0uzgodnieniach mi\u0119dzyresortowych, we\u00a0wsp\u00f3\u0142pracy z\u00a0pe\u0142nomocnikiem procesowym RP i\u00a0Prokuratori\u0105 Generaln\u0105 RP\u201d \u2013\u00a0czytamy w\u00a0komunikacie. &#13;\n<\/p>\n<p>&#13;<br \/>\nCzytaj te\u017c:<br \/><a href=\"https:\/\/dorzeczy.pl\/opinie\/868279\/pfizer-pozwal-polske-tusk-uderza-w-pis-po-wyroku-sadu.html\" rel=\"follow nofollow noopener\" data-schema=\"DORZECZY\" data-image=\"https:\/\/img.dorzeczy.pl\/_thumb\/a6\/15\/eb8608a8e58fb1ab9bef555f0164.jpeg\" target=\"_blank\">&#8222;To nie\u00a0prima aprilis&#8221;. Tusk: B\u0119dziemy musieli zap\u0142aci\u0107 za\u00a0skrajn\u0105 g\u0142upot\u0119 PiS<\/a>&#13;<\/p>\n","protected":false},"excerpt":{"rendered":"&#13; Polska zam\u00f3wi\u0142a 60 mln szczepionek firmy Pfizer w\u00a0czasie pandemii koronawirusa. Ostatecznie jednak ich nie\u00a0odebra\u0142a, ani nie\u00a0zap\u0142aci\u0142a pomimo&hellip;\n","protected":false},"author":2,"featured_media":340465,"comment_status":"","ping_status":"","sticky":false,"template":"","format":"standard","meta":{"footnotes":"","_share_on_mastodon":"0"},"categories":[12],"tags":[10553,98,3905,49,11341,102,40573,42,38,40,39,41,2225,531],"class_list":["post-340464","post","type-post","status-publish","format-standard","has-post-thumbnail","category-polska","tag-covid","tag-dorzeczy","tag-koronawirus","tag-kraj","tag-ministerstwo-zdrowia","tag-opinie","tag-pfizer","tag-pl","tag-poland","tag-polish","tag-polska","tag-polski","tag-sad","tag-szczepionka"],"share_on_mastodon":{"url":"https:\/\/pubeurope.com\/@pl\/116330452987527154","error":""},"_links":{"self":[{"href":"https:\/\/www.europesays.com\/pl\/wp-json\/wp\/v2\/posts\/340464","targetHints":{"allow":["GET"]}}],"collection":[{"href":"https:\/\/www.europesays.com\/pl\/wp-json\/wp\/v2\/posts"}],"about":[{"href":"https:\/\/www.europesays.com\/pl\/wp-json\/wp\/v2\/types\/post"}],"author":[{"embeddable":true,"href":"https:\/\/www.europesays.com\/pl\/wp-json\/wp\/v2\/users\/2"}],"replies":[{"embeddable":true,"href":"https:\/\/www.europesays.com\/pl\/wp-json\/wp\/v2\/comments?post=340464"}],"version-history":[{"count":0,"href":"https:\/\/www.europesays.com\/pl\/wp-json\/wp\/v2\/posts\/340464\/revisions"}],"wp:featuredmedia":[{"embeddable":true,"href":"https:\/\/www.europesays.com\/pl\/wp-json\/wp\/v2\/media\/340465"}],"wp:attachment":[{"href":"https:\/\/www.europesays.com\/pl\/wp-json\/wp\/v2\/media?parent=340464"}],"wp:term":[{"taxonomy":"category","embeddable":true,"href":"https:\/\/www.europesays.com\/pl\/wp-json\/wp\/v2\/categories?post=340464"},{"taxonomy":"post_tag","embeddable":true,"href":"https:\/\/www.europesays.com\/pl\/wp-json\/wp\/v2\/tags?post=340464"}],"curies":[{"name":"wp","href":"https:\/\/api.w.org\/{rel}","templated":true}]}}