{"id":340469,"date":"2026-04-01T16:45:12","date_gmt":"2026-04-01T16:45:12","guid":{"rendered":"https:\/\/www.europesays.com\/pl\/340469\/"},"modified":"2026-04-01T16:45:12","modified_gmt":"2026-04-01T16:45:12","slug":"45-poczatek-konkursu-w-zakopanem-lista-startowa-transmisja","status":"publish","type":"post","link":"https:\/\/www.europesays.com\/pl\/340469\/","title":{"rendered":"45 pocz\u0105tek konkursu w Zakopanem! (lista startowa + TRANSMISJA)"},"content":{"rendered":"<p>Przed nami ostatni akcent sezonu zimowego 2025\/2026. W \u015brod\u0119 na Wielkiej Krokwi (HS140) przeprowadzone zostan\u0105 zawody Red Bull Skoki w Punkt. Pi\u0119\u0107 dru\u017cyn prowadzonych przez legendy tego sportu b\u0119dzie staralo si\u0119 uzyska\u0107 \u0142\u0105czn\u0105 odleg\u0142o\u015b\u0107 1000 metr\u00f3w.<\/p>\n<p>                            <a class=\"fancybox\" href=\"https:\/\/www.skijumping.pl\/content\/images\/news\/powieksz\/krokiew_2026-04-01_14-06-00.jpg\" data-fancybox=\"gallery38664\" data-caption=\"Wielka Krokiew w Zakopanem, fot. Adam Bucholz\" rel=\"nofollow noopener\" target=\"_blank\"><img decoding=\"async\" class=\"img-responsive lazyload\" src=\"https:\/\/www.europesays.com\/pl\/wp-content\/uploads\/2026\/04\/280x190_q80_krokiew_2026-04-01_14-06-00.jpg\" alt=\"Wielka Krokiew w Zakopanem\" title=\"Wielka Krokiew w Zakopanem\"\/><\/a>Wielka Krokiew w Zakopanem<a class=\"fancybox\" href=\"https:\/\/www.skijumping.pl\/content\/images\/news\/powieksz\/miniskocznia_2026-04-01_02-08-40.jpg\" data-fancybox=\"gallery38664\" data-caption=\"Mobilna skocznia K-4, fot. Adam Bucholz\" rel=\"nofollow noopener\" target=\"_blank\"><img decoding=\"async\" class=\"img-responsive lazyload\" src=\"https:\/\/www.europesays.com\/pl\/wp-content\/uploads\/2026\/04\/280x190_q80_miniskocznia_2026-04-01_02-08-40.jpg\" alt=\"Mobilna skocznia K-4\" title=\"Mobilna skocznia K-4\"\/><\/a>Mobilna skocznia K-4<\/p>\n<p>fot. Adam Bucholz<\/p>\n<p><a class=\"fancybox\" href=\"https:\/\/www.skijumping.pl\/content\/images\/news\/powieksz\/podium_2025-04-05_18-52-32.jpg\" data-fancybox=\"gallery38664\" data-caption=\"Tak by\u0142o przed rokiem, fot. Adam Bucholz\" rel=\"nofollow noopener\" target=\"_blank\"><img decoding=\"async\" class=\"img-responsive lazyload\" src=\"https:\/\/www.europesays.com\/pl\/wp-content\/uploads\/2025\/12\/280x190_q80_podium_2025-04-05_18-52-32.jpg\" alt=\"Tak by\u0142o przed rokiem\" title=\"Tak by\u0142o przed rokiem\"\/><\/a>Tak by\u0142o przed rokiem<\/p>\n<p>fot. Adam Bucholz<\/p>\n<p>W \u015brodowym konkursie w Zakopanem ujrzymy pi\u0119\u0107 dru\u017cyn sk\u0142adaj\u0105cych si\u0119 z czo\u0142owych skoczk\u00f3w narciarskich Polski i \u015bwiata. Na belce startowej zasi\u0105dzie m.in. czterech skoczk\u00f3w z pierwszej pi\u0105tki klasyfikacji generalnej Pucharu \u015awiata 2025\/2026 &#8211; Domen Prevc, Ryoyu Kobayashi, Daniel Tschofenig i Anze Lanisek.<\/p>\n<p>Przed w\u0142asn\u0105 publiczno\u015bci\u0105 zaprezentuje si\u0119 \u0142\u0105cznie sze\u015bciu Bia\u0142o-Czerwonych. W rywalizacji na Wielkiej Krokwi ujrzymy Klemensa Joniaka, Macieja Kota, Dawida Kubackiego, Paw\u0142a W\u0105ska, Aleksandra Zniszczo\u0142a i Piotra \u017by\u0142\u0119.<\/p>\n<p>Tegoroczne grono kapitan\u00f3w dru\u017cyn tworz\u0105 natomiast Adam Ma\u0142ysz, Fin Janne Ahonen, Niemiec Martin Schmitt oraz Austriacy &#8211; Andreas Goldberger i Thomas Morgenstern.<\/p>\n<p>Zadaniem ka\u017cdej dru\u017cyny b\u0119dzie uzyskanie jak najbli\u017cszej \u0142\u0105cznej sumy odleg\u0142o\u015bci 1000 metr\u00f3w w o\u015bmiu skokach (2 serie po 4 zawodnik\u00f3w). Dodatkowo do wyniku zespo\u0142u liczy\u0107 si\u0119 b\u0119dzie pr\u00f3ba oddana przez kapitana ekipy na mobilnej skoczni K-4. Zwyci\u0119zc\u0105 zostanie zesp\u00f3\u0142, kt\u00f3ry idealnie uzyska sum\u0119 1000 metr\u00f3w, albo b\u0119dzie jej najbli\u017cej (przyk\u0142adowo wynik 990 metr\u00f3w b\u0119dzie lepszy ni\u017c 1015 m).<\/p>\n<p>W przypadku remisu, o miejscach decydowa\u0107 b\u0119dzie liczba idealnie trafionych skok\u00f3w, z kolei w przypadku kolejnego identycznego wyniku &#8211; odleg\u0142o\u015b\u0107 uzyskana przez kapitana na mobilnej skoczni. Zawodnik deklaruje dok\u0142adn\u0105 odleg\u0142o\u015b\u0107 przed pr\u00f3b\u0105 w porozumieniu z kapitanem (w jednej serii dru\u017cyna nie mo\u017ce powt\u00f3rzy\u0107 jednej z zadeklarowych odleg\u0142o\u015bci). Skoczek sam b\u0119dzie decydowa\u0142 o d\u0142ugo\u015bci rozbiegu.<\/p>\n<p>Nowo\u015bci\u0105 w tegorocznej edycji b\u0119dzie &#8222;joker&#8221;, kt\u00f3rego b\u0119dzie wr\u0119cza\u0142 kapitanom go\u015b\u0107 specjalny &#8211; Robert Kubica. Jedyny polski triumfator Grand Prix Formu\u0142y 1 wr\u0119czy &#8222;jokera&#8221; kapitanowi, je\u017celi jego zawodnik idealnie trafi w punkt. B\u0119dzie mia\u0142 wtedy prawo doda\u0107 lub odj\u0105\u0107 3 metry od sumy wynik\u00f3w zespo\u0142u, ale mo\u017ce te\u017c nie podejmowa\u0107 \u017cadnej zmiany.<\/p>\n<p>W ubieg\u0142ym roku w Red Bull Skoki w Punkt triumfowa\u0142a dru\u017cyna Martina Schmitta. Ekipa dwukrotnego mistrza \u015bwiata uzyska\u0142a idealnie 1000 metr\u00f3w oraz zaliczy\u0142a jeden skok w punkt, podobnie jak zesp\u00f3\u0142 Andreasa Goldbergera. Tym samym o zwyci\u0119stwie w konkursie decydowa\u0142a seria skok\u00f3w kapitan\u00f3w na mobilnej skoczni, w kt\u00f3rej lepszy by\u0142 reprezentant Niemiec.<\/p>\n<p>&#13;<br \/>\n\t&#13;<\/p>\n<tr>&#13;<\/p>\n<td class=\"tytul\" colspan=\"5\">Wyniki Red Bull Skoki w Punkt 2025<\/td>\n<p>&#13;<br \/>\n\t\t<\/tr>\n<p>&#13;<\/p>\n<tr>&#13;<br \/>\n\t\t\tLp.&#13;<br \/>\n\t\t\tZesp\u00f3\u0142&#13;<br \/>\n\t\t\tOdleg\u0142o\u015b\u0107&#13;<br \/>\n\t\t\tBull&#8217;s Eye&#13;<br \/>\n\t\t\tStrata&#13;<br \/>\n\t\t<\/tr>\n<p>&#13;<\/p>\n<tr class=\"ciemne\">&#13;<\/p>\n<td>1<\/td>\n<p>&#13;<\/p>\n<td>Dru\u017cyna Martina Schmitta<\/td>\n<p>&#13;<\/p>\n<td>1000.0<\/td>\n<p>&#13;<\/p>\n<td>1<\/td>\n<p>&#13;<\/p>\n<td>\u00a0<\/td>\n<p>&#13;<br \/>\n\t\t<\/tr>\n<p>&#13;<\/p>\n<tr class=\"jasne\">&#13;<\/p>\n<td>2<\/td>\n<p>&#13;<\/p>\n<td>Dru\u017cyna Andreasa Goldbergera<\/td>\n<p>&#13;<\/p>\n<td>1000.0<\/td>\n<p>&#13;<\/p>\n<td>1<\/td>\n<p>&#13;<\/p>\n<td>\u00a0<\/td>\n<p>&#13;<br \/>\n\t\t<\/tr>\n<p>&#13;<\/p>\n<tr class=\"ciemne\">&#13;<\/p>\n<td>3<\/td>\n<p>&#13;<\/p>\n<td>Dru\u017cyna Thomasa Morgensterna<\/td>\n<p>&#13;<\/p>\n<td>999.0<\/td>\n<p>&#13;<\/p>\n<td>1<\/td>\n<p>&#13;<\/p>\n<td>-1.0<\/td>\n<p>&#13;<br \/>\n\t\t<\/tr>\n<p>&#13;<\/p>\n<tr class=\"jasne\">&#13;<\/p>\n<td>4<\/td>\n<p>&#13;<\/p>\n<td>Dru\u017cyna Adama Ma\u0142ysza<\/td>\n<p>&#13;<\/p>\n<td>998.5<\/td>\n<p>&#13;<\/p>\n<td>1<\/td>\n<p>&#13;<\/p>\n<td>-1.5<\/td>\n<p>&#13;<br \/>\n\t\t<\/tr>\n<p>&#13;<\/p>\n<tr class=\"ciemne\">&#13;<\/p>\n<td>5<\/td>\n<p>&#13;<\/p>\n<td>Dru\u017cyna Gregora Schlierenzauera<\/td>\n<p>&#13;<\/p>\n<td>995.5<\/td>\n<p>&#13;<\/p>\n<td>0<\/td>\n<p>&#13;<\/p>\n<td>-4.5<\/td>\n<p>&#13;<br \/>\n\t\t<\/tr>\n<p>&#13;<br \/>\n\t&#13;<\/p>\n<p>W porze zawod\u00f3w wiatr na skoczni w Zakopanem ma osi\u0105ga\u0107 \u015bredni\u0105 pr\u0119dko\u015b\u0107 3 m\/s, za\u015b temperatura powietrza ma wynosi\u0107 +1\u00b0C. Przewidywane s\u0105 intensywne opady deszczu ze \u015bniegiem.<\/p>\n<p>Oficjalnym rekordzist\u0105 Wielkiej Krokwi (HS140) jest Yukiya Sato. Reprezentant Japonii podczas zawod\u00f3w dru\u017cynowych Pucharu \u015awiata w 2020 roku poszybowa\u0142 na 147 metr. Nieoficjalny rekord wynosi jednak 150,5 metra i nale\u017cy od ubieg\u0142orocznych zawod\u00f3w Red Bull Skoki w Punkt do Domena Prevca.<\/p>\n<p>O 15:45 maj\u0105 rozpocz\u0105\u0107 si\u0119 skoki kapitan\u00f3w zespo\u0142\u00f3w z obiektu K-4. Z kolei na 16:45 zaplanowano start zawod\u00f3w na Wielkiej Krokwi.<\/p>\n<p>Transmisj\u0119 z zawod\u00f3w przeprowadzi TVN (16:30), gdzie zmagania skomentuj\u0105 Igor B\u0142achut i Micha\u0142 Koro\u015bciel. Ponadto konkurs poka\u017ce Eurosport 3 (16:30) i <a href=\"https:\/\/www.youtube.com\/@EurosportPolska\/streams\" target=\"_blank\" rel=\"nofollow noopener\">kana\u0142 Eurosportu na YouTube<\/a> (16:30) z alternatywnym komentarzem autorstwa Parisa Platynova i Testree.<\/p>\n<p>PROGRAM ZAWOD\u00d3W:<\/p>\n<p>\u015aroda, 01.04.2026<br \/>&#13;<br \/>\n15:45 &#8211;\u00a0Skoki kapitan\u00f3w na mobilnej skoczni K-4<br \/>&#13;<br \/>\n16:45 &#8211; Pierwsza seria konkursowa (TVN, Eurosport 3, HBO Max)<br \/>&#13;<br \/>\n17:45 &#8211; Druga seria konkursowa (TVN, Eurosport 3, HBO Max)<\/p>\n<p>TRANSMISJA KONKURSU:<\/p>\n","protected":false},"excerpt":{"rendered":"Przed nami ostatni akcent sezonu zimowego 2025\/2026. W \u015brod\u0119 na Wielkiej Krokwi (HS140) przeprowadzone zostan\u0105 zawody Red Bull&hellip;\n","protected":false},"author":2,"featured_media":340470,"comment_status":"","ping_status":"","sticky":false,"template":"","format":"standard","meta":{"footnotes":"","_share_on_mastodon":"0"},"categories":[24],"tags":[1574,1546,1557,1558,1561,1573,1571,1563,291,1553,1564,1549,1551,1543,1550,1562,1547,1565,1540,1568,1544,42,38,40,39,41,1554,1359,1567,1560,1559,1566,1556,1569,1539,1538,1555,127,126,1552,1541,1548,1542,1570,1572,645,1545],"class_list":["post-340469","post","type-post","status-publish","format-standard","has-post-thumbnail","category-sport","tag-4skocznie","tag-adam","tag-adam-malysz","tag-adammalysz","tag-coc","tag-czteryskocznie","tag-fis","tag-fis-cup","tag-historia","tag-horngacher","tag-io","tag-kobayashi","tag-kraft","tag-kuba","tag-kubacki","tag-lotos-cup","tag-malysz","tag-ms","tag-narciarskie","tag-narty","tag-piotrek","tag-pl","tag-poland","tag-polish","tag-polska","tag-polski","tag-polskie","tag-ranking","tag-ski-jumping","tag-skijump","tag-skijumping","tag-skoczkowie","tag-skocznia","tag-skocznie","tag-skoki","tag-skoki-narciarskie","tag-skokinarciarskie","tag-sport","tag-sports","tag-stefan","tag-stoch","tag-wellinger","tag-wolny","tag-zakopane","tag-zawody","tag-zdjecia","tag-zyla"],"share_on_mastodon":{"url":"","error":"Validation failed: Text character limit of 500 exceeded"},"_links":{"self":[{"href":"https:\/\/www.europesays.com\/pl\/wp-json\/wp\/v2\/posts\/340469","targetHints":{"allow":["GET"]}}],"collection":[{"href":"https:\/\/www.europesays.com\/pl\/wp-json\/wp\/v2\/posts"}],"about":[{"href":"https:\/\/www.europesays.com\/pl\/wp-json\/wp\/v2\/types\/post"}],"author":[{"embeddable":true,"href":"https:\/\/www.europesays.com\/pl\/wp-json\/wp\/v2\/users\/2"}],"replies":[{"embeddable":true,"href":"https:\/\/www.europesays.com\/pl\/wp-json\/wp\/v2\/comments?post=340469"}],"version-history":[{"count":0,"href":"https:\/\/www.europesays.com\/pl\/wp-json\/wp\/v2\/posts\/340469\/revisions"}],"wp:featuredmedia":[{"embeddable":true,"href":"https:\/\/www.europesays.com\/pl\/wp-json\/wp\/v2\/media\/340470"}],"wp:attachment":[{"href":"https:\/\/www.europesays.com\/pl\/wp-json\/wp\/v2\/media?parent=340469"}],"wp:term":[{"taxonomy":"category","embeddable":true,"href":"https:\/\/www.europesays.com\/pl\/wp-json\/wp\/v2\/categories?post=340469"},{"taxonomy":"post_tag","embeddable":true,"href":"https:\/\/www.europesays.com\/pl\/wp-json\/wp\/v2\/tags?post=340469"}],"curies":[{"name":"wp","href":"https:\/\/api.w.org\/{rel}","templated":true}]}}