{"id":341189,"date":"2026-04-02T01:07:10","date_gmt":"2026-04-02T01:07:10","guid":{"rendered":"https:\/\/www.europesays.com\/pl\/341189\/"},"modified":"2026-04-02T01:07:10","modified_gmt":"2026-04-02T01:07:10","slug":"slavko-vincic-spadkobierca-nieslawy-viktora-padureanu-ale-kiedys-nie-bylo-systemu-var-sport-tvp-pl","status":"publish","type":"post","link":"https:\/\/www.europesays.com\/pl\/341189\/","title":{"rendered":"Slavko Vinci\u0107 spadkobierc\u0105 nies\u0142awy Viktora Padureanu. Ale kiedy\u015b nie by\u0142o systemu VAR&#8230; &#8211; sport.tvp.pl"},"content":{"rendered":"<ol>\n<li><a href=\"https:\/\/news.google.com\/rss\/articles\/CBMiogFBVV95cUxPSV9fY2pjcVE1WWRKRHltYWFSbFQwd1prbGJiM3V6ZVRlLXI4VVpvTVVmX1RLVXUwNW9kZlc3VzZxR0FZWm45bDlaSkROYWJjaXkxY29ObTJGNTYyU0RUcGhWUVRTYTFVNDNuU0NjNHBDYlNJU01PQ055XzNhTmlkUWliekFZdzJNZHlhazBOdXlzRndvWWpKNUI2aE11QW1qeVHSAacBQVVfeXFMUF8xQlpCM0NCWXcxNlhWVnhKX0U4aFFlYzRlcmFTQm52NmNLcnlQZkdPdVZ6Vnd4MXpoRXlucmJ2Wnc3NEFYNlVNNWtIMXkzNkZkOW1nd3NJNDdKaFQzSi1OaENMMXVZaFJ2bmI2N01iTU1zclVfVVVBWnNYRlZFTkQ4ekdLdl83Yzk0ZmpvcHd6NnJtbUN4LXl2NU4zYzdNS0pwb2dsejA?oc=5\" target=\"_blank\" rel=\"nofollow noopener\">Slavko Vinci\u0107 spadkobierc\u0105 nies\u0142awy Viktora Padureanu. Ale kiedy\u015b nie by\u0142o systemu VAR&#8230;<\/a>&nbsp;&nbsp;sport.tvp.pl<\/li>\n<li><a href=\"https:\/\/news.google.com\/rss\/articles\/CBMi0wFBVV95cUxON0Z0eGxIWHBCNnFnZkJwY3lZTGFvaElyZFhzbEhIRVljOXBYU3l2S0kwY1JfRl95TEJrZUQwLTRFajdESFBJSGpWd29ZMXgxS3Y3Wng3Wk56REVxMDA0Sm94Rk5rSkJESXUzWlJHb29hRVNhUmlwU0MycEtNSEFiUWNCYkNqQUdqOC05UkdILWUwUGhTT0JUeXAxZWI5OXBGRUJqeUp4TmVVdTljMmFMZ1g2U0dGNFlCNkJMZVhWc1I0YjlsM05aaGFvdHRGQmZDcXM4?oc=5\" target=\"_blank\" rel=\"nofollow noopener\">Oto co powiedzia\u0142 gwiazdor Szwed\u00f3w po meczu. Polacy si\u0119 w\u015bciekn\u0105<\/a>&nbsp;&nbsp;Przegl\u0105d Sportowy<\/li>\n<li><a href=\"https:\/\/news.google.com\/rss\/articles\/CBMi0gFBVV95cUxOWklPbzZIenhMdTZnX3MtcWxpSlBjSlhSWTdOQnlPWUhxekJRbEMzSDVySmZRVE5XNkx2QnhYT2w5TWh6RHJNRzk3dUgzU2k0U1gwNzdwUnJOWGpzUGg1N0x4TEVzNkVjSklySnZNcUg2dGhCMkVQdkJ0YTJ5alBWVmEyV1pMMnhwdEhXcWtIRDVBbGpDcjM2UXNPY20zTGEtY1NjUVR6VFI4V3NEd0xyTnlJdDZJSkgtRkhuRXR3c3hLQm1aaWxIaUhZMWt3UnpWTkE?oc=5\" target=\"_blank\" rel=\"nofollow noopener\">Absurd w meczu Polak\u00f3w. Boniek nie ma w\u0105tpliwo\u015bci. I nagle takie s\u0142owa o Marciniaku<\/a>&nbsp;&nbsp;Sport w INTERIA.PL<\/li>\n<li><a href=\"https:\/\/news.google.com\/rss\/articles\/CBMixwFBVV95cUxQSHFacmFLR3pOdzNtZ1B6bGZBMTFjRlRuR1pUdFJQc3VKZkEtQkt4T3AyUlhsRkxIZy1JckQ0TURlb3h2LWNPS3FJOHdXWlItTXdZbGs5NG9tOGdjc3FISDY3RmVPaF9xMDJrbzhWc094b0M5Q1E1WVR4SkZJNE5IdXVQV0FSS01xLWdLWkhaVm4xUGZORWVBM1FweFFXcUpuWUtVeFhLUk9vTE5kaHhHQTE3VkVpNjFIUEZFcU82cVB0ZVVUcDJV?oc=5\" target=\"_blank\" rel=\"nofollow noopener\">Roman Giertych znalaz\u0142 winnego pora\u017cki ze Szwecj\u0105. Czy z\u0142o\u017cy skarg\u0119 do TSUE?<\/a>&nbsp;&nbsp;Dziennik.pl<\/li>\n<li><a href=\"https:\/\/news.google.com\/rss\/articles\/CBMingFBVV95cUxNelN2dnFnWmRBUU1jSVNrbmV6a3pBeUFROU80OXZGUUc1ZmpqVlYyNTdIZVZ2YnhxUk54cG12UDU1MGd4NHBLQ3lVa1RPNUFvVlhVRHRpVzF0YkpIY3ZmLU1JZkZmTFF2M2FhcTFkX0F1bDFkSGJqTGdwRk1jV3hyNUh5Y1dKTnZGZ1NiOGZqakx0VzRLcFpUV19YNHZPUQ?oc=5\" target=\"_blank\" rel=\"nofollow noopener\">Reprezentant Szwecji o s\u0119dziowaniu w bara\u017cu. &#8222;S\u0119dzia by\u0142 nieco przeciwko nam&#8221;<\/a>&nbsp;&nbsp;Pi\u0142kaNo\u017cna.pl<\/li>\n<\/ol>\n","protected":false},"excerpt":{"rendered":"Slavko Vinci\u0107 spadkobierc\u0105 nies\u0142awy Viktora Padureanu. Ale kiedy\u015b nie by\u0142o systemu VAR&#8230;&nbsp;&nbsp;sport.tvp.pl Oto co powiedzia\u0142 gwiazdor Szwed\u00f3w po&hellip;\n","protected":false},"author":2,"featured_media":341190,"comment_status":"","ping_status":"","sticky":false,"template":"","format":"standard","meta":{"footnotes":"","_share_on_mastodon":"0"},"categories":[24],"tags":[57797,47984,57799,11236,57794,1285,96,57790,7257,5872,57793,57791,3482,57796,57792,10040,269,42,38,40,39,41,57798,273,57795,3266,2226,3182,14531,55609,127,334,126,3181,547,1728,3098,3180,57789],"class_list":["post-341189","post","type-post","status-publish","format-standard","has-post-thumbnail","category-sport","tag-howard-webb-autobiografia","tag-arbiter","tag-carl-starfelt","tag-eliminacje-mistrzostw-swiata","tag-euro-2008","tag-fifa","tag-francja","tag-howard-webb","tag-irlandia","tag-karol-swiderski","tag-kazimierz-grski","tag-martin-hansson","tag-matty-cash","tag-mike-mullarkey","tag-mundial-2010","tag-mundial-2026","tag-pilka-nozna","tag-pl","tag-poland","tag-polish","tag-polska","tag-polski","tag-rebis","tag-robert-lewandowski","tag-roger-guerreiro","tag-rpa","tag-sedzia","tag-sedzia-wideo","tag-sedziowanie","tag-slavko-vincic","tag-sport","tag-sport-tvp-pl","tag-sports","tag-system-var","tag-szwecja","tag-thierry-henry","tag-uefa","tag-var","tag-viktor-padureanu"],"share_on_mastodon":{"url":"","error":"Validation failed: Text character limit of 500 exceeded"},"_links":{"self":[{"href":"https:\/\/www.europesays.com\/pl\/wp-json\/wp\/v2\/posts\/341189","targetHints":{"allow":["GET"]}}],"collection":[{"href":"https:\/\/www.europesays.com\/pl\/wp-json\/wp\/v2\/posts"}],"about":[{"href":"https:\/\/www.europesays.com\/pl\/wp-json\/wp\/v2\/types\/post"}],"author":[{"embeddable":true,"href":"https:\/\/www.europesays.com\/pl\/wp-json\/wp\/v2\/users\/2"}],"replies":[{"embeddable":true,"href":"https:\/\/www.europesays.com\/pl\/wp-json\/wp\/v2\/comments?post=341189"}],"version-history":[{"count":0,"href":"https:\/\/www.europesays.com\/pl\/wp-json\/wp\/v2\/posts\/341189\/revisions"}],"wp:featuredmedia":[{"embeddable":true,"href":"https:\/\/www.europesays.com\/pl\/wp-json\/wp\/v2\/media\/341190"}],"wp:attachment":[{"href":"https:\/\/www.europesays.com\/pl\/wp-json\/wp\/v2\/media?parent=341189"}],"wp:term":[{"taxonomy":"category","embeddable":true,"href":"https:\/\/www.europesays.com\/pl\/wp-json\/wp\/v2\/categories?post=341189"},{"taxonomy":"post_tag","embeddable":true,"href":"https:\/\/www.europesays.com\/pl\/wp-json\/wp\/v2\/tags?post=341189"}],"curies":[{"name":"wp","href":"https:\/\/api.w.org\/{rel}","templated":true}]}}