{"id":341515,"date":"2026-04-02T05:49:08","date_gmt":"2026-04-02T05:49:08","guid":{"rendered":"https:\/\/www.europesays.com\/pl\/341515\/"},"modified":"2026-04-02T05:49:08","modified_gmt":"2026-04-02T05:49:08","slug":"nie-tylko-taniej-za-paliwa-orlen-obnizyl-ceny-ladowania-samochodow-elektrycznych","status":"publish","type":"post","link":"https:\/\/www.europesays.com\/pl\/341515\/","title":{"rendered":"Nie tylko taniej za paliwa. Orlen obni\u017cy\u0142 ceny \u0142adowania samochod\u00f3w elektrycznych!"},"content":{"rendered":"<p style=\"text-align: justify;\">Od 1 kwietnia Orlen obni\u017cy\u0142 ceny \u0142adowania samochod\u00f3w elektrycznych i upro\u015bci\u0142 cennik w ca\u0142ej sieci Orlen Charge. \u2013 Nowa, jednolita stawka za \u0142adowanie pr\u0105dem sta\u0142ym (DC) wyniesie 2,69 z\u0142\/kWh i b\u0119dzie obowi\u0105zywa\u0107 niezale\u017cnie od mocy stacji \u0142adowania. W praktyce oznacza to oszcz\u0119dno\u015bci nawet do 50 groszy na ka\u017cdej kilowatogodzinie \u2013 informuje sp\u00f3\u0142ka.<\/p>\n<p style=\"text-align: justify;\">\u2013 Upraszczamy zasady i realnie obni\u017camy koszty \u0142adowania, bo to klucz do dalszego rozwoju elektromobilno\u015bci. Jedna, przewidywalna cena oznacza wi\u0119ksz\u0105 wygod\u0119 dla kierowc\u00f3w i zach\u0119ca kolejnych u\u017cytkownik\u00f3w do wyboru samochod\u00f3w elektrycznych. Chcemy, by \u0142adowanie by\u0142o tak proste jak tankowanie \u2013 szybkie, dost\u0119pne i oczywiste kosztowo \u2013 m\u00f3wi Krzysztof Kaczy\u0144ski, dyrektor wykonawczy ds. Elektromobilno\u015bci Orlen.<\/p>\n<p style=\"text-align: justify;\">Koncern wyja\u015bnia, \u017ce nowy model rozlicze\u0144 zast\u0105pi dotychczasowe trzy progi cenowe jedn\u0105, obowi\u0105zuj\u0105c\u0105 stawk\u0105. Dzi\u0119ki temu kierowcy nie b\u0119d\u0105 ju\u017c musieli sprawdza\u0107 mocy \u0142adowarki ani por\u00f3wnywa\u0107 cen \u2013 cena \u0142adowania b\u0119dzie zawsze taka sama. Jednocze\u015bnie ceny \u0142adowania pr\u0105dem przemiennym (AC) pozostan\u0105 bez zmian i wynios\u0105 1,95 z\u0142\/kWh.<\/p>\n<p style=\"text-align: justify;\">Zmiany w cenniku:<\/p>\n<p style=\"text-align: justify;\">Z\u0142\u0105cza DC powy\u017cej 125 kW \u2013 obni\u017cka z 3,19 z\u0142\/kWh do 2,69 z\u0142\/kWh.<br \/>Z\u0142\u0105cza DC od 50 kW do 125 kW \u2013 obni\u017cka z 2,89 z\u0142\/kWh do 2,69 z\u0142\/kWh.<br \/>Z\u0142\u0105cza DC do 50 kW \u2013 bez zmian: 2,69 z\u0142\/kWh.<br \/>Z\u0142\u0105cza AC \u2013 bez zmian: 1,95 z\u0142\/kWh.<\/p>\n<p style=\"text-align: justify;\">Jednolita cena dla z\u0142\u0105cz DC obowi\u0105zuje zar\u00f3wno na stacjach szybkiego \u0142adowania, jak i w nowoczesnych wielostanowiskowych hubach Orlen Charge, kt\u00f3re oferuj\u0105 moc do 400 kW na punkt. Dzi\u0119ki dynamicznemu zarz\u0105dzaniu moc\u0105 system automatycznie optymalizuje proces \u0142adowania, zapewniaj\u0105c jego wysok\u0105 efektywno\u015b\u0107 \u2013 niezale\u017cnie od liczby pod\u0142\u0105czonych pojazd\u00f3w.<\/p>\n<p style=\"text-align: justify;\">Warto podkre\u015bli\u0107, \u017ce sie\u0107 Orlen Charge bardzo dynamicznie si\u0119 rozwija. Nowe huby dzia\u0142aj\u0105 ju\u017c, m.in. w Nowym Dworze Gda\u0144skim (woj. pomorskie), Brzegach (woj. \u015bwi\u0119tokrzyskie), Morz\u0119cinie (woj. dolno\u015bl\u0105skie), a tak\u017ce przy trasach szybkiego ruchu, m.in. w Miejscach Obs\u0142ugi Podr\u00f3\u017cnych Olsztynek Po\u0142udnie i Gruczno Zach\u00f3d. R\u00f3wnolegle powstaj\u0105 nowe stacje szybkiego \u0142adowania w modelu standalone. Punkty z dwoma z\u0142\u0105czami DC o mocy 200 kW zosta\u0142y uruchomione ostatnio m.in. w Prze\u017amierowie i Kaliszu (woj. wielkopolskie), Skwierzynie (woj. lubuskie) oraz Krakowie (woj. ma\u0142opolskie).<\/p>\n<p style=\"text-align: justify;\">Do ko\u0144ca 2027 roku Orlen planuje uruchomi\u0107 kilkadziesi\u0105t kolejnych hub\u00f3w oraz ponad sto nowych stacji w ca\u0142ej Polsce.<\/p>\n<p style=\"text-align: justify;\">Nowy cennik to kolejny krok realizacji strategii Orlen, kt\u00f3ra zak\u0142ada rozw\u00f3j zeroemisyjnego transportu i rozbudow\u0119 infrastruktury elektromobilno\u015bci. Sie\u0107 Orlen Charge obejmuje ju\u017c ponad 1,3 tys. punkt\u00f3w \u0142adowania w ca\u0142ej Polsce. Stacje szybkiego \u0142adowania, zlokalizowane s\u0105 g\u0142\u00f3wnie przy stacjach paliw i obiektach Grupy Orlen, gdzie kierowcy mog\u0105 wygodnie po\u0142\u0105czy\u0107 \u0142adowanie z ofert\u0105 gastronomiczn\u0105 i handlow\u0105. Istotnym elementem dalszego rozwoju oferty jest umo\u017cliwienie klientom sieci Orlen Charge wygodnego i komfortowego \u0142adowania samochod\u00f3w elektrycznych za po\u015brednictwem nowoczesnej aplikacji Orlen Vitay z us\u0142ug\u0105 Orlen Charge, oferuj\u0105cej szeroki zakres funkcjonalnych rozwi\u0105za\u0144.<\/p>\n<p>\u0179r\u00f3d\u0142o i fot: Orlen<\/p>\n","protected":false},"excerpt":{"rendered":"Od 1 kwietnia Orlen obni\u017cy\u0142 ceny \u0142adowania samochod\u00f3w elektrycznych i upro\u015bci\u0142 cennik w ca\u0142ej sieci Orlen Charge. \u2013&hellip;\n","protected":false},"author":2,"featured_media":341516,"comment_status":"","ping_status":"","sticky":false,"template":"","format":"standard","meta":{"footnotes":"","_share_on_mastodon":"0"},"categories":[52097],"tags":[4943,774,42,38,40,39,41,4502],"class_list":["post-341515","post","type-post","status-publish","format-standard","has-post-thumbnail","category-orlen","tag-ladowanie","tag-orlen","tag-pl","tag-poland","tag-polish","tag-polska","tag-polski","tag-samochody-elektryczne"],"share_on_mastodon":{"url":"https:\/\/pubeurope.com\/@pl\/116333547524855318","error":""},"_links":{"self":[{"href":"https:\/\/www.europesays.com\/pl\/wp-json\/wp\/v2\/posts\/341515","targetHints":{"allow":["GET"]}}],"collection":[{"href":"https:\/\/www.europesays.com\/pl\/wp-json\/wp\/v2\/posts"}],"about":[{"href":"https:\/\/www.europesays.com\/pl\/wp-json\/wp\/v2\/types\/post"}],"author":[{"embeddable":true,"href":"https:\/\/www.europesays.com\/pl\/wp-json\/wp\/v2\/users\/2"}],"replies":[{"embeddable":true,"href":"https:\/\/www.europesays.com\/pl\/wp-json\/wp\/v2\/comments?post=341515"}],"version-history":[{"count":0,"href":"https:\/\/www.europesays.com\/pl\/wp-json\/wp\/v2\/posts\/341515\/revisions"}],"wp:featuredmedia":[{"embeddable":true,"href":"https:\/\/www.europesays.com\/pl\/wp-json\/wp\/v2\/media\/341516"}],"wp:attachment":[{"href":"https:\/\/www.europesays.com\/pl\/wp-json\/wp\/v2\/media?parent=341515"}],"wp:term":[{"taxonomy":"category","embeddable":true,"href":"https:\/\/www.europesays.com\/pl\/wp-json\/wp\/v2\/categories?post=341515"},{"taxonomy":"post_tag","embeddable":true,"href":"https:\/\/www.europesays.com\/pl\/wp-json\/wp\/v2\/tags?post=341515"}],"curies":[{"name":"wp","href":"https:\/\/api.w.org\/{rel}","templated":true}]}}