{"id":341559,"date":"2026-04-02T06:25:07","date_gmt":"2026-04-02T06:25:07","guid":{"rendered":"https:\/\/www.europesays.com\/pl\/341559\/"},"modified":"2026-04-02T06:25:07","modified_gmt":"2026-04-02T06:25:07","slug":"trwa-sprzatanie-podworka-na-grunwaldzkiej-56-czy-to-koniec-klopotow-mieszkancow-kamienicy-nasz-temat","status":"publish","type":"post","link":"https:\/\/www.europesays.com\/pl\/341559\/","title":{"rendered":"Trwa sprz\u0105tanie podw\u00f3rka na Grunwaldzkiej 56. Czy to koniec k\u0142opot\u00f3w mieszka\u0144c\u00f3w kamienicy? [NASZ TEMAT]"},"content":{"rendered":"<p>Uci\u0105\u017cliwy lokator rozpocz\u0105\u0142 sprz\u0105tanie podw\u00f3rka przy ulicy Grunwaldzkiej 56.<\/p>\n<p>Fot. Mateusz Florczyk<\/p>\n<p>Uci\u0105\u017cliwy lokator rozpocz\u0105\u0142 sprz\u0105tanie podw\u00f3rka przy ulicy Grunwaldzkiej 56. To efekt interwencji Radia Wroc\u0142aw, a tak\u017ce skierowania na miejsce zespo\u0142u miejskiej sp\u00f3\u0142ki Ekosystem zajmuj\u0105cej si\u0119 wywozem odpad\u00f3w.<\/p>\n<p style=\"text-align: justify;\"><a href=\"https:\/\/www.radiowroclaw.pl\/articles\/view\/159377\/Smieci-zalegaja-przy-Grunwaldzkiej-Lokator-obiecuje-porzadki-miasto-szykuje-kontrole\" rel=\"nofollow noopener\" target=\"_blank\">Po naszym zainteresowaniu spraw\u0105 i skierowaniu pyta\u0144 do sp\u00f3\u0142ki Ekosystem<\/a>, sytuacja przy ulicy Grunwaldzkiej 56 zacz\u0119\u0142a si\u0119 zmienia\u0107. Po przeprowadzonej kontroli Gmina Wroc\u0142aw podj\u0119\u0142a decyzj\u0119 o wys\u0142aniu ekipy, kt\u00f3ra ma uporz\u0105dkowa\u0107 zalegaj\u0105ce odpady.<\/p>\n<p style=\"text-align: justify;\">Na miejscu pojawi\u0142 si\u0119 ju\u017c kontener, do kt\u00f3rego lokator zacz\u0105\u0142 stopniowo wyrzuca\u0107 \u015bmieci, mimo jego wcze\u015bniejszego sprzeciwu wobec takich dzia\u0142a\u0144. Na razie robi to samodzielnie, bez wsparcia ekipy skierowanej przez Ekosystem.<\/p>\n<p style=\"text-align: justify;\">Zar\u00f3wno mieszka\u0144cy, jak i s\u0142u\u017cby czekaj\u0105 teraz na przyjazd stra\u017cy miejskiej, kt\u00f3ra ma nadzorowa\u0107 przebieg prac i zapewni\u0107 porz\u0105dek. To wa\u017cne, bo &#8211; jak wynika z relacji &#8211; lokator nie chce usun\u0105\u0107 wszystkich odpad\u00f3w.<\/p>\n<p style=\"text-align: justify;\"><a href=\"https:\/\/www.radiowroclaw.pl\/articles\/view\/159332\/Uprzykrza-zycie-sasiadom-gromadzac-w-kamienicy-sterte-smieci-Wczesniej-oddal-mieszkanie-za-splate-dlugow-i-opieke\" rel=\"nofollow noopener\" target=\"_blank\">O sprawie jako pierwsi pisali\u015bmy kilka dni temu.<\/a>\u00a0Od 4 lat mieszka\u0144cy kamienicy przy ul. Grunwaldzkiej 56 we Wroc\u0142awiu zmagaj\u0105 si\u0119 z problemem lokatora, kt\u00f3ry gromadzi ogromne ilo\u015bci \u015bmieci w swoim mieszkaniu, na klatce schodowej oraz pod balkonami. Cz\u0119\u015b\u0107 odpad\u00f3w trafia na podw\u00f3rko, tworz\u0105c niebezpieczne warunki sanitarne, a sam lokator \u015bpi, spo\u017cywa posi\u0142ki i pali papierosy w cz\u0119\u015bciach wsp\u00f3lnych.<\/p>\n","protected":false},"excerpt":{"rendered":"Uci\u0105\u017cliwy lokator rozpocz\u0105\u0142 sprz\u0105tanie podw\u00f3rka przy ulicy Grunwaldzkiej 56. Fot. Mateusz Florczyk Uci\u0105\u017cliwy lokator rozpocz\u0105\u0142 sprz\u0105tanie podw\u00f3rka przy&hellip;\n","protected":false},"author":2,"featured_media":341560,"comment_status":"","ping_status":"","sticky":false,"template":"","format":"standard","meta":{"footnotes":"","_share_on_mastodon":"0"},"categories":[51607],"tags":[57931,57927,56963,56119,57930,57928,16262,57929,34720,42,57926,38,40,39,41,21214,24587,43260,57925,1853],"class_list":["post-341559","post","type-post","status-publish","format-standard","has-post-thumbnail","category-wroclaw","tag-nasz","tag-57927","tag-czy","tag-grunwaldzkiej","tag-kamienicy","tag-klopotow","tag-koniec","tag-mieszkancow","tag-na","tag-pl","tag-podworka","tag-poland","tag-polish","tag-polska","tag-polski","tag-sprzatanie","tag-temat","tag-to","tag-trwa","tag-wroclaw"],"share_on_mastodon":{"url":"https:\/\/pubeurope.com\/@pl\/116333689371903306","error":""},"_links":{"self":[{"href":"https:\/\/www.europesays.com\/pl\/wp-json\/wp\/v2\/posts\/341559","targetHints":{"allow":["GET"]}}],"collection":[{"href":"https:\/\/www.europesays.com\/pl\/wp-json\/wp\/v2\/posts"}],"about":[{"href":"https:\/\/www.europesays.com\/pl\/wp-json\/wp\/v2\/types\/post"}],"author":[{"embeddable":true,"href":"https:\/\/www.europesays.com\/pl\/wp-json\/wp\/v2\/users\/2"}],"replies":[{"embeddable":true,"href":"https:\/\/www.europesays.com\/pl\/wp-json\/wp\/v2\/comments?post=341559"}],"version-history":[{"count":0,"href":"https:\/\/www.europesays.com\/pl\/wp-json\/wp\/v2\/posts\/341559\/revisions"}],"wp:featuredmedia":[{"embeddable":true,"href":"https:\/\/www.europesays.com\/pl\/wp-json\/wp\/v2\/media\/341560"}],"wp:attachment":[{"href":"https:\/\/www.europesays.com\/pl\/wp-json\/wp\/v2\/media?parent=341559"}],"wp:term":[{"taxonomy":"category","embeddable":true,"href":"https:\/\/www.europesays.com\/pl\/wp-json\/wp\/v2\/categories?post=341559"},{"taxonomy":"post_tag","embeddable":true,"href":"https:\/\/www.europesays.com\/pl\/wp-json\/wp\/v2\/tags?post=341559"}],"curies":[{"name":"wp","href":"https:\/\/api.w.org\/{rel}","templated":true}]}}