{"id":343108,"date":"2026-04-02T23:10:09","date_gmt":"2026-04-02T23:10:09","guid":{"rendered":"https:\/\/www.europesays.com\/pl\/343108\/"},"modified":"2026-04-02T23:10:09","modified_gmt":"2026-04-02T23:10:09","slug":"donald-tusk-powolal-nowy-zespol-wiadomo-jak-bedzie-wspieral-rzad-wiadomosci-onet","status":"publish","type":"post","link":"https:\/\/www.europesays.com\/pl\/343108\/","title":{"rendered":"Donald Tusk powo\u0142a\u0142 nowy zesp\u00f3\u0142. Wiadomo, jak b\u0119dzie wspiera\u0142 rz\u0105d &#8211; Wiadomo\u015bci Onet"},"content":{"rendered":"<ol>\n<li><a href=\"https:\/\/news.google.com\/rss\/articles\/CBMipwFBVV95cUxOd3JkVF8xYmVLMWNORFpDbF90WHJJLXN6NDZvSHdEdGZYdU0xMTQ5eGEwQkJYZmVwRDdCWnY1bXprcXZHU0cydlQtTjFET2Y2M0Rha3duX3BJV1dIZUR4UGUzeDZybGF4aXVyU3RqVzJ3UWg5Rlc1NVBYVEVhQkNvVDc0cXhMWnMwZ01DekllaGlzVlJKVmNsOVczN2xWU2p3eDJRXzZUSQ?oc=5\" target=\"_blank\" rel=\"nofollow noopener\">Donald Tusk powo\u0142a\u0142 nowy zesp\u00f3\u0142. Wiadomo, jak b\u0119dzie wspiera\u0142 rz\u0105d<\/a>&nbsp;&nbsp;Wiadomo\u015bci Onet<\/li>\n<li><a href=\"https:\/\/news.google.com\/rss\/articles\/CBMiY0FVX3lxTFBvY1pKU2JnNDNHcmlHVHozaUpNRlhQVlFhVGJyakxzYnJLbkx4NEhBcjZqSkN0MlU1WEQ0dXVHMHVFVzR4YXZQVzdzcHk2c2xzM2V5MW9taTdBWTdNajloTVFkcw?oc=5\" target=\"_blank\" rel=\"nofollow noopener\">Zniesienie Pe\u0142nomocnika Rz\u0105du do spraw Polityki Surowcowej Pa\u0144stwa<\/a>&nbsp;&nbsp;Prawo.pl<\/li>\n<li><a href=\"https:\/\/news.google.com\/rss\/articles\/CBMioAFBVV95cUxOWHlxeUdwZ0RlSURJbnBkamM3NHdnWXpiMFpNYWYxa2RYTV83cUszR3ZmS0N2THNwclhjQ3NpNXZsU2piM3VLMWhFRVhmUzg4YWV5bWEyelBlQW1rWW9kdURyNXA2VFRWdnR4RGdHUXhjT2hYMlllb3U5MU9KNkFtY1BzWjc2Sm1CeHdhb21lS0Flai1vbHQ2bTZXVTB1Rmww?oc=5\" target=\"_blank\" rel=\"nofollow noopener\">Premier powo\u0142a\u0142 zesp\u00f3\u0142 ds. polityki surowcowej pa\u0144stwa<\/a>&nbsp;&nbsp;Bankier.pl<\/li>\n<li><a href=\"https:\/\/news.google.com\/rss\/articles\/CBMingFBVV95cUxPa3JGTzZzMnR5a0lIOTdmdXRaWjRUbVlEYThYeElUMUVEVHdPc1JuOFgwWTZQQWZBUUQ1X0RKNkVBTjBTaTRrV29zR1FSTzU0T2l4SXNqejdHTW1ieHU2MGNmajdkYnZicjZHYURYVTAtU0t6Mlh2Umd6eVlQM3Z4QXFhd0lFcVA1bWkyS3p0M01HSjR3bHhMS3dUdjZrdw?oc=5\" target=\"_blank\" rel=\"nofollow noopener\">Premier powo\u0142uje nowy zesp\u00f3\u0142. Zajmie si\u0119 surowcami<\/a>&nbsp;&nbsp;TVN24<\/li>\n<li><a href=\"https:\/\/news.google.com\/rss\/articles\/CBMiswFBVV95cUxOazZzYVhDX29FRkhfaFFfRnVsNFR2QWEyS2dDOTBydXpaV0tERkhub3VaYkZ3TmdFY05nWVp2eThLV0YybHZBYjhienRLdVNhb0lqVmZ2enBzZzJMcnZpdVdwbTgwMFZHX3hXejVBY1dweTNLUGJGR2Jza0tfQTFrTTVLUjY2TnUzbXNNTjc0WFQ4T3c5ZkVfU2dKeXFzM01zR2QzMW5WYk84bE9LUHNSdVhjbw?oc=5\" target=\"_blank\" rel=\"nofollow noopener\">Nowi odpowiedzialni za polityk\u0119 surowcow\u0105 pa\u0144stwa. Premier podj\u0105\u0142 decyzj\u0119<\/a>&nbsp;&nbsp;wnp.pl<\/li>\n<\/ol>\n","protected":false},"excerpt":{"rendered":"Donald Tusk powo\u0142a\u0142 nowy zesp\u00f3\u0142. Wiadomo, jak b\u0119dzie wspiera\u0142 rz\u0105d&nbsp;&nbsp;Wiadomo\u015bci Onet Zniesienie Pe\u0142nomocnika Rz\u0105du do spraw Polityki Surowcowej&hellip;\n","protected":false},"author":2,"featured_media":343109,"comment_status":"","ping_status":"","sticky":false,"template":"","format":"standard","meta":{"footnotes":"","_share_on_mastodon":"0"},"categories":[12],"tags":[32,33,212,36,37,27,49,34,35,28,31,48,25,46,42,38,40,39,41,380,47,599,29,30,26],"class_list":["post-343108","post","type-post","status-publish","format-standard","has-post-thumbnail","category-polska","tag-breaking-news","tag-breakingnews","tag-donald_tusk","tag-featured-news","tag-featurednews","tag-headlines","tag-kraj","tag-latest-news","tag-latestnews","tag-naglowki","tag-najwazniejsze-artykuly","tag-nat_styl","tag-news","tag-omp","tag-pl","tag-poland","tag-polish","tag-polska","tag-polski","tag-rzad","tag-screening_general","tag-surowce","tag-top-stories","tag-topstories","tag-wiadomosci"],"share_on_mastodon":{"url":"https:\/\/pubeurope.com\/@pl\/116337640952987238","error":""},"_links":{"self":[{"href":"https:\/\/www.europesays.com\/pl\/wp-json\/wp\/v2\/posts\/343108","targetHints":{"allow":["GET"]}}],"collection":[{"href":"https:\/\/www.europesays.com\/pl\/wp-json\/wp\/v2\/posts"}],"about":[{"href":"https:\/\/www.europesays.com\/pl\/wp-json\/wp\/v2\/types\/post"}],"author":[{"embeddable":true,"href":"https:\/\/www.europesays.com\/pl\/wp-json\/wp\/v2\/users\/2"}],"replies":[{"embeddable":true,"href":"https:\/\/www.europesays.com\/pl\/wp-json\/wp\/v2\/comments?post=343108"}],"version-history":[{"count":0,"href":"https:\/\/www.europesays.com\/pl\/wp-json\/wp\/v2\/posts\/343108\/revisions"}],"wp:featuredmedia":[{"embeddable":true,"href":"https:\/\/www.europesays.com\/pl\/wp-json\/wp\/v2\/media\/343109"}],"wp:attachment":[{"href":"https:\/\/www.europesays.com\/pl\/wp-json\/wp\/v2\/media?parent=343108"}],"wp:term":[{"taxonomy":"category","embeddable":true,"href":"https:\/\/www.europesays.com\/pl\/wp-json\/wp\/v2\/categories?post=343108"},{"taxonomy":"post_tag","embeddable":true,"href":"https:\/\/www.europesays.com\/pl\/wp-json\/wp\/v2\/tags?post=343108"}],"curies":[{"name":"wp","href":"https:\/\/api.w.org\/{rel}","templated":true}]}}