{"id":343708,"date":"2026-04-03T06:38:22","date_gmt":"2026-04-03T06:38:22","guid":{"rendered":"https:\/\/www.europesays.com\/pl\/343708\/"},"modified":"2026-04-03T06:38:22","modified_gmt":"2026-04-03T06:38:22","slug":"informator-stolicy-dwutygodniowe-wstrzymanie-ruchu-pociagow-miedzy-wawrem-a-otwockiem","status":"publish","type":"post","link":"https:\/\/www.europesays.com\/pl\/343708\/","title":{"rendered":"Informator Stolicy &#8211; Dwutygodniowe wstrzymanie ruchu poci\u0105g\u00f3w mi\u0119dzy Wawrem a Otwockiem"},"content":{"rendered":"<p style=\"text-align:justify\">Inwestycja realizowana przez PKP Polskie Linie Kolejowe ma na celu docelowe przyspieszenie i usprawnienie przejazd\u00f3w mi\u0119dzy Otwockiem a centrum stolicy. Podczas czternastodniowej przerwy w ruchu, firma wykonawcza skupi si\u0119 na budowie niezb\u0119dnej infrastruktury tymczasowej, w tym peron\u00f3w, przej\u015b\u0107 dla pieszych oraz przejazd\u00f3w przez tory w Rado\u015bci i J\u00f3zefowie. Te dzia\u0142ania s\u0105 kluczowe dla dalszego prowadzenia prac przy zachowaniu przejezdno\u015bci dr\u00f3g i bezpiecze\u0144stwa pieszych. Intensywne roboty budowlane w rejonie Rado\u015bci i Falenicy wp\u0142yn\u0105 r\u00f3wnie\u017c na lokaln\u0105 organizacj\u0119 ruchu ko\u0142owego po wschodniej stronie torowiska, co mo\u017ce skutkowa\u0107 okresowymi zmianami w trasach autobus\u00f3w linii lokalnych.<\/p>\n<p style=\"text-align:justify\">\u2013 Wzd\u0142u\u017c linii kolejowej (po zachodniej stronie), na odcinku mi\u0119dzy Wawrem a Otwockiem, uruchomiona zostanie zast\u0119pcza linia autobusowa\u00a0ZS1. Autobusy zatrzymaj\u0105 si\u0119 na wszystkich przystankach po drodze, b\u0119d\u0105 odje\u017cd\u017ca\u0142y w godzinach szczytu co ok. 10 minut, a poza szczytem i w niedziele co ok. 15 minut \u2013 przekazuje UM w komunikacie.<\/p>\n<p style=\"text-align:justify\">Dodatkowo, aby u\u0142atwi\u0107 dojazd do kluczowych punkt\u00f3w przesiadkowych, znacz\u0105co wzro\u015bnie cz\u0119stotliwo\u015b\u0107 kursowania linii 521 na odcinku do Ronda Wiatraczna, gdzie w szczycie autobusy b\u0119d\u0105 odje\u017cd\u017ca\u0107 nawet co 5 minut. Nowo\u015bci\u0105 b\u0119dzie tymczasowa linia 229, kt\u00f3ra po\u0142\u0105czy PKP Falenica ze stacj\u0105 Metro Imielin, przeje\u017cd\u017caj\u0105c przez Most Anny Jagiellonki i oferuj\u0105c szybki dost\u0119p do pierwszej linii metra.<\/p>\n<p style=\"text-align:justify\">Organizacja przewoz\u00f3w w tym czasie opiera si\u0119 na szerokim systemie wzajemnego honorowania bilet\u00f3w mi\u0119dzy Zarz\u0105dem Transportu Miejskiego a Kolejami Mazowieckimi. Pasa\u017cerowie posiadaj\u0105cy bilety jednego z przewo\u017anik\u00f3w b\u0119d\u0105 mogli swobodnie korzysta\u0107 z poci\u0105g\u00f3w SKM, Kolei Mazowieckich oraz wskazanych linii autobusowych na trasie dotkni\u0119tej remontem.<\/p>\n<p style=\"text-align:justify\">\u2013 Pasa\u017cerowie z \u201ekartonikowymi\u201d biletami WTP, kt\u00f3re nie zosta\u0142y wcze\u015bniej skasowane, s\u0105 obowi\u0105zani do ich skasowania przez trwa\u0142e napisanie na ich odwrocie daty i godziny rozpocz\u0119cia przejazdu w formacie 24-godzinnym, czyli np. 12.04. godz. 10:00, a posiadacze bilet\u00f3w zakodowanych na Warszawskiej Karcie Miejskiej musz\u0105 je uprzednio aktywowa\u0107 w poje\u017adzie WTP, w bramce metra lub u kierownika poci\u0105gu, niezw\u0142ocznie po wej\u015bciu pierwszymi drzwiami licz\u0105c od czo\u0142a poci\u0105gu \u2013 dodaje urz\u0105d. \u00a0<\/p>\n<p style=\"text-align:justify\">Po zako\u0144czeniu pe\u0142nego wy\u0142\u0105czenia, od 27 kwietnia poci\u0105gi powr\u00f3c\u0105 na tras\u0119 do Otwocka, jednak ze wzgl\u0119du na dalsze prace b\u0119d\u0105 porusza\u0107 si\u0119 po jednym torze, co wp\u0142ynie na rzadsz\u0105 cz\u0119stotliwo\u015b\u0107 ich kursowania przez kolejny rok.<\/p>\n<p style=\"text-align:justify\">\u00a0<\/p>\n<p>fot. UM Warszawa\u00a0<\/p>\n","protected":false},"excerpt":{"rendered":"Inwestycja realizowana przez PKP Polskie Linie Kolejowe ma na celu docelowe przyspieszenie i usprawnienie przejazd\u00f3w mi\u0119dzy Otwockiem a&hellip;\n","protected":false},"author":2,"featured_media":343709,"comment_status":"","ping_status":"","sticky":false,"template":"","format":"standard","meta":{"footnotes":"","_share_on_mastodon":"0"},"categories":[51605],"tags":[54791,1057,58632,55976,1203,58631,58629,10284,12954,2801,42,38,40,39,41,58628,58633,435,58630],"class_list":["post-343708","post","type-post","status-publish","format-standard","has-post-thumbnail","category-warszawa","tag-alicja-jaryczewska","tag-autobusy","tag-czasowe-zmiany-rozkladow-jazdy-pociagow","tag-honorowanie-biletow","tag-koleje-mazowieckie","tag-komunikacja-zastepcza-linia-otwocka","tag-linia-kolejowa-warszawa-wawer-otwock","tag-modernizacja","tag-otwock","tag-pkp-plk","tag-pl","tag-poland","tag-polish","tag-polska","tag-polski","tag-remont-torow","tag-utrudnienia-drogowe","tag-warszawa","tag-zamkniecie-przejazdu"],"share_on_mastodon":{"url":"https:\/\/pubeurope.com\/@pl\/116339402637900979","error":""},"_links":{"self":[{"href":"https:\/\/www.europesays.com\/pl\/wp-json\/wp\/v2\/posts\/343708","targetHints":{"allow":["GET"]}}],"collection":[{"href":"https:\/\/www.europesays.com\/pl\/wp-json\/wp\/v2\/posts"}],"about":[{"href":"https:\/\/www.europesays.com\/pl\/wp-json\/wp\/v2\/types\/post"}],"author":[{"embeddable":true,"href":"https:\/\/www.europesays.com\/pl\/wp-json\/wp\/v2\/users\/2"}],"replies":[{"embeddable":true,"href":"https:\/\/www.europesays.com\/pl\/wp-json\/wp\/v2\/comments?post=343708"}],"version-history":[{"count":0,"href":"https:\/\/www.europesays.com\/pl\/wp-json\/wp\/v2\/posts\/343708\/revisions"}],"wp:featuredmedia":[{"embeddable":true,"href":"https:\/\/www.europesays.com\/pl\/wp-json\/wp\/v2\/media\/343709"}],"wp:attachment":[{"href":"https:\/\/www.europesays.com\/pl\/wp-json\/wp\/v2\/media?parent=343708"}],"wp:term":[{"taxonomy":"category","embeddable":true,"href":"https:\/\/www.europesays.com\/pl\/wp-json\/wp\/v2\/categories?post=343708"},{"taxonomy":"post_tag","embeddable":true,"href":"https:\/\/www.europesays.com\/pl\/wp-json\/wp\/v2\/tags?post=343708"}],"curies":[{"name":"wp","href":"https:\/\/api.w.org\/{rel}","templated":true}]}}