{"id":343950,"date":"2026-04-03T09:03:09","date_gmt":"2026-04-03T09:03:09","guid":{"rendered":"https:\/\/www.europesays.com\/pl\/343950\/"},"modified":"2026-04-03T09:03:09","modified_gmt":"2026-04-03T09:03:09","slug":"zderzenie-trzech-samochodow-w-centrum-dziecko-trafilo-do-szpitala-drogowka-wiadomosci-bialystok-online-portal-miejski-bialystok-bialystok","status":"publish","type":"post","link":"https:\/\/www.europesays.com\/pl\/343950\/","title":{"rendered":"Zderzenie trzech samochod\u00f3w w centrum. Dziecko trafi\u0142o do szpitala, Drog\u00f3wka, Wiadomo\u015bci Bia\u0142ystok Online Portal Miejski Bia\u0142ystok (Bialystok)"},"content":{"rendered":"\n<p>            <img decoding=\"async\" class=\"art-figimg\" src=\"https:\/\/www.europesays.com\/pl\/wp-content\/uploads\/2026\/04\/148893-e.jpg\" width=\"375\" height=\"250\" alt=\"Zderzenie trzech samochod\u00f3w w centrum. Dziecko trafi\u0142o do szpitala\" loading=\"lazy\" fetchpriority=\"high\"\/><br \/>\n            Fot: Policja Podlaska<\/p>\n<p class=\"art-lid\">W pi\u0105tek (2 kwietnia) przed godzin\u0105 10:00 na skrzy\u017cowaniu ul. Branickiego i Mi\u0142osza dosz\u0142o do zderzenia trzech samochod\u00f3w osobowych. W jednym z pojazd\u00f3w znajdowa\u0142o si\u0119 dziecko, kt\u00f3re zosta\u0142o przewiezione do szpitala na badania.<\/p>\n<p class=\"art-cont\">Wed\u0142ug wst\u0119pnych ustale\u0144 policji, do zdarzenia dosz\u0142o, gdy jeden z kierowc\u00f3w wjecha\u0142 na skrzy\u017cowanie przy czerwonym \u015bwietle. Wszyscy uczestnicy kolizji byli trze\u017awi.<\/p>\n<p>Na miejscu pracuj\u0105 policja, stra\u017c po\u017carna i Zesp\u00f3\u0142 Ratownictwa Medycznego. Ruch przy skrzy\u017cowaniu jest utrudniony.<\/p>\n<p class=\"art-autimg\">\n<p>                            <img decoding=\"async\" class=\"art-autimgi\" src=\"https:\/\/www.europesays.com\/pl\/wp-content\/uploads\/2026\/03\/avatar_1x.jpg\" alt=\"Diana Rusi\u0142owicz\" width=\"64\" height=\"64\" loading=\"lazy\"\/><\/p>\n<p class=\"art-autname\">Diana Rusi\u0142owicz<\/p>\n<p>24@bialystokonline.pl<\/p>\n<p>Przeczytaj tak\u017ce<\/p>\n<p>&#13;<br \/>\n&#13;<br \/>\n&#13;<br \/>\n<img loading=\"lazy\" decoding=\"async\" src=\"https:\/\/www.europesays.com\/pl\/wp-content\/uploads\/2026\/04\/1775206989_367_adlog.gif\" width=\"0\" height=\"0\" alt=\"\" style=\"width: 0px; height: 0px;\"\/><\/p>\n<p>Popularne dzisiaj<\/p>\n","protected":false},"excerpt":{"rendered":"Fot: Policja Podlaska W pi\u0105tek (2 kwietnia) przed godzin\u0105 10:00 na skrzy\u017cowaniu ul. Branickiego i Mi\u0142osza dosz\u0142o do&hellip;\n","protected":false},"author":2,"featured_media":343951,"comment_status":"","ping_status":"","sticky":false,"template":"","format":"standard","meta":{"footnotes":"","_share_on_mastodon":"0"},"categories":[51614],"tags":[2151,51731,113,51730,3754,51738,58697,51735,4041,1096,1089,399,17334,51736,2921,3840,51734,8736,1232,120,7116,17265,19285,42,5083,38,414,52007,40,39,41,6309,1756,8815,38950,123,800,4278,1323,51737,2588,2879,12925,58696,253],"class_list":["post-343950","post","type-post","status-publish","format-standard","has-post-thumbnail","category-bialystok","tag-bialystok","tag-bialystokonline","tag-biznes","tag-bstok","tag-dom","tag-drobne","tag-drogowkadrogowka","tag-firm","tag-firmy","tag-hotele","tag-imprezy","tag-informacje","tag-katalog","tag-kina","tag-koncert","tag-lokale","tag-miejski","tag-mieszkanie","tag-motoryzacja","tag-nauka","tag-ogloszenia","tag-on-line","tag-online","tag-pl","tag-podlasie","tag-poland","tag-policja","tag-policja-podlaska","tag-polish","tag-polska","tag-polski","tag-portal","tag-praca","tag-repertuar","tag-rozklad","tag-rozrywka","tag-teatr","tag-turystyka","tag-uroda","tag-urzedy","tag-wypadek","tag-zakupy","tag-zderzenie","tag-zderzenie-trzech-samochodow-w-centrum-dziecko-trafilo-do-szpitala","tag-zdrowie"],"share_on_mastodon":{"url":"","error":"Validation failed: Text character limit of 500 exceeded"},"_links":{"self":[{"href":"https:\/\/www.europesays.com\/pl\/wp-json\/wp\/v2\/posts\/343950","targetHints":{"allow":["GET"]}}],"collection":[{"href":"https:\/\/www.europesays.com\/pl\/wp-json\/wp\/v2\/posts"}],"about":[{"href":"https:\/\/www.europesays.com\/pl\/wp-json\/wp\/v2\/types\/post"}],"author":[{"embeddable":true,"href":"https:\/\/www.europesays.com\/pl\/wp-json\/wp\/v2\/users\/2"}],"replies":[{"embeddable":true,"href":"https:\/\/www.europesays.com\/pl\/wp-json\/wp\/v2\/comments?post=343950"}],"version-history":[{"count":0,"href":"https:\/\/www.europesays.com\/pl\/wp-json\/wp\/v2\/posts\/343950\/revisions"}],"wp:featuredmedia":[{"embeddable":true,"href":"https:\/\/www.europesays.com\/pl\/wp-json\/wp\/v2\/media\/343951"}],"wp:attachment":[{"href":"https:\/\/www.europesays.com\/pl\/wp-json\/wp\/v2\/media?parent=343950"}],"wp:term":[{"taxonomy":"category","embeddable":true,"href":"https:\/\/www.europesays.com\/pl\/wp-json\/wp\/v2\/categories?post=343950"},{"taxonomy":"post_tag","embeddable":true,"href":"https:\/\/www.europesays.com\/pl\/wp-json\/wp\/v2\/tags?post=343950"}],"curies":[{"name":"wp","href":"https:\/\/api.w.org\/{rel}","templated":true}]}}