{"id":344128,"date":"2026-04-03T10:47:17","date_gmt":"2026-04-03T10:47:17","guid":{"rendered":"https:\/\/www.europesays.com\/pl\/344128\/"},"modified":"2026-04-03T10:47:17","modified_gmt":"2026-04-03T10:47:17","slug":"prokurator-jerzy-ziarkiewicz-moze-wrocic-do-pracy-jest-decyzja-sadu","status":"publish","type":"post","link":"https:\/\/www.europesays.com\/pl\/344128\/","title":{"rendered":"Prokurator Jerzy Ziarkiewicz mo\u017ce wr\u00f3ci\u0107\u00a0do pracy. Jest decyzja s\u0105du"},"content":{"rendered":"<p class=\"Paragraph_desktopParagraph__U31Gm\">Nieoczekiwan\u0105 decyzj\u0119 w sprawie dalszych los\u00f3w zawodowych Jerzego Ziarkiewicza s\u0105d dyscyplinarny podj\u0105\u0142 w \u015brod\u0119, 1 kwietnia. By\u0142y szef Prokuratury Regionalnej w Lublinie w pa\u017adzierniku 2024 r. zosta\u0142 zawieszony w obowi\u0105zkach z uwagi na trwaj\u0105c\u0105 procedur\u0119, kt\u00f3ra ma doprowadzi\u0107 do odebrania mu immunitetu.<\/p>\n<p class=\"Paragraph_desktopParagraph__U31Gm\">Prokuratura Krajowa chce postawi\u0107 mu zarzuty karne dotycz\u0105ce m.in. przekroczenia uprawnie\u0144, po\u015bwiadczenia nieprawdy i ukrywania w gara\u017cu dokument\u00f3w w post\u0119powaniach, kt\u00f3re toczy\u0142y si\u0119 w\u0142a\u015bnie w Lublinie. Tymczasem s\u0105d nie zgodzi\u0142 si\u0119 na przed\u0142u\u017cenie okresu zawieszenia prokuratora.<\/p>\n<p class=\"Paragraph_desktopParagraph__U31Gm\">\u2014 S\u0105d uzna\u0142, \u017ce post\u0119powanie dyscyplinarne wobec mojego klienta jest pozorne. Nic si\u0119 w tej sprawie nie dzieje, wi\u0119c nie ma podstaw do przed\u0142u\u017cenia okresu zawieszenia. Nie s\u0105 wykonywane \u017cadne czynno\u015bci. Moim zdaniem to forma represji wobec pana prokuratora. W pa\u0144stwie prawa nie wolno robi\u0107 takich rzeczy \u2014 m\u00f3wi w rozmowie z Onetem mec. Micha\u0142 Skwarzy\u0144ski, pe\u0142nomocnik Jerzego Ziarkiewicza.<\/p>\n<p class=\"Paragraph_desktopParagraph__U31Gm\">Zdaniem obro\u0144cy Jerzy Ziarkiewicz, maj\u0105c tytu\u0142 prokuratora krajowego, jest te\u017c aktualnym szefem Prokuratury Regionalnej w Lublinie. Przypomnijmy, \u017ce t\u0119 funkcj\u0119 od ponad dw\u00f3ch lat pe\u0142ni prokurator Cezary Maj. Wed\u0142ug Skawrzy\u0144skiego wszystkie te decyzje s\u0105 niewa\u017cne.<\/p>\n<p class=\"Paragraph_desktopParagraph__U31Gm\">\u2014 Ostatnie orzeczenie S\u0105du Najwy\u017cszego potwierdza, \u017ce Jerzy Ziarkiewicz nie zosta\u0142 w spos\u00f3b poprawny odwo\u0142any z funkcji prokuratora regionalnego. Uwa\u017cam, \u017ce powinien si\u0119 stawi\u0107 w pracy, jako szef Prokuratury Regionalnej w Lublinie. Zastrzegam, \u017ce nie rozmawia\u0142em o tym z moim klientem i nie wiem, czy tak zrobi \u2014 dodaje dr Skwarzy\u0144ski.<\/p>\n<p class=\"Paragraph_desktopParagraph__U31Gm\">Okres zawieszenia Jerzego Ziarkiewicza mija w pi\u0105tek, 3 kwietnia br. \u015awi\u0105teczny poniedzia\u0142ek jest dniem wolnym od pracy, wi\u0119c teoretycznie we wtorek \u015bledczy b\u0119dzie m\u00f3g\u0142 wr\u00f3ci\u0107 do pracy.<\/p>\n<p>Prokuratura nie sk\u0142ada broni <\/p>\n<p class=\"Paragraph_desktopParagraph__U31Gm\">Prokuratura nie zamierza si\u0119 podda\u0107. Jak t\u0142umaczy nam Przemys\u0142aw Nowak, rzecznik dyscyplinarny przy Prokuratorze Generalnym, wst\u0119pnie oceni\u0142 postanowienie s\u0105du jako niezasadne. Jednocze\u015bnie s\u0105d dyscyplinarny odroczy\u0142 sporz\u0105dzenie pisemnego uzasadnienia tego postanowienia.<\/p>\n<p class=\"Paragraph_desktopParagraph__U31Gm\">\u2014 W ocenie rzecznika dyscyplinarnego przy Prokuratorze Generalnym s\u0105d dyscyplinarny poczyni\u0142 b\u0142\u0119dne ustalenia faktyczne i wyszed\u0142 poza granice rozpoznania. Natomiast ostateczna ocena nast\u0105pi po zapoznaniu si\u0119 z pisemnym uzasadnieniem postanowienia \u2014 zapowiada Przemys\u0142aw Nowak, rzecznik prasowy Prokuratury Krajowej.<\/p>\n<p class=\"Paragraph_desktopParagraph__U31Gm\">Ka\u017cda ze stron mo\u017ce z\u0142o\u017cy\u0107 za\u017calenie. Czy tak si\u0119 stanie? Rzecznik dyscyplinarny musi najpierw zapozna\u0107 si\u0119 z pisemnym uzasadnieniem s\u0105du. Jedno jest pewne \u2014 za\u017calenie nie wstrzymuje wykonalno\u015bci postanowienia, czyli do momentu nowego rozstrzygni\u0119cia Ziarkiewicz nie b\u0119dzie zawieszony.<\/p>\n<p>Jerzy Ziarkiewicz idzie na zaleg\u0142y urlop <\/p>\n<p class=\"Paragraph_desktopParagraph__U31Gm\">Teoretycznie we wtorek, po \u015awi\u0119tach Wielkanocnych, Jerzy Ziarkiewicz m\u00f3g\u0142by si\u0119 stawi\u0107 w swoim miejscu pracy. Okazuje si\u0119, \u017ce tak si\u0119 nie stanie, poniewa\u017c zarabiaj\u0105cy ok. 43 tys. z\u0142 brutto \u015bledczy musi najpierw wykorzysta\u0107 zaleg\u0142y urlop.<\/p>\n<p class=\"Paragraph_desktopParagraph__U31Gm\">\u2014 Zapewne b\u0119d\u0119 wykorzystywa\u0142 zaleg\u0142y urlop. Zgodnie z przepisami musz\u0119 go wykorzysta\u0107. W sumie mam 114 dni zaleg\u0142ego urlopu. Nie wiem, czy wykorzystam ca\u0142y urlop, ale w jakiej\u015b cz\u0119\u015bci na pewno \u2014 zapowiada w rozmowie z Onetem prokurator Jerzy Ziarkiewicz.<\/p>\n<p>Zaufany prokurator Ziobry <\/p>\n<p class=\"Paragraph_desktopParagraph__U31Gm\">Ziarkiewicz to zaufany cz\u0142owiek by\u0142ego ministra sprawiedliwo\u015bci Zbigniewa Ziobry. Jego kariera nabra\u0142a tempa po wygranych przez PiS wyborach w 2015 r. To w\u0142a\u015bnie do kierowanej przez niego jednostki trafia\u0142y \u015bledztwa niewygodne dla \u00f3wczesnej w\u0142adzy, m.in. <a href=\"https:\/\/wiadomosci.onet.pl\/kraj\/kilometrowki-czarneckiego-byli-asystenci-zeznaja-na-niekorzysc-europosla\/9ph2p8t\" id=\"8d3d5e47-e4fd-47e1-814b-4dbc1ff3f541\" rel=\"nofollow noopener\" target=\"_blank\">&#8222;kilometr\u00f3wki&#8221; europos\u0142a PiS Ryszarda Czarneckiego<\/a>, sprawa zamieszanego w <a href=\"https:\/\/wiadomosci.onet.pl\/lublin\/afera-z-udzialem-brata-komendanta-policji-nowe-informacje\/vxq58jj\" id=\"58b1939a-d90a-4c67-b1e0-5135833826a8\" rel=\"nofollow noopener\" target=\"_blank\">afer\u0119 vatowsk\u0105 brata by\u0142ego komendanta g\u0142\u00f3wnego policji<\/a> oraz polowanie na Romana Giertycha, czyli <a href=\"https:\/\/wiadomosci.onet.pl\/tylko-w-onecie\/roman-giertych-ryszard-krauze-i-miliony-ujawniamy-kulisy-w-sprawie-operacji-cba\/ttc3gtd\" id=\"8a91992c-1e9a-4588-a04b-acdac15c99d5\" rel=\"nofollow noopener\" target=\"_blank\">s\u0142ynne \u015bledztwo dot. Polnordu<\/a>.<\/p>\n<p class=\"Paragraph_desktopParagraph__U31Gm\">Za czas\u00f3w Ziarkiewicza prokuratura w Zamo\u015bciu prowadzi\u0142a r\u00f3wnie\u017c \u015bledztwo w sprawie prowokacji CBA, podczas kt\u00f3rej zatrzymano m.in. Mariusza P., krewnego Przemys\u0142awa Czarnka, oraz Piotra Kowalczyka, by\u0142ego przewodnicz\u0105cego Rady Miasta Lublin. Cho\u0107 to <a href=\"https:\/\/wiadomosci.onet.pl\/lublin\/milionowa-lapowka-i-powolywanie-sie-na-wplywy-u-przemyslawa-czarnka-kulisy\/eyxrlfp\" id=\"3716c920-1043-4906-b87a-966132f4745a\" rel=\"nofollow noopener\" target=\"_blank\">Mariusz P. domaga\u0142 si\u0119 \u0142ap\u00f3wki w wysoko\u015bci 1 mln z\u0142<\/a>, spraw\u0119 skierowano w stron\u0119 otoczenia prezydenta Krzysztofa \u017buka z PO.<\/p>\n<p class=\"Paragraph_desktopParagraph__U31Gm\"><a href=\"https:\/\/wiadomosci.onet.pl\/lublin\/jerzy-ziarkiewicz-pod-lupa-prokuratury-w-tle-wyciek-korespondencji-i-zablokowanie\/wm472dm\" id=\"a0479dd7-bf1e-47b3-9eb3-b27d0ea07e5d\" rel=\"nofollow noopener\" target=\"_blank\">Obecnie Prokuratura Okr\u0119gowa w Sosnowcu bada te\u017c czy Ziarkiewicz, przekraczaj\u0105c swoje uprawnienia<\/a>, pom\u00f3g\u0142 pogr\u0105\u017cy\u0107 najwi\u0119ksz\u0105 grup\u0119 producenck\u0105 na Lubelszczy\u017anie. W 2019 r. wyciek\u0142o polecenie szefa Prokuratury Regionalnej w Lublinie w sprawie wszcz\u0119cia \u015bledztwa wobec sp\u00f3\u0142ki Fruvitaland. Tego samego dnia notatka trafi\u0142a do obsadzonej przez ludzi PiS Agencji Restrukturyzacji i Modernizacji Rolnictwa. Pismo pos\u0142u\u017cy\u0142o do zablokowania wyp\u0142aty 4,5 mln z\u0142 unijnej dotacji dla grupy, co doprowadzi\u0142o j\u0105 do upadku i wielomilionowych strat.<\/p>\n","protected":false},"excerpt":{"rendered":"Nieoczekiwan\u0105 decyzj\u0119 w sprawie dalszych los\u00f3w zawodowych Jerzego Ziarkiewicza s\u0105d dyscyplinarny podj\u0105\u0142 w \u015brod\u0119, 1 kwietnia. By\u0142y szef&hellip;\n","protected":false},"author":2,"featured_media":344129,"comment_status":"","ping_status":"","sticky":false,"template":"","format":"standard","meta":{"footnotes":"","_share_on_mastodon":"0"},"categories":[51612],"tags":[58778,1081,53,56992,52,68,51,55,42,38,40,39,41,349,12934,47,65,3237,50,26,4070],"class_list":["post-344128","post","type-post","status-publish","format-standard","has-post-thumbnail","category-lublin","tag-jerzy_ziarkiewicz","tag-lublin","tag-new_header","tag-newbb_tst1","tag-onet3","tag-onet3d","tag-onet3d_2i","tag-phx","tag-pl","tag-poland","tag-polish","tag-polska","tag-polski","tag-prokuratura_prokurator_prokuratorzy","tag-przemyslaw_nowak","tag-screening_general","tag-update_me","tag-urlop","tag-v2021","tag-wiadomosci","tag-zbigniew_ziobro_polityk"],"share_on_mastodon":{"url":"https:\/\/pubeurope.com\/@pl\/116340381672077255","error":""},"_links":{"self":[{"href":"https:\/\/www.europesays.com\/pl\/wp-json\/wp\/v2\/posts\/344128","targetHints":{"allow":["GET"]}}],"collection":[{"href":"https:\/\/www.europesays.com\/pl\/wp-json\/wp\/v2\/posts"}],"about":[{"href":"https:\/\/www.europesays.com\/pl\/wp-json\/wp\/v2\/types\/post"}],"author":[{"embeddable":true,"href":"https:\/\/www.europesays.com\/pl\/wp-json\/wp\/v2\/users\/2"}],"replies":[{"embeddable":true,"href":"https:\/\/www.europesays.com\/pl\/wp-json\/wp\/v2\/comments?post=344128"}],"version-history":[{"count":0,"href":"https:\/\/www.europesays.com\/pl\/wp-json\/wp\/v2\/posts\/344128\/revisions"}],"wp:featuredmedia":[{"embeddable":true,"href":"https:\/\/www.europesays.com\/pl\/wp-json\/wp\/v2\/media\/344129"}],"wp:attachment":[{"href":"https:\/\/www.europesays.com\/pl\/wp-json\/wp\/v2\/media?parent=344128"}],"wp:term":[{"taxonomy":"category","embeddable":true,"href":"https:\/\/www.europesays.com\/pl\/wp-json\/wp\/v2\/categories?post=344128"},{"taxonomy":"post_tag","embeddable":true,"href":"https:\/\/www.europesays.com\/pl\/wp-json\/wp\/v2\/tags?post=344128"}],"curies":[{"name":"wp","href":"https:\/\/api.w.org\/{rel}","templated":true}]}}