{"id":344288,"date":"2026-04-03T12:20:10","date_gmt":"2026-04-03T12:20:10","guid":{"rendered":"https:\/\/www.europesays.com\/pl\/344288\/"},"modified":"2026-04-03T12:20:10","modified_gmt":"2026-04-03T12:20:10","slug":"nie-zyje-wojciech-morawski-wspolzalozyciel-zespolu-perfect-mial-76-lat-onet","status":"publish","type":"post","link":"https:\/\/www.europesays.com\/pl\/344288\/","title":{"rendered":"Nie \u017cyje Wojciech Morawski. Wsp\u00f3\u0142za\u0142o\u017cyciel zespo\u0142u Perfect mia\u0142 76 lat &#8211; Onet"},"content":{"rendered":"<ol>\n<li><a href=\"https:\/\/news.google.com\/rss\/articles\/CBMixgFBVV95cUxQVGE2Z1Z2cklYa29oa2lVeFJBQkw3ZE9Ma2NtMk9KMXlJXzlqSGpqeU5OemcxT3U0eGpSLTlIMW9vX0F3dkZDRXVoWlFBTHVpSjBDc3BoamNyaWtaLWtYdXFOanM4MUhsRXVRSDVaZE4xMEdGMjRSQjBKRjNmYkstaTQ4d3hnVzVpd3l4LWNZTlF5bmhCcVhoejJlck1BYVRLck5QQ1RBa3BjSFYtenR0dm1WYW9IOTBfcEp1RW5uOXZHWmNyX0E?oc=5\" target=\"_blank\" rel=\"nofollow noopener\">Nie \u017cyje Wojciech Morawski. Wsp\u00f3\u0142za\u0142o\u017cyciel zespo\u0142u Perfect mia\u0142 76 lat<\/a>&nbsp;&nbsp;Onet<\/li>\n<li><a href=\"https:\/\/news.google.com\/rss\/articles\/CBMirAFBVV95cUxQcEM2bWxTLWtzQ2hhdlRSVy1RUkxqenlkQnZPTnhCMzJIWExnN1FPd3ZLSHBCc19OdWRJOWlVT3JYOF9PQ0pFUVhvU0hEYnozUGVmVTBPS0gzNE5fY3BPMm9yWUVhdkZpZjRjWl8ycFdPMVFNM0VKR0FHNFFRTFBwVk1iR3RJZVdsNGxxRl9GYWZIS3JhbkFtWXlGNFFCYXU3Qmpwc2lPR1N5UjN5?oc=5\" target=\"_blank\" rel=\"nofollow noopener\">Nie \u017cyje wsp\u00f3\u0142za\u0142o\u017cyciel Perfectu. &#8222;Dzi\u015b o 7 rano Wojtek nas opu\u015bci\u0142&#8230;&#8221;<\/a>&nbsp;&nbsp;Jastrz\u0105b Post<\/li>\n<li><a href=\"https:\/\/news.google.com\/rss\/articles\/CBMiowFBVV95cUxQLW9Id01MSGRRbV9VUW9mTGZ4am5rWnA3UGlJa2xINzZLaU5TMHh3VWpmQU4zX3V5REtFa2U1TVFHWFVPWVdPS1g5TUdya0FabUF4eEF4VlRQSWdhXzdYTTZSY1lQMElWUEFDa0ZjajZIbXZSVk5OUU9wMHQxdFFpcW85c21VV3VOQlhRSXRsWl8yMVpTcXROTHlZejJ3bmZaVWRF?oc=5\" target=\"_blank\" rel=\"nofollow noopener\">Wojciech Morawski nie \u017cyje. Legendarny muzyk mia\u0142 76 lat<\/a>&nbsp;&nbsp;RMF24<\/li>\n<li><a href=\"https:\/\/news.google.com\/rss\/articles\/CBMimwFBVV95cUxPbUpHZ21BeXNNOW9LakEwSl8ydVlVRFpiNFZQMlVYSVNUdTZRSnZ0allaUFZZNE5oV0ZrUmREcjNzbU03dmhMNVNLQXdIc0p4ZEJOQmkwVW5GZGZwMEJIZG5rS3FxNWg0aExPM0J1VS04Q0xFQ2o0ZmxhZmFQaG1pc3czYmk1dm9IaEllaXJ1MnVodVozOXJDcmJENA?oc=5\" target=\"_blank\" rel=\"nofollow noopener\">Nie \u017cyje by\u0142y muzyk Perfectu. Wojciech Morawski mia\u0142 76 lat<\/a>&nbsp;&nbsp;Fakt<\/li>\n<li><a href=\"https:\/\/news.google.com\/rss\/articles\/CBMiwwFBVV95cUxNaFBvOWwzaE9GR2MtZW55bHFMQnpNNmZHbmxIdTUxR3NHbFJ4Q1F0ai00NG1WZjVFN3FiVW1DQnRKb3I2OFdDdEE0UVdrdkw3blNTUWVZRDlxYVFWNFBuc0psOXpnWHdsUDU1b1NscWFkM0JQLTVZa2szWGpqQ2k1UVdsdHE1cm9KWUxCcEJZaWFXNTQyUUtDOVBMQW1TOUc2LXZrMTl2dGZiZWxlRnZkUWl5eTBPcnI2dVJEN0R4V3QyTlU?oc=5\" target=\"_blank\" rel=\"nofollow noopener\">Zmar\u0142 wsp\u00f3\u0142za\u0142o\u017cyciel Perfect. Wojciech Morawski mia\u0142 76 lat<\/a>&nbsp;&nbsp;Plotek.pl<\/li>\n<\/ol>\n","protected":false},"excerpt":{"rendered":"Nie \u017cyje Wojciech Morawski. Wsp\u00f3\u0142za\u0142o\u017cyciel zespo\u0142u Perfect mia\u0142 76 lat&nbsp;&nbsp;Onet Nie \u017cyje wsp\u00f3\u0142za\u0142o\u017cyciel Perfectu. &#8222;Dzi\u015b o 7 rano&hellip;\n","protected":false},"author":2,"featured_media":344289,"comment_status":"","ping_status":"","sticky":false,"template":"","format":"standard","meta":{"footnotes":"","_share_on_mastodon":"0"},"categories":[22],"tags":[17138,244,470,122,261,8426,53,52,68,51,24023,55,42,38,40,39,41,123,47,50,46773],"class_list":["post-344288","post","type-post","status-publish","format-standard","has-post-thumbnail","category-rozrywka","tag-breakout_zespol","tag-ctr_tst","tag-educate_me","tag-entertainment","tag-kultura","tag-najnowsze","tag-new_header","tag-onet3","tag-onet3d","tag-onet3d_2i","tag-perfect","tag-phx","tag-pl","tag-poland","tag-polish","tag-polska","tag-polski","tag-rozrywka","tag-screening_general","tag-v2021","tag-wojciech_morawski"],"share_on_mastodon":{"url":"https:\/\/pubeurope.com\/@pl\/116340747696781316","error":""},"_links":{"self":[{"href":"https:\/\/www.europesays.com\/pl\/wp-json\/wp\/v2\/posts\/344288","targetHints":{"allow":["GET"]}}],"collection":[{"href":"https:\/\/www.europesays.com\/pl\/wp-json\/wp\/v2\/posts"}],"about":[{"href":"https:\/\/www.europesays.com\/pl\/wp-json\/wp\/v2\/types\/post"}],"author":[{"embeddable":true,"href":"https:\/\/www.europesays.com\/pl\/wp-json\/wp\/v2\/users\/2"}],"replies":[{"embeddable":true,"href":"https:\/\/www.europesays.com\/pl\/wp-json\/wp\/v2\/comments?post=344288"}],"version-history":[{"count":0,"href":"https:\/\/www.europesays.com\/pl\/wp-json\/wp\/v2\/posts\/344288\/revisions"}],"wp:featuredmedia":[{"embeddable":true,"href":"https:\/\/www.europesays.com\/pl\/wp-json\/wp\/v2\/media\/344289"}],"wp:attachment":[{"href":"https:\/\/www.europesays.com\/pl\/wp-json\/wp\/v2\/media?parent=344288"}],"wp:term":[{"taxonomy":"category","embeddable":true,"href":"https:\/\/www.europesays.com\/pl\/wp-json\/wp\/v2\/categories?post=344288"},{"taxonomy":"post_tag","embeddable":true,"href":"https:\/\/www.europesays.com\/pl\/wp-json\/wp\/v2\/tags?post=344288"}],"curies":[{"name":"wp","href":"https:\/\/api.w.org\/{rel}","templated":true}]}}