{"id":345101,"date":"2026-04-03T21:08:13","date_gmt":"2026-04-03T21:08:13","guid":{"rendered":"https:\/\/www.europesays.com\/pl\/345101\/"},"modified":"2026-04-03T21:08:13","modified_gmt":"2026-04-03T21:08:13","slug":"ceny-paliw-w-niemczech-wciaz-rosna-znow-rekord","status":"publish","type":"post","link":"https:\/\/www.europesays.com\/pl\/345101\/","title":{"rendered":"Ceny paliw w Niemczech wci\u0105\u017c rosn\u0105. Zn\u00f3w rekord"},"content":{"rendered":"<p class=\"Paragraph_desktopParagraph__U31Gm\">Mimo pierwszych pr\u00f3b przeciwdzia\u0142ania gwa\u0142townemu wzrostowi cen paliw w Niemczech kierowcy jak dot\u0105d nie odczuli ulgi przy dystrybutorach. Cena oleju nap\u0119dowego bije w Niemczech nowe rekordy, tak\u017ce benzyna pozostaje wyj\u0105tkowo droga. Wed\u0142ug danych automobilklubu ADAC litr oleju nap\u0119dowego kosztowa\u0142 w czwartek \u015brednio 2,346 euro \u2014 to nowy rekord. Dotychczasowy rekord wynosz\u0105cy 2,32 euro, odnotowany w \u015brod\u0119, zosta\u0142 tym samym szybko pobity. \u015arednia cena benzyny E10 wynios\u0142a 2,14 euro.<\/p>\n<p>Ceny nadal rosn\u0105 <\/p>\n<p class=\"Paragraph_desktopParagraph__U31Gm\">Od \u015brody ceny paliwa na stacjach benzynowych mog\u0105 by\u0107 podnoszone tylko raz dziennie, o godz. 12.00 w po\u0142udnie. W \u015brod\u0119 i czwartek nowe przepisy spowodowa\u0142y znaczne skoki cen na niemieckich stacjach benzynowych, podobnie jak w pi\u0105tek. O godz. 12.00 ceny na stacjach benzynowych znacznie wzros\u0142y<\/p>\n<p class=\"Paragraph_desktopParagraph__U31Gm\">Zdaniem ADAC wysokie ceny mo\u017cna tylko cz\u0119\u015bciowo wyja\u015bni\u0107 wzrostem cen ropy, kt\u00f3ry nast\u0105pi\u0142 mi\u0119dzy 1 a 2 kwietnia.<\/p>\n<p class=\"Paragraph_desktopParagraph__U31Gm\">ADAC opowiada si\u0119 za tymczasowym obni\u017ceniem podatku energetycznego od paliw. Stawk\u0119 podatku od oleju nap\u0119dowego mo\u017cna by obni\u017cy\u0107 do minimalnego poziomu obowi\u0105zuj\u0105cego w UE, a stawk\u0119 podatku od benzyny obni\u017cy\u0107 w podobnym stopniu. Zapewni\u0142oby to oszcz\u0119dno\u015b\u0107 rz\u0119du oko\u0142o 15 cent\u00f3w na litr paliwa.<\/p>\n<p>Czas na ograniczenie pr\u0119dko\u015bci? <\/p>\n<p class=\"Paragraph_desktopParagraph__U31Gm\">W walce z gwa\u0142townie rosn\u0105cymi cenami paliwa ekonomistka Veronika Grimm przychyla si\u0119 do pomys\u0142u wprowadzenia ogranicze\u0144 pr\u0119dko\u015bci na drogach. &#8222;Nie by\u0142oby to niczym z\u0142ym \u2014 a mo\u017ce nawet m\u0105drym sygna\u0142em, kt\u00f3ry sk\u0142oni\u0142by ludzi do powa\u017cnego potraktowania sytuacji&#8221; \u2014 powiedzia\u0142a Grimm w wywiadzie dla &#8222;Rheinische Post&#8221;.<\/p>\n<p class=\"Paragraph_desktopParagraph__U31Gm\">Grimm jest cz\u0142onkini\u0105 niemieckiej rady ekspert\u00f3w gospodarczych, kt\u00f3ra doradza politykom w sprawach ekonomicznych.<\/p>\n<p class=\"Paragraph_desktopParagraph__U31Gm\">W obliczu kryzysu naftowego spowodowanego wojn\u0105 z Iranem Mi\u0119dzynarodowa Agencja Energetyczna (IEA) zaleci\u0142a ju\u017c wcze\u015bniej podj\u0119cie dzia\u0142a\u0144 maj\u0105cych na celu zmniejszenie zu\u017cycia ropy. IEA zaleci\u0142a cho\u0107by zwi\u0119kszenie popularno\u015bci pracy zdalnej, obni\u017cenie ogranicze\u0144 pr\u0119dko\u015bci na drogach oraz przej\u015bcie na transport publiczny.<\/p>\n<p class=\"Paragraph_desktopParagraph__U31Gm\">Wiceprzewodnicz\u0105cy klubu parlamentarnego rz\u0105dz\u0105cej Niemcami CDU Sepp M\u00fcller powiedzia\u0142 agencji DPA: &#8222;Dalsze dzia\u0142ania, takie jak ewentualne ulgi w podatku od pojazd\u00f3w mechanicznych, musz\u0105 przynosi\u0107 efekty nie tylko szybko, ale przede wszystkim w spos\u00f3b ukierunkowany, aby trwale odci\u0105\u017cy\u0107 gospodarstwa domowe i gospodark\u0119&#8221;.<\/p>\n<p class=\"Paragraph_desktopParagraph__U31Gm\">Jak doda\u0142, dodatkowe dochody podatkowe pa\u0144stwa wynikaj\u0105ce z gwa\u0142townego wzrostu cen ropy musz\u0105 zosta\u0107 zwr\u00f3cone obywatelom.<\/p>\n<p class=\"Paragraph_desktopParagraph__U31Gm\">(DPA,ADAC\/szym)<\/p>\n","protected":false},"excerpt":{"rendered":"Mimo pierwszych pr\u00f3b przeciwdzia\u0142ania gwa\u0142townemu wzrostowi cen paliw w Niemczech kierowcy jak dot\u0105d nie odczuli ulgi przy dystrybutorach.&hellip;\n","protected":false},"author":2,"featured_media":345102,"comment_status":"","ping_status":"","sticky":false,"template":"","format":"standard","meta":{"footnotes":"","_share_on_mastodon":"0"},"categories":[16],"tags":[113,112,311,105,1816,53,52,68,51,55,42,38,40,39,41,47,50],"class_list":["post-345101","post","type-post","status-publish","format-standard","has-post-thumbnail","category-biznes","tag-biznes","tag-business","tag-deutsche_welle","tag-ekonomia","tag-mm","tag-new_header","tag-onet3","tag-onet3d","tag-onet3d_2i","tag-phx","tag-pl","tag-poland","tag-polish","tag-polska","tag-polski","tag-screening_general","tag-v2021"],"share_on_mastodon":{"url":"https:\/\/pubeurope.com\/@pl\/116342823767627210","error":""},"_links":{"self":[{"href":"https:\/\/www.europesays.com\/pl\/wp-json\/wp\/v2\/posts\/345101","targetHints":{"allow":["GET"]}}],"collection":[{"href":"https:\/\/www.europesays.com\/pl\/wp-json\/wp\/v2\/posts"}],"about":[{"href":"https:\/\/www.europesays.com\/pl\/wp-json\/wp\/v2\/types\/post"}],"author":[{"embeddable":true,"href":"https:\/\/www.europesays.com\/pl\/wp-json\/wp\/v2\/users\/2"}],"replies":[{"embeddable":true,"href":"https:\/\/www.europesays.com\/pl\/wp-json\/wp\/v2\/comments?post=345101"}],"version-history":[{"count":0,"href":"https:\/\/www.europesays.com\/pl\/wp-json\/wp\/v2\/posts\/345101\/revisions"}],"wp:featuredmedia":[{"embeddable":true,"href":"https:\/\/www.europesays.com\/pl\/wp-json\/wp\/v2\/media\/345102"}],"wp:attachment":[{"href":"https:\/\/www.europesays.com\/pl\/wp-json\/wp\/v2\/media?parent=345101"}],"wp:term":[{"taxonomy":"category","embeddable":true,"href":"https:\/\/www.europesays.com\/pl\/wp-json\/wp\/v2\/categories?post=345101"},{"taxonomy":"post_tag","embeddable":true,"href":"https:\/\/www.europesays.com\/pl\/wp-json\/wp\/v2\/tags?post=345101"}],"curies":[{"name":"wp","href":"https:\/\/api.w.org\/{rel}","templated":true}]}}