{"id":345105,"date":"2026-04-03T21:10:07","date_gmt":"2026-04-03T21:10:07","guid":{"rendered":"https:\/\/www.europesays.com\/pl\/345105\/"},"modified":"2026-04-03T21:10:07","modified_gmt":"2026-04-03T21:10:07","slug":"barbara-nowacka-moze-zrobic-krok-wstecz","status":"publish","type":"post","link":"https:\/\/www.europesays.com\/pl\/345105\/","title":{"rendered":"Barbara Nowacka mo\u017ce zrobi\u0107 krok wstecz"},"content":{"rendered":"\n<p>&#13;<br \/>\nDecyzja dotycz\u0105ca przysz\u0142o\u015bci edukacji zdrowotnej mia\u0142a zapa\u015b\u0107 w\u00a0Ministerstwie Edukacji Narodowej do\u00a0ko\u0144ca marca. Tak\u0105 informacj\u0119 przekaza\u0142a w\u00a0jednym wywiad\u00f3w minister Barbara Nowacka. &#13;\n<\/p>\n<p>Decyzja mia\u0142a zapa\u015b\u0107 do\u00a0ko\u0144ca marca. Co\u00a0dalej z\u00a0edukacj\u0105 zdrowotn\u0105?<\/p>\n<p>&#13;<br \/>\nCzy ostatecznie przedmiot ten b\u0119dzie od\u00a0nowego roku szkolnego obowi\u0105zkowy dla\u00a0wszystkich uczni\u00f3w? Tego nie\u00a0wiadomo. Jak przekaza\u0142a Interii rzecznik prasowa MEN Ewelina Gorczyca, w\u00a0sprawie trwaj\u0105 ostatnie ustalenia. &#8222;Decyzj\u0119, co\u00a0do\u00a0ewentualnej obowi\u0105zkowo\u015bci edukacji zdrowotnej, ministra edukacji og\u0142osi w\u00a0przysz\u0142ym tygodniu&#8221; \u2013\u00a0poinformowa\u0142a. &#13;\n<\/p>\n<p>&#13;<br \/>\nJak z\u00a0kolei informowa\u0142 serwis rynekzdrowia.pl, na\u00a0o\u0142tarzu spo\u0142ecznej akceptacji dla\u00a0obowi\u0105zkowo\u015bci tego przedmiotu mo\u017ce zosta\u0107 z\u0142o\u017cony komponent, dotycz\u0105cy zdrowia seksualnego. Je\u015bli rzeczywi\u015bcie z\u00a0przedmiotu wykre\u015blono by\u00a0cz\u0119\u015b\u0107 dotycz\u0105c\u0105 edukacji seksualnej, oznacza\u0142oby to\u00a0du\u017cy krok wstecz ze\u00a0strony Nowackiej. Czy\u00a0rzeczywi\u015bcie tak si\u0119 stanie? &#13;\n<\/p>\n<p>Edukacja zdrowotna, ale\u00a0bez edukacji seksualnej? &#8222;Resort idzie w\u00a0tym kierunku&#8221;<\/p>\n<p>&#13;<br \/>\nTakie przymiarki dostrzega \u017baneta Cwalina-\u015aliwowska z\u00a0klubu Centrum. \u2013\u00a0Widzimy, \u017ce\u00a0resort idzie w\u00a0tym kierunku, by\u00a0by\u0142 to\u00a0przedmiot obowi\u0105zkowy, ale\u00a0bez tre\u015bci dotycz\u0105cych zdrowia seksualnego \u2013\u00a0powiedzia\u0142a parlamentarzystka. Jej zdaniem, nie\u00a0jest to\u00a0&#8222;do\u00a0ko\u0144ca w\u0142a\u015bciwe podej\u015bcie&#8221;, &#8222;bo je\u015bli nie\u00a0z\u00a0podr\u0119cznika, dzieci i\u00a0m\u0142odzie\u017c b\u0119d\u0105 nabywa\u0142y t\u0119\u00a0wiedz\u0119 z\u00a0internetu&#8221;. \u2013\u00a0To\u00a0krok ministerstwa, by\u00a0p\u00f3j\u015b\u0107 na\u00a0r\u0119k\u0119 ugrupowaniom prawicowym \u2013\u00a0przypuszczam \u017ce\u00a0chodzi o\u00a0PiS, Konfederacje, by\u0107 mo\u017ce PSL. Nawet je\u015bli da\u0142oby si\u0119 to\u00a0zrobi\u0107 na\u00a0przek\u00f3r tym partiom, to\u00a0jest to\u00a0uk\u0142on w\u00a0ich stron\u0119, by\u00a0ostudzi\u0107 emocje \u2013\u00a0oceni\u0142a Cwalina-\u015aliwowska. &#13;\n<\/p>\n<p>&#13;<br \/>\nJaka ostatecznie decyzja zapadnie? Interia zwraca tu uwag\u0119, \u017ce\u00a0tym razem minister Nowacka nie\u00a0chce zbyt szybko og\u0142osi\u0107 decyzji, kt\u00f3ra mog\u0142aby oznacza\u0107 dla\u00a0niej kolejny kryzys wizerunkowy. &#8222;Dlatego te\u017c w\u00a0resorcie trwaj\u0105 ostatnie analizy. Obowi\u0105zkowo\u015b\u0107 przedmiotu b\u0119dzie forsowana, ale\u00a0z\u00a0prawdopodobnymi ust\u0119pstwami, dotycz\u0105cymi zdrowia seksualnego. Decyzj\u0119 poznamy w\u00a0przysz\u0142ym tygodniu&#8221; \u2013\u00a0czytamy. &#13;\n<\/p>\n<p>&#13;<br \/>\nCzytaj te\u017c:<br \/><a href=\"https:\/\/dorzeczy.pl\/kraj\/864949\/apel-przeciw-obowiazkowej-edukacji-zdrowotnej-podpisalo-sie-155-tys-osob.html\" rel=\"follow nofollow noopener\" data-schema=\"DORZECZY\" data-image=\"https:\/\/img.dorzeczy.pl\/_thumb\/26\/80\/19f015360a7f2458a05fba4c1de1.jpeg\" target=\"_blank\">Rodzice przeciw pomys\u0142owi Nowackiej. Ta\u00a0liczba robi wra\u017cenie<\/a>Czytaj te\u017c:<br \/><a href=\"https:\/\/dorzeczy.pl\/kraj\/862195\/rodzice-przeciw-obowiazkowej-edukacji-zdrowotnej-ostatni-moment-by-wyrazic-sprzeciw.html\" rel=\"follow nofollow noopener\" data-schema=\"DORZECZY\" data-image=\"https:\/\/img.dorzeczy.pl\/_thumb\/0e\/6b\/f460c620e31709d72802c5924c86.jpeg\" target=\"_blank\">Obowi\u0105zkowa edukacja zdrowotna. Ostatnia chwila na\u00a0sprzeciw<\/a>Czytaj te\u017c:<br \/><a href=\"https:\/\/dorzeczy.pl\/kraj\/862102\/nie-mialam-wyjscia-nowacka-wprost-o-glosnej-decyzji.html\" rel=\"follow nofollow noopener\" data-schema=\"DORZECZY\" data-image=\"https:\/\/img.dorzeczy.pl\/_thumb\/01\/6d\/655d6f2d69088446bf692b8f88fa.jpeg\" target=\"_blank\">&#8222;Nie mia\u0142am wyj\u015bcia&#8221;. Nowacka wprost o\u00a0g\u0142o\u015bnej decyzji<\/a>&#13;<\/p>\n","protected":false},"excerpt":{"rendered":"&#13; Decyzja dotycz\u0105ca przysz\u0142o\u015bci edukacji zdrowotnej mia\u0142a zapa\u015b\u0107 w\u00a0Ministerstwie Edukacji Narodowej do\u00a0ko\u0144ca marca. Tak\u0105 informacj\u0119 przekaza\u0142a w\u00a0jednym wywiad\u00f3w&hellip;\n","protected":false},"author":2,"featured_media":345106,"comment_status":"","ping_status":"","sticky":false,"template":"","format":"standard","meta":{"footnotes":"","_share_on_mastodon":"0"},"categories":[12],"tags":[11309,32,33,98,5418,36,37,27,49,34,35,59011,28,31,25,103,42,38,40,39,41,29,30,26],"class_list":["post-345105","post","type-post","status-publish","format-standard","has-post-thumbnail","category-polska","tag-barbara-nowacka","tag-breaking-news","tag-breakingnews","tag-dorzeczy","tag-edukacja-zdrowotna","tag-featured-news","tag-featurednews","tag-headlines","tag-kraj","tag-latest-news","tag-latestnews","tag-ministerstwo-edukacji","tag-naglowki","tag-najwazniejsze-artykuly","tag-news","tag-obserwator-mediow","tag-pl","tag-poland","tag-polish","tag-polska","tag-polski","tag-top-stories","tag-topstories","tag-wiadomosci"],"share_on_mastodon":{"url":"https:\/\/pubeurope.com\/@pl\/116342831488624785","error":""},"_links":{"self":[{"href":"https:\/\/www.europesays.com\/pl\/wp-json\/wp\/v2\/posts\/345105","targetHints":{"allow":["GET"]}}],"collection":[{"href":"https:\/\/www.europesays.com\/pl\/wp-json\/wp\/v2\/posts"}],"about":[{"href":"https:\/\/www.europesays.com\/pl\/wp-json\/wp\/v2\/types\/post"}],"author":[{"embeddable":true,"href":"https:\/\/www.europesays.com\/pl\/wp-json\/wp\/v2\/users\/2"}],"replies":[{"embeddable":true,"href":"https:\/\/www.europesays.com\/pl\/wp-json\/wp\/v2\/comments?post=345105"}],"version-history":[{"count":0,"href":"https:\/\/www.europesays.com\/pl\/wp-json\/wp\/v2\/posts\/345105\/revisions"}],"wp:featuredmedia":[{"embeddable":true,"href":"https:\/\/www.europesays.com\/pl\/wp-json\/wp\/v2\/media\/345106"}],"wp:attachment":[{"href":"https:\/\/www.europesays.com\/pl\/wp-json\/wp\/v2\/media?parent=345105"}],"wp:term":[{"taxonomy":"category","embeddable":true,"href":"https:\/\/www.europesays.com\/pl\/wp-json\/wp\/v2\/categories?post=345105"},{"taxonomy":"post_tag","embeddable":true,"href":"https:\/\/www.europesays.com\/pl\/wp-json\/wp\/v2\/tags?post=345105"}],"curies":[{"name":"wp","href":"https:\/\/api.w.org\/{rel}","templated":true}]}}