{"id":345364,"date":"2026-04-04T01:00:34","date_gmt":"2026-04-04T01:00:34","guid":{"rendered":"https:\/\/www.europesays.com\/pl\/345364\/"},"modified":"2026-04-04T01:00:34","modified_gmt":"2026-04-04T01:00:34","slug":"zabil-babcie-i-dziadka-w-wolominie-sad-zdecydowal-w-sprawie-19-latka","status":"publish","type":"post","link":"https:\/\/www.europesays.com\/pl\/345364\/","title":{"rendered":"Zabi\u0142 babci\u0119 i dziadka w Wo\u0142ominie. S\u0105d zdecydowa\u0142 w sprawie 19-latka"},"content":{"rendered":"<p> \u2014 S\u0105d przychyli\u0142 si\u0119 do wniosku prokuratury o zastosowanie \u015brodka zapobiegawczego w postaci tymczasowego aresztowania wobec Gracjana O. To areszt na trzy miesi\u0105ce. Przy czym m\u0119\u017cczyzna wci\u0105\u017c przebywa w szpitalu \u2014 m\u00f3wi Onetowi prok. Karolina Staros, rzeczniczka Prokuratury Okr\u0119gowej w Warszawie.<\/p>\n<p>19-latek wci\u0105\u017c jest w szpitalu. Pilnuje go policja<\/p>\n<p>\u2014 S\u0105d wskaza\u0142, \u017ce dop\u00f3ki lekarze nie zdecyduj\u0105 inaczej, Gracjan O. b\u0119dzie odbywa\u0142 \u00f3w areszt w warunkach szpitalnych. M\u0119\u017cczyzna jest wi\u0119c nadal hospitalizowany, ale przez ca\u0142y czas pilnuje go policja. Je\u017celi stan zdrowia na to pozwoli, zostanie przetransportowany do jednego z areszt\u00f3w \u2014 dodaje rzeczniczka.<\/p>\n<p>     ZOBACZ R\u00d3WNIE\u017b: <a href=\"https:\/\/wiadomosci.onet.pl\/warszawa\/podwojne-zabojstwo-w-wolominie-19-letni-gracjan-o-z-zarzutem\/3f2gzd5\" id=\"3f5b054a-cee4-47da-90c0-179d4a82b065\" rel=\"nofollow noopener\" target=\"_blank\">Nowe fakty o podw\u00f3jnym zab\u00f3jstwie w Wo\u0142ominie. Gracjan O. przes\u0142uchany. Jest w szpitalu<\/a><\/p>\n<p>Zosta\u0142a ju\u017c przeprowadzona sekcja zw\u0142ok obojga zamordowanych 75-latk\u00f3w. Wst\u0119pne wyniki trafi\u0142y ju\u017c do prokuratury.<\/p>\n<p> Dalszy ci\u0105g artyku\u0142u pod materia\u0142em wideo <\/p>\n<p>\u2014 Teraz b\u0119d\u0105 one analizowane. Na razie dla dobra \u015bledztwa nie ujawniamy, w jaki spos\u00f3b dosz\u0142o do \u015bmierci tych os\u00f3b. Mog\u0119 potwierdzi\u0107, \u017ce w mieszkaniu, w kt\u00f3rym dosz\u0142o do zab\u00f3jstwa, zosta\u0142y zabezpieczone no\u017ce, ale na razie nie wiadomo jeszcze, czy kt\u00f3ry\u015b z nich m\u00f3g\u0142 by\u0107 narz\u0119dziem zbrodni. To r\u00f3wnie\u017c b\u0119dzie ustalane \u2014 m\u00f3wi nam Karolina Staros.<\/p>\n<p>     ZOBACZ R\u00d3WNIE\u017b: <a href=\"https:\/\/wiadomosci.onet.pl\/warszawa\/podwojne-zabojstwo-w-wolominie-sasiadka-zabitych-od-razu-pomyslalam-o-nim\/xlfrbz1\" id=\"f615b59a-3b7f-4d69-b55a-aece23e54103\" rel=\"nofollow noopener\" target=\"_blank\">Podw\u00f3jne zab\u00f3jstwo w Wo\u0142ominie. &#8222;Jak pomy\u015bl\u0119, \u017ce nas mija\u0142, to a\u017c ciarki mnie przechodz\u0105&#8221;<\/a><\/p>\n<p>Z nieoficjalnych informacji wynika, \u017ce Czes\u0142aw i Stanis\u0142awa O. zgin\u0119li w\u0142a\u015bnie od cios\u00f3w ostrym narz\u0119dziem. Mieli zosta\u0107 znalezieni w ka\u0142u\u017cy krwi, z ranami szyi.<\/p>\n<p>     S\u0105siedzi s\u0142yszeli krzyki dochodz\u0105ce z mieszkaniaPrzypomnijmy, <a href=\"https:\/\/wiadomosci.onet.pl\/warszawa\/tragiczne-odkrycie-w-wolominie-nie-zyja-dwie-osoby\/gwe4212\" id=\"2a495b9a-c67e-4c85-8ff2-3c41fbdcf4e1\" rel=\"nofollow noopener\" target=\"_blank\">do zdarzenia dosz\u0142o w poniedzia\u0142ek, 30 marca<\/a> br. Policjanci dostali zg\u0142oszenie tego dnia rano. Z nieoficjalnych ustale\u0144 Onetu wynika, \u017ce 19-letni Gracjan O. sam zadzwoni\u0142 na numer alarmowy i powiedzia\u0142, \u017ce potrzebna jest pomoc, bo dosz\u0142o do tragedii.Po <a href=\"https:\/\/wiadomosci.onet.pl\/warszawa\/podwojne-zabojstwo-w-wolominie-sasiadka-zabitych-od-razu-pomyslalam-o-nim\/xlfrbz1\" id=\"78478607-0453-45b3-b9dc-b39a5219c7ff\" rel=\"nofollow noopener\" target=\"_blank\">rozmowach z mieszka\u0144cami bloku w Wo\u0142ominie, w kt\u00f3rym dosz\u0142o do zbrodni,<\/a> dowiedzieli\u015bmy si\u0119 r\u00f3wnie\u017c, \u017ce oko\u0142o godz. 10.30 z mieszkania zacz\u0119\u0142y dochodzi\u0107 krzyki. Wtedy s\u0105siedzi r\u00f3wnie\u017c mieli dzwoni\u0107 na policj\u0119.ZOBACZ R\u00d3WNIE\u017b: <a href=\"https:\/\/wiadomosci.onet.pl\/warszawa\/19-latek-mial-zabic-babcie-i-dziadka-w-wolominie-nowe-informacje\/gyqmrbb\" id=\"bb4f53b7-dc58-432b-8ba3-c8021b5a18c7\" rel=\"nofollow noopener\" target=\"_blank\">19-latek mia\u0142 zabi\u0107 babci\u0119 i dziadka w Wo\u0142ominie. Nowe informacje<\/a><\/p>\n<p>\u015aledztwo w tej sprawie zosta\u0142o wszcz\u0119te nast\u0119pnego dnia. Prowadzi je Prokuratura Rejonowa w Wo\u0142ominie.<\/p>\n<p>\u2014 Wszystkie dowody w tej sprawie zosta\u0142y ju\u017c zabezpieczone, przeprowadzono ogl\u0119dziny miejsca zdarzenia, zostali przes\u0142uchani \u015bwiadkowie. Kiedy wr\u00f3c\u0105 akta z s\u0105du, prokuratura b\u0119dzie prowadzi\u0107 kolejne czynno\u015bci w tym \u015bledztwie \u2014 m\u00f3wi nam prok. Karolina Staros.<\/p>\n<p>Gracjan O. we wtorek us\u0142ysza\u0142 zarzut podw\u00f3jnego zab\u00f3jstwa. Chodzi o czyn z art. 148, paragraf 1, kodeksu karnego. Zgodnie z nim, kto zabija cz\u0142owieka, podlega karze pozbawienia wolno\u015bci na czas nie kr\u00f3tszy od lat 10 albo karze do\u017cywotniego pozbawienia wolno\u015bci. Podczas przes\u0142uchania 19-latek nie przyzna\u0142 si\u0119 do winy. Odm\u00f3wi\u0142 sk\u0142adania wyja\u015bnie\u0144.<\/p>\n","protected":false},"excerpt":{"rendered":"\u2014 S\u0105d przychyli\u0142 si\u0119 do wniosku prokuratury o zastosowanie \u015brodka zapobiegawczego w postaci tymczasowego aresztowania wobec Gracjana O.&hellip;\n","protected":false},"author":2,"featured_media":345365,"comment_status":"","ping_status":"","sticky":false,"template":"","format":"standard","meta":{"footnotes":"","_share_on_mastodon":"0"},"categories":[51605],"tags":[2451,48,46,42,38,414,40,39,41,1627,47,435,34906,411],"class_list":["post-345364","post","type-post","status-publish","format-standard","has-post-thumbnail","category-warszawa","tag-areszt","tag-nat_styl","tag-omp","tag-pl","tag-poland","tag-policja","tag-polish","tag-polska","tag-polski","tag-prokuratura","tag-screening_general","tag-warszawa","tag-wolomin","tag-zabojstwo"],"share_on_mastodon":{"url":"https:\/\/pubeurope.com\/@pl\/116343735805013962","error":""},"_links":{"self":[{"href":"https:\/\/www.europesays.com\/pl\/wp-json\/wp\/v2\/posts\/345364","targetHints":{"allow":["GET"]}}],"collection":[{"href":"https:\/\/www.europesays.com\/pl\/wp-json\/wp\/v2\/posts"}],"about":[{"href":"https:\/\/www.europesays.com\/pl\/wp-json\/wp\/v2\/types\/post"}],"author":[{"embeddable":true,"href":"https:\/\/www.europesays.com\/pl\/wp-json\/wp\/v2\/users\/2"}],"replies":[{"embeddable":true,"href":"https:\/\/www.europesays.com\/pl\/wp-json\/wp\/v2\/comments?post=345364"}],"version-history":[{"count":0,"href":"https:\/\/www.europesays.com\/pl\/wp-json\/wp\/v2\/posts\/345364\/revisions"}],"wp:featuredmedia":[{"embeddable":true,"href":"https:\/\/www.europesays.com\/pl\/wp-json\/wp\/v2\/media\/345365"}],"wp:attachment":[{"href":"https:\/\/www.europesays.com\/pl\/wp-json\/wp\/v2\/media?parent=345364"}],"wp:term":[{"taxonomy":"category","embeddable":true,"href":"https:\/\/www.europesays.com\/pl\/wp-json\/wp\/v2\/categories?post=345364"},{"taxonomy":"post_tag","embeddable":true,"href":"https:\/\/www.europesays.com\/pl\/wp-json\/wp\/v2\/tags?post=345364"}],"curies":[{"name":"wp","href":"https:\/\/api.w.org\/{rel}","templated":true}]}}