{"id":345537,"date":"2026-04-04T03:52:12","date_gmt":"2026-04-04T03:52:12","guid":{"rendered":"https:\/\/www.europesays.com\/pl\/345537\/"},"modified":"2026-04-04T03:52:12","modified_gmt":"2026-04-04T03:52:12","slug":"przepis-na-idealna-jarzynowa-od-magdy-gessler-tego-skladnika-nigdy-nie-dodawaj-2","status":"publish","type":"post","link":"https:\/\/www.europesays.com\/pl\/345537\/","title":{"rendered":"Przepis na idealn\u0105 jarzynow\u0105 od Magdy Gessler. Tego sk\u0142adnika nigdy nie dodawaj"},"content":{"rendered":"<p>Wielkanoc tu\u017c-tu\u017c, a na sto\u0142ach w wielu domach nie mo\u017ce zabrakn\u0105\u0107 sa\u0142atki jarzynowej. <a href=\"https:\/\/plejada.pl\/magda-gessler\" id=\"ffa41241-8959-4a46-b312-33ae19f4c71b\" rel=\"nofollow noopener\" target=\"_blank\">Magda Gessler<\/a> ma na ni\u0105 sw\u00f3j spos\u00f3b. W rozmowie z &#8222;Wyborcz\u0105&#8221; dok\u0142adnie opowiedzia\u0142a, w jaki spos\u00f3b powinna by\u0107 przyrz\u0105dzona. W\u015br\u00f3d sk\u0142adnik\u00f3w nie mo\u017ce zabrakn\u0105\u0107 jajka, a tak\u017ce og\u00f3rka kiszonego, jednak koniecznie bez sk\u00f3rki.<\/p>\n<blockquote class=\"ods-o-quote\">\n<p class=\"ods-o-quote__paragraph\">Musi te\u017c by\u0107 bardzo dobry og\u00f3rek kiszony, bez sk\u00f3rki, bo sk\u00f3rka wchodzi mi\u0119dzy z\u0119by i wkurza, a poza tym sa\u0142atka przez t\u0119 tekstur\u0119 jest niesp\u00f3jna. I ten og\u00f3rek musi by\u0107 odci\u015bni\u0119ty, \u017ceby nie rozrzedza\u0142 sa\u0142atki<\/p>\n<\/blockquote>\n<p>\u2014 t\u0142umaczy\u0142a.<\/p>\n<p> Dalszy ci\u0105g artyku\u0142u pod materia\u0142em wideo Przepis na idealn\u0105 jarzynow\u0105 od Magdy Gessler. Tego sk\u0142adnika nigdy nie dawaj<\/p>\n<p>Restauratorka podkre\u015bla, \u017ce marchewka w sa\u0142atce musi by\u0107 ugotowana wcze\u015bniej w rosole.<\/p>\n<blockquote class=\"ods-o-quote\">\n<p class=\"ods-o-quote__paragraph\">Trzeba da\u0107 du\u017co selera, du\u017co pietruszki, marchewki \u2014 oczywi\u015bcie z roso\u0142u, ale nie przegotowane \u2014 no i sporo kwa\u015bnego polskiego jab\u0142ka. I jeszcze grzybki marynowane, ale takie, kt\u00f3re si\u0119 nie \u015blini\u0105, czyli opie\u0144ki, g\u0105ski, lub kurki. Na pewno nie prawdziwki czy podgrzybki<\/p>\n<\/blockquote>\n<p>\u2014 kontynuowa\u0142a. Cho\u0107 Gessler nie przepada za groszkiem, poradzi\u0142a, aby do jarzynowej nie dodawa\u0107 mro\u017conego. &#8222;Jest [wtedy] za twardy. Ohyda&#8221; \u2014 doda\u0142a. Podkre\u015bla r\u00f3wnie\u017c, aby &#8222;absolutnie&#8221; nigdy nie dodawa\u0107 kukurydzy.<\/p>\n<blockquote class=\"ods-o-quote\">\n<p class=\"ods-o-quote__paragraph\">Nadaje si\u0119 za to ziemniak, ale taki kleisty, kt\u00f3rego si\u0119 u\u017cywa do klusek \u015bl\u0105skich, nie ten sypki. No i cebula, ale dodana tu\u017c przed podaniem sa\u0142atki. Taka s\u0142odsza, na przyk\u0142ad hiszpa\u0144ska, bo polska ma za ostry smak. Powinna by\u0107 przep\u0142ukana wod\u0105 zimn\u0105, odcedzona i bardzo drobno pokrojona<\/p>\n<\/blockquote>\n<p>&#8222;Taka sa\u0142atka powinna dwie godziny macerowa\u0107 si\u0119 w temperaturze pokojowej, bez majonezu, tylko z olejem, cukrem, sol\u0105 i pieprzem. Potem w\u0142o\u017cona do lod\u00f3wki \u2014 pod przykryciem! \u2014 a dopiero w dzie\u0144 podania na st\u00f3\u0142 dodajemy majonez&#8221; \u2014 podkre\u015bli\u0142a.<\/p>\n<p>W tym samym wywiadzie gwiazda &#8222;Kuchennych rewolucji&#8221; opowiedzia\u0142a, w jaki spos\u00f3b przyrz\u0105dza majonez. &#8222;Robi\u0119 z ca\u0142ych jajek, wi\u0119c jest lekki. Daj\u0119 oliw\u0119 z oliwek p\u00f3\u0142 na p\u00f3\u0142 z oliw\u0105 rzepakow\u0105, do tego odrobin\u0119 czosnku, ocet winny i odrobin\u0119 musztardy. I lubi\u0119 te\u017c odrobin\u0119 mleka na ko\u0144cu&#8221; \u2014 zdradzi\u0142a.<\/p>\n<p> <img decoding=\"async\" src=\"https:\/\/www.europesays.com\/pl\/wp-content\/uploads\/2026\/03\/gh2k9lBaHR0cHM6Ly9vY2RuLmV1L3B1bHNjbXMvTURBXy9kNWYyMmYxMjVmYmIwZDA1MWU5YWVhMWNiYzM3MTk1NC5qcGeRlQLNB.jpeg\" height=\"800\" width=\"534\" alt=\"Magda Gessler\" loading=\"lazy\" class=\"ods-c-image__img ods-c-image__img--vertical\"\/> <\/p>\n<p>Magda GesslerPiotr Andrzejczak \/ MW Media<\/p>\n<p> Dzi\u0119kujemy, \u017ce przeczyta\u0142a\u015b\/e\u015b nasz artyku\u0142 do ko\u0144ca. W serwisie Plejada.pl ka\u017cdego dnia piszemy o najwa\u017cniejszych wydarzeniach show-biznesowych. B\u0105d\u017a na bie\u017c\u0105co!<a rel=\"nofollow noopener\" href=\"https:\/\/profile.google.com\/cp\/Cg0vZy8xMWJ6X19wdHBx\" id=\"37601ee6-b556-4300-84ad-ad69c534a81d\" target=\"_blank\"> Obserwuj<\/a> Plejad\u0119 w Google. Odwied\u017a nas tak\u017ce na<a rel=\"nofollow noopener\" href=\"https:\/\/www.facebook.com\/plejadapl\" id=\"57148b10-bace-4c66-a901-61e32fd94804\" target=\"_blank\"> Facebooku<\/a>,<a rel=\"nofollow noopener\" href=\"https:\/\/www.instagram.com\/plejadapl\/\" id=\"5bbaa900-a580-4dd9-8772-a500ea810a59\" target=\"_blank\"> Instagramie<\/a>,<a rel=\"nofollow noopener\" href=\"https:\/\/www.youtube.com\/c\/plejada\" id=\"d7721d33-9346-44c3-b916-bf18ad6ab166\" target=\"_blank\"> YouTubie<\/a> oraz<a rel=\"nofollow noopener\" href=\"https:\/\/www.tiktok.com\/@plejada_pl\" id=\"7de85d07-d434-4537-8080-cb225f5da708\" target=\"_blank\"> TikToku<\/a>.Chcesz podzieli\u0107 si\u0119 ciekawym newsem lub zaproponowa\u0107 temat? Skontaktuj si\u0119 z nami, pisz\u0105c maila na adres: <a rel=\"nofollow noopener\" href=\"https:\/\/plejada.pl\/newsy\/przepis-na-idealna-jarzynowa-od-magdy-gessler-tego-skladnika-nigdy-nie-dodawaj\/mailto:plejada@redakcjaonet.pl\" id=\"cb3089d0-28a9-4803-a64f-3fcefcddd31a\" target=\"_blank\">plejada@redakcjaonet.pl<\/a>.<script async src=\"\/\/www.instagram.com\/embed.js\"><\/script><script async src=\"\/\/www.tiktok.com\/embed.js\"><\/script><\/p>\n","protected":false},"excerpt":{"rendered":"Wielkanoc tu\u017c-tu\u017c, a na sto\u0142ach w wielu domach nie mo\u017ce zabrakn\u0105\u0107 sa\u0142atki jarzynowej. Magda Gessler ma na ni\u0105&hellip;\n","protected":false},"author":2,"featured_media":345538,"comment_status":"","ping_status":"","sticky":false,"template":"","format":"standard","meta":{"footnotes":"","_share_on_mastodon":"0"},"categories":[22],"tags":[122,9808,553,48,125,46,42,38,40,39,41,17333,123,47,50699],"class_list":["post-345537","post","type-post","status-publish","format-standard","has-post-thumbnail","category-rozrywka","tag-entertainment","tag-jedzenie","tag-magda_gessler","tag-nat_styl","tag-newsy","tag-omp","tag-pl","tag-poland","tag-polish","tag-polska","tag-polski","tag-przepis","tag-rozrywka","tag-screening_general","tag-wielkanoc"],"share_on_mastodon":{"url":"https:\/\/pubeurope.com\/@pl\/116344412443133322","error":""},"_links":{"self":[{"href":"https:\/\/www.europesays.com\/pl\/wp-json\/wp\/v2\/posts\/345537","targetHints":{"allow":["GET"]}}],"collection":[{"href":"https:\/\/www.europesays.com\/pl\/wp-json\/wp\/v2\/posts"}],"about":[{"href":"https:\/\/www.europesays.com\/pl\/wp-json\/wp\/v2\/types\/post"}],"author":[{"embeddable":true,"href":"https:\/\/www.europesays.com\/pl\/wp-json\/wp\/v2\/users\/2"}],"replies":[{"embeddable":true,"href":"https:\/\/www.europesays.com\/pl\/wp-json\/wp\/v2\/comments?post=345537"}],"version-history":[{"count":0,"href":"https:\/\/www.europesays.com\/pl\/wp-json\/wp\/v2\/posts\/345537\/revisions"}],"wp:featuredmedia":[{"embeddable":true,"href":"https:\/\/www.europesays.com\/pl\/wp-json\/wp\/v2\/media\/345538"}],"wp:attachment":[{"href":"https:\/\/www.europesays.com\/pl\/wp-json\/wp\/v2\/media?parent=345537"}],"wp:term":[{"taxonomy":"category","embeddable":true,"href":"https:\/\/www.europesays.com\/pl\/wp-json\/wp\/v2\/categories?post=345537"},{"taxonomy":"post_tag","embeddable":true,"href":"https:\/\/www.europesays.com\/pl\/wp-json\/wp\/v2\/tags?post=345537"}],"curies":[{"name":"wp","href":"https:\/\/api.w.org\/{rel}","templated":true}]}}