{"id":345934,"date":"2026-04-04T09:11:08","date_gmt":"2026-04-04T09:11:08","guid":{"rendered":"https:\/\/www.europesays.com\/pl\/345934\/"},"modified":"2026-04-04T09:11:08","modified_gmt":"2026-04-04T09:11:08","slug":"poscig-ulicami-warszawy-24-latek-dachowal-w-sulejowku-piec-osob-rannych-2","status":"publish","type":"post","link":"https:\/\/www.europesays.com\/pl\/345934\/","title":{"rendered":"Po\u015bcig ulicami Warszawy. 24-latek dachowa\u0142 w Sulej\u00f3wku, pi\u0119\u0107 os\u00f3b rannych"},"content":{"rendered":"<p>Do zdarzenia dosz\u0142o oko\u0142o 1:20 w miejscowo\u015bci Krosna-Wie\u015b, po zachodniej stronie Warszawy, w pobli\u017cu Podkowy Le\u015bnej.<\/p>\n<p>Funkcjonariusze pr\u00f3bowali zatrzyma\u0107 do rutynowej kontroli Audi, kt\u00f3rym podr\u00f3\u017cowa\u0142o pi\u0119\u0107 os\u00f3b. Kierowca jednak zignorowa\u0142 sygna\u0142y \u015bwietlne i d\u017awi\u0119kowe, rozpoczynaj\u0105c ucieczk\u0119 przez ca\u0142\u0105 stolic\u0119. W po\u015bcig zaanga\u017cowa\u0142y si\u0119 kolejne radiowozy, a trasa ucieczki prowadzi\u0142a od Al. Jerozolimskich, przez Obwodnic\u0119 Po\u0142udniow\u0105 Warszawy, a\u017c do Sulej\u00f3wka.<\/p>\n<p>Po\u015bcig trwa\u0142 ponad p\u00f3\u0142 godziny i zako\u0144czy\u0142 si\u0119 na w\u0119\u017ale ko\u0144cowym drogi ekspresowej S17, znanej jako Trasa Lubelska. Tam kierowca Audi straci\u0142 panowanie nad pojazdem, kt\u00f3ry z du\u017c\u0105 si\u0142\u0105 uderzy\u0142 w betonow\u0105 barier\u0119 i dachowa\u0142.<\/p>\n<p>     Akcja ratunkowa i stan poszkodowanych<\/p>\n<p>Tylko jedna osoba zdo\u0142a\u0142a samodzielnie opu\u015bci\u0107 rozbity samoch\u00f3d. Pozosta\u0142ych pasa\u017cer\u00f3w, kt\u00f3rzy zostali zakleszczeni wewn\u0105trz pojazdu, wydobywa\u0142o sze\u015b\u0107 zast\u0119p\u00f3w stra\u017cy po\u017carnej przy u\u017cyciu specjalistycznego sprz\u0119tu.<\/p>\n<p>Na miejsce skierowano tak\u017ce cztery zespo\u0142y ratownictwa medycznego. Wszyscy uczestnicy wypadku zostali przewiezieni do szpitala z obra\u017ceniami, w\u015br\u00f3d kt\u00f3rych znalaz\u0142y si\u0119 z\u0142amania, st\u0142uczenia oraz urazy og\u00f3lne.<\/p>\n<p>     To\u017csamo\u015b\u0107 kierowcy i pasa\u017cer\u00f3w<\/p>\n<p>Jak ustalili dziennikarze, za kierownic\u0105 Audi siedzia\u0142 24-letni m\u0119\u017cczyzna, kt\u00f3ry by\u0142 poszukiwany do odbycia kary wi\u0119zienia za wcze\u015bniejsze spowodowanie zagro\u017cenia na drodze. Co wi\u0119cej, wobec kierowcy obowi\u0105zywa\u0142y trzy zakazy prowadzenia pojazd\u00f3w, kt\u00f3re mia\u0142y pozosta\u0107 w mocy do 2028 r. <\/p>\n<p>W\u015br\u00f3d pasa\u017cer\u00f3w znajdowa\u0142a si\u0119 r\u00f3wnie\u017c 22-letnia kobieta, kt\u00f3ra tak\u017ce by\u0142a poszukiwana przez policj\u0119. By\u0142a ona jedn\u0105 z czterech os\u00f3b rannych w wyniku wypadku.<\/p>\n","protected":false},"excerpt":{"rendered":"Do zdarzenia dosz\u0142o oko\u0142o 1:20 w miejscowo\u015bci Krosna-Wie\u015b, po zachodniej stronie Warszawy, w pobli\u017cu Podkowy Le\u015bnej. Funkcjonariusze pr\u00f3bowali&hellip;\n","protected":false},"author":2,"featured_media":345935,"comment_status":"","ping_status":"","sticky":false,"template":"","format":"standard","meta":{"footnotes":"","_share_on_mastodon":"0"},"categories":[51605],"tags":[48,46,42,38,414,40,39,41,572,47,59262,435],"class_list":["post-345934","post","type-post","status-publish","format-standard","has-post-thumbnail","category-warszawa","tag-nat_styl","tag-omp","tag-pl","tag-poland","tag-policja","tag-polish","tag-polska","tag-polski","tag-poscig","tag-screening_general","tag-sulejowek","tag-warszawa"],"share_on_mastodon":{"url":"https:\/\/pubeurope.com\/@pl\/116345666614595324","error":""},"_links":{"self":[{"href":"https:\/\/www.europesays.com\/pl\/wp-json\/wp\/v2\/posts\/345934","targetHints":{"allow":["GET"]}}],"collection":[{"href":"https:\/\/www.europesays.com\/pl\/wp-json\/wp\/v2\/posts"}],"about":[{"href":"https:\/\/www.europesays.com\/pl\/wp-json\/wp\/v2\/types\/post"}],"author":[{"embeddable":true,"href":"https:\/\/www.europesays.com\/pl\/wp-json\/wp\/v2\/users\/2"}],"replies":[{"embeddable":true,"href":"https:\/\/www.europesays.com\/pl\/wp-json\/wp\/v2\/comments?post=345934"}],"version-history":[{"count":0,"href":"https:\/\/www.europesays.com\/pl\/wp-json\/wp\/v2\/posts\/345934\/revisions"}],"wp:featuredmedia":[{"embeddable":true,"href":"https:\/\/www.europesays.com\/pl\/wp-json\/wp\/v2\/media\/345935"}],"wp:attachment":[{"href":"https:\/\/www.europesays.com\/pl\/wp-json\/wp\/v2\/media?parent=345934"}],"wp:term":[{"taxonomy":"category","embeddable":true,"href":"https:\/\/www.europesays.com\/pl\/wp-json\/wp\/v2\/categories?post=345934"},{"taxonomy":"post_tag","embeddable":true,"href":"https:\/\/www.europesays.com\/pl\/wp-json\/wp\/v2\/tags?post=345934"}],"curies":[{"name":"wp","href":"https:\/\/api.w.org\/{rel}","templated":true}]}}