{"id":34687,"date":"2025-10-06T17:03:09","date_gmt":"2025-10-06T17:03:09","guid":{"rendered":"https:\/\/www.europesays.com\/pl\/34687\/"},"modified":"2025-10-06T17:03:09","modified_gmt":"2025-10-06T17:03:09","slug":"wojciech-szczesny-opowiedzial-o-relacjach-ze-swoim-wielkim-rywalem-zaplacil-za-to-przeglad-sportowy-onet","status":"publish","type":"post","link":"https:\/\/www.europesays.com\/pl\/34687\/","title":{"rendered":"Wojciech Szcz\u0119sny opowiedzia\u0142 o relacjach ze swoim wielkim rywalem. &quot;Zap\u0142aci\u0142 za to&quot; &#8211; Przegl\u0105d Sportowy Onet"},"content":{"rendered":"<ol>\n<li><a href=\"https:\/\/news.google.com\/rss\/articles\/CBMizAFBVV95cUxPNUpqNHBKOXFzTEMtbTlBZS0xc3RYR0xsSEs4b2RBdjF4N3NiNmFWaF91bkZKRmE5aHpaMFBkemN3dVRyWndIVVNXb2hUZ3Q2N3NBcGZ5Z25mZjBoRGE0bi1oTXc3eG94TmNVZ3VzVUJKb3JoZ0h0UE0zYU9ScTgxeVozNC16eG9OTUk3YjdOUkNvQ1VqZFkzQ1FVdXBmbTRxNXJiNEZpdXBJd2dXTmwweS0zMVBOM21UTG9KTTlDOE9ONGNMR0lDTGpnMFE?oc=5\" target=\"_blank\" rel=\"nofollow noopener\">Wojciech Szcz\u0119sny opowiedzia\u0142 o relacjach ze swoim wielkim rywalem. &#8222;Zap\u0142aci\u0142 za to&#8221;<\/a>&nbsp;&nbsp;Przegl\u0105d Sportowy Onet<\/li>\n<li><a href=\"https:\/\/news.google.com\/rss\/articles\/CBMirwFBVV95cUxQSmhPdTNkQnhxZzJEVm9kbjZNaS1wek8yekdUTkFpckhJMzRYSk9BcVlPNGRyb2w5Vlc2a0s1QTdJb0JRbEZKbVVmTjRUY2RaRzRLNmdFQlppMlB0LXRSSDYzdFJmWkdvU2JFY0RhdzloUzJjRXVNLVFvUnplU2gtQ093dWNlNkJNakhyLWlIb2VHeUZQaUIxUnVRUkN2NGhsRzI2S0cxcmJHN3VDYlZR?oc=5\" target=\"_blank\" rel=\"nofollow noopener\">Tak Inaki Pena traktowa\u0142 Wojciecha Szcz\u0119snego. Prawda wysz\u0142a na jaw Pi\u0142ka no\u017cna<\/a>&nbsp;&nbsp;Sport.pl<\/li>\n<li><a href=\"https:\/\/news.google.com\/rss\/articles\/CBMivwFBVV95cUxPdU5pMktWSWlJTHplVjZDZW5CNThRM1FCUnNpS2lHRFRRVl9Jd0I1NHl2bmJLcGs5WlZHcE55M0J5dk1yTFhHZjd4bDRXOHN6cUppQUd5cDdCVmtDNU5wYTZ0bXRRcFRVdG1zcWNDa0t0b0YyZ0dKM2hVTlcxQjU4NXFvX2ExWDZlWUFPaXVPejFLX0J0U3JzRE9SQkxjdjJ1a2RZSmRpSnZhZmtTN0JHTzdEaDVOa0hGMFFsRUpHbw?oc=5\" target=\"_blank\" rel=\"nofollow noopener\">Zapytali Szcz\u0119snego o by\u0142ego rywala. Polak nie waha\u0142 si\u0119 ani chwili. &#8222;Wysz\u0142o nam to na dobre&#8221;<\/a>&nbsp;&nbsp;Sport w INTERIA.PL<\/li>\n<li><a href=\"https:\/\/news.google.com\/rss\/articles\/CBMipwFBVV95cUxQUFFzQWVrMFREN2dpSE9rVHVEdXlGWUlMcXp3Ql92Mm9WY0txNElib1A2aXlaT0VoSi1uSHA1RGY4eGN4LWZxak9WdWwxdjY5YlNIT0p5YkpEMEFCdUZSTDMwb0ViLXdialRHaDhTYkZFamVzTnZkVm1ob1l6M2oyNElxeWNjaU1zeEVpNFR6ZGxXRGFYTzFwZncycGhEWkk2Qm1DSVNBMA?oc=5\" target=\"_blank\" rel=\"nofollow noopener\">Straci\u0142 miejsce na rzecz Szcz\u0119snego. Teraz do tego wr\u00f3ci\u0142<\/a>&nbsp;&nbsp;SportoweFakty<\/li>\n<li><a href=\"https:\/\/news.google.com\/rss\/articles\/CBMi1AFBVV95cUxNY1htNmJmR21BcGpTT3Z1em5HLU9QS3diTURoOFFzbWxXWjRnMFkweFRNS1Jsc3RuNy1pbVZIMVFmQTdveWtVWmpWelEyRjV0MVFrRlUtZ2cxUG1DTUdTLTZwT3FPOGxDX1lpZV9fVWJiNkNaX2NuaEZnc0VmcUhVUnlNTEh3Ml91WjMyS01sZmlqWk45UnluYmpUb2hoVmgyNkZYMjBMN195TWhsNFZZVmwyOU5IRV9zc1hMb0JnUmJtTzdhc1lBcXZZNThfb1FMaXE4ZA?oc=5\" target=\"_blank\" rel=\"nofollow noopener\">Konflikt w szatni Barcy, rywal Szcz\u0119snego przerwa\u0142 cisz\u0119. Koniec spekulacji<\/a>&nbsp;&nbsp;MSN<\/li>\n<\/ol>\n","protected":false},"excerpt":{"rendered":"Wojciech Szcz\u0119sny opowiedzia\u0142 o relacjach ze swoim wielkim rywalem. &#8222;Zap\u0142aci\u0142 za to&#8221;&nbsp;&nbsp;Przegl\u0105d Sportowy Onet Tak Inaki Pena traktowa\u0142&hellip;\n","protected":false},"author":2,"featured_media":34688,"comment_status":"","ping_status":"","sticky":false,"template":"","format":"standard","meta":{"footnotes":""},"categories":[24],"tags":[303,10096,67,2051,42,38,40,39,41,136,128,47,127,135,126,130,1789],"class_list":{"0":"post-34687","1":"post","2":"type-post","3":"status-publish","4":"format-standard","5":"has-post-thumbnail","7":"category-sport","8":"tag-fc_barcelona","9":"tag-inaki_pena","10":"tag-intextvideo_splayer","11":"tag-laliga","12":"tag-pl","13":"tag-poland","14":"tag-polish","15":"tag-polska","16":"tag-polski","17":"tag-ps_detal_new","18":"tag-psv2","19":"tag-screening_general","20":"tag-sport","21":"tag-sport_sport","22":"tag-sports","23":"tag-wiadomosci_sportowe","24":"tag-wojciech_szczesny"},"share_on_mastodon":{"url":"","error":""},"_links":{"self":[{"href":"https:\/\/www.europesays.com\/pl\/wp-json\/wp\/v2\/posts\/34687","targetHints":{"allow":["GET"]}}],"collection":[{"href":"https:\/\/www.europesays.com\/pl\/wp-json\/wp\/v2\/posts"}],"about":[{"href":"https:\/\/www.europesays.com\/pl\/wp-json\/wp\/v2\/types\/post"}],"author":[{"embeddable":true,"href":"https:\/\/www.europesays.com\/pl\/wp-json\/wp\/v2\/users\/2"}],"replies":[{"embeddable":true,"href":"https:\/\/www.europesays.com\/pl\/wp-json\/wp\/v2\/comments?post=34687"}],"version-history":[{"count":0,"href":"https:\/\/www.europesays.com\/pl\/wp-json\/wp\/v2\/posts\/34687\/revisions"}],"wp:featuredmedia":[{"embeddable":true,"href":"https:\/\/www.europesays.com\/pl\/wp-json\/wp\/v2\/media\/34688"}],"wp:attachment":[{"href":"https:\/\/www.europesays.com\/pl\/wp-json\/wp\/v2\/media?parent=34687"}],"wp:term":[{"taxonomy":"category","embeddable":true,"href":"https:\/\/www.europesays.com\/pl\/wp-json\/wp\/v2\/categories?post=34687"},{"taxonomy":"post_tag","embeddable":true,"href":"https:\/\/www.europesays.com\/pl\/wp-json\/wp\/v2\/tags?post=34687"}],"curies":[{"name":"wp","href":"https:\/\/api.w.org\/{rel}","templated":true}]}}