{"id":347189,"date":"2026-04-05T00:47:08","date_gmt":"2026-04-05T00:47:08","guid":{"rendered":"https:\/\/www.europesays.com\/pl\/347189\/"},"modified":"2026-04-05T00:47:08","modified_gmt":"2026-04-05T00:47:08","slug":"papiez-leon-xiv-apeluje-o-pokoj-sila-tej-nocy-usposabia-do-zgody","status":"publish","type":"post","link":"https:\/\/www.europesays.com\/pl\/347189\/","title":{"rendered":"Papie\u017c Leon XIV apeluje o pok\u00f3j. &#8222;Si\u0142a tej nocy usposabia do zgody&#8221;"},"content":{"rendered":"<p class=\"Paragraph_desktopParagraph__U31Gm\">Papie\u017c Leon XIV podczas mszy Wigilii Paschalnej w Wielk\u0105 Sobot\u0119 zaapelowa\u0142 do wierz\u0105cych o zaanga\u017cowanie na rzecz tego, aby wsz\u0119dzie i zawsze na \u015bwiecie rozkwita\u0142y paschalne dary zgody i pokoju. W homilii w Bazylice \u015awi\u0119tego Piotra wzywa\u0142, by nie da\u0107 si\u0119 sparali\u017cowa\u0107 przez wojn\u0119 i niesprawiedliwo\u015b\u0107.<\/p>\n<p class=\"VideoPlayerText_videoPlayerText__iDwyz\">Dalszy ci\u0105g materia\u0142u pod wideo<\/p>\n<p class=\"Paragraph_desktopParagraph__U31Gm\">Homili\u0119 wyg\u0142oszon\u0105 podczas najwa\u017cniejszej i najd\u0142u\u017cszej w roku liturgicznym mszy Leon XIV zacz\u0105\u0142 od s\u0142\u00f3w: \u2014 U\u015bwi\u0119caj\u0105ca si\u0142a tej nocy rozprasza nienawi\u015b\u0107, usposabia do zgody i ugina pot\u0119gi.<\/p>\n<p class=\"Paragraph_desktopParagraph__U31Gm\">\u2014 Jest to Wigilia pe\u0142na \u015bwiat\u0142a, najstarsza w tradycji chrze\u015bcija\u0144skiej, zwana &#8222;matk\u0105 wszystkich Wigilii&#8221;. W niej na nowo prze\u017cywamy pami\u0105tk\u0119 zwyci\u0119stwa Pana \u017cycia nad \u015bmierci\u0105 i otch\u0142ani\u0105. Czynimy to po prze\u017cyciu w ostatnich dniach, niczym w jednej wielkiej celebracji, misteri\u00f3w M\u0119ki Boga, kt\u00f3ry sta\u0142 si\u0119 dla nas m\u0119\u017cem bole\u015bci, wzgardzonym i odepchni\u0119tym przez ludzi, um\u0119czonym i ukrzy\u017cowanym \u2014 m\u00f3wi\u0142 papie\u017c.<\/p>\n<p class=\"Paragraph_desktopParagraph__U31Gm\">Zapyta\u0142 nast\u0119pnie: \u2014 Czy istnieje jaka\u015b wi\u0119ksza mi\u0142o\u015b\u0107? Czy istnieje jaka\u015b pe\u0142niejsza bezinteresowno\u015b\u0107? \u2014 Cz\u0142owiek mo\u017ce zabi\u0107 cia\u0142o, ale \u017cycie Boga mi\u0142o\u015bci jest \u017cyciem wiecznym, kt\u00f3re wykracza poza \u015bmier\u0107 i kt\u00f3rego \u017caden gr\u00f3b nie mo\u017ce uwi\u0119zi\u0107 \u2014 doda\u0142.<\/p>\n<p class=\"Paragraph_desktopParagraph__U31Gm\">Leon XIV wyja\u015bni\u0142: \u2014 To w\u0142a\u015bnie, najdro\u017csi, jest dzisiaj r\u00f3wnie\u017c naszym przes\u0142aniem dla \u015bwiata, spotkaniem, o kt\u00f3rym chcemy \u015bwiadczy\u0107 s\u0142owami wiary i uczynkami mi\u0142osierdzia, \u015bpiewaj\u0105c \u017cyciem &#8222;Alleluja&#8221;.<\/p>\n<p class=\"Paragraph_desktopParagraph__U31Gm\">\u2014 Tak jak niewiasty, kt\u00f3re pobieg\u0142y, by zwiastowa\u0107 t\u0119 nowin\u0119 braciom, tak i my chcemy tej nocy wyruszy\u0107 z tej bazyliki, aby nie\u015b\u0107 wszystkim dobr\u0105 nowin\u0119, \u017ce Jezus zmartwychwsta\u0142 i \u017ce jego moc\u0105, zmartwychwstaj\u0105c wraz z nim, r\u00f3wnie\u017c my mo\u017cemy da\u0107 pocz\u0105tek nowemu \u015bwiatu, \u015bwiatu pokoju i jedno\u015bci \u2014 zaznaczy\u0142.<\/p>\n<p>Leon XIV: nie s\u0105 to jacy\u015b nieosi\u0105galni bohaterowie <\/p>\n<p class=\"Paragraph_desktopParagraph__U31Gm\">Papie\u017c powiedzia\u0142: \u2014 R\u00f3wnie\u017c w naszych czasach nie brakuje grobowc\u00f3w, kt\u00f3re trzeba otworzy\u0107, a cz\u0119sto kamienie, kt\u00f3re je zamykaj\u0105, s\u0105 tak ci\u0119\u017ckie i tak pilnie strze\u017cone, \u017ce wydaj\u0105 si\u0119 nie do ruszenia. Niekt\u00f3re z nich przyt\u0142aczaj\u0105 cz\u0142owieka w sercu, jak nieufno\u015b\u0107, strach, egoizm, urazy; inne, b\u0119d\u0105ce konsekwencj\u0105 tych wewn\u0119trznych, zrywaj\u0105 wi\u0119zi mi\u0119dzy nami, jak wojna, niesprawiedliwo\u015b\u0107, izolacja mi\u0119dzy narodami i pa\u0144stwami.<\/p>\n<p class=\"Paragraph_desktopParagraph__U31Gm\">\u2014 Nie pozw\u00f3lmy, by nas sparali\u017cowa\u0142y \u2014 wezwa\u0142.<\/p>\n<p class=\"Paragraph_desktopParagraph__U31Gm\">\u2014 Wielu m\u0119\u017cczyzn i kobiet na przestrzeni wiek\u00f3w, z Bo\u017c\u0105 pomoc\u0105, odsun\u0119\u0142o te kamienie, nieraz z wielkim trudem, czasem za cen\u0119 \u017cycia, ale z dobrymi owocami, z kt\u00f3rych korzystamy do dzi\u015b. Nie s\u0105 to jacy\u015b nieosi\u0105galni bohaterowie, lecz ludzie tacy jak my, kt\u00f3rzy, umocnieni \u0142ask\u0105 Zmartwychwsta\u0142ego, w mi\u0142o\u015bci i prawdzie, mieli odwag\u0119 przemawia\u0107, jak m\u00f3wi Aposto\u0142 Piotr, s\u0142owami Bo\u017cymi \u2014 doda\u0142 Leon XIV.<\/p>\n<p class=\"Paragraph_desktopParagraph__U31Gm\">Zaapelowa\u0142: \u2014 Pozw\u00f3lmy si\u0119 porwa\u0107 ich przyk\u0142adowi i w t\u0119 \u015bwi\u0119t\u0105 noc przyjmijmy ich zaanga\u017cowanie jako nasze w\u0142asne, aby wsz\u0119dzie i zawsze na \u015bwiecie wzrasta\u0142y i rozkwita\u0142y paschalne dary zgody i pokoju.<\/p>\n<p class=\"Paragraph_desktopParagraph__U31Gm\"><a href=\"https:\/\/wiadomosci.onet.pl\/wielkanoc-swieta-wielkanocne\" id=\"eb29434d-3753-4f51-b811-b538c7a12aa8\" rel=\"nofollow noopener\" target=\"_blank\">Wielkanoc obchodzi si\u0119 na pami\u0105tk\u0119 zmartwychwstania Jezusa Chrystusa.<\/a> Poprzedza j\u0105 40-dniowy post i Triduum Paschalne, w czasie kt\u00f3rego wspomina si\u0119 wydarzenia czasu przed Niedziel\u0105 Zmartwychwstania. Wielkanoc jest g\u0142\u0119boko zakorzeniona w polskiej kulturze i wi\u0105\u017c\u0105 si\u0119 ni\u0105 liczne tradycje ludowe.<\/p>\n","protected":false},"excerpt":{"rendered":"Papie\u017c Leon XIV podczas mszy Wigilii Paschalnej w Wielk\u0105 Sobot\u0119 zaapelowa\u0142 do wierz\u0105cych o zaanga\u017cowanie na rzecz tego,&hellip;\n","protected":false},"author":2,"featured_media":347190,"comment_status":"","ping_status":"","sticky":false,"template":"","format":"standard","meta":{"footnotes":"","_share_on_mastodon":"0"},"categories":[14],"tags":[32,33,27,27619,67,1269,34,35,28,31,53,25,52,68,51,10216,55,40,41,47,196,80,29,30,65,50,4010,26,51089,82,83,84],"class_list":["post-347189","post","type-post","status-publish","format-standard","has-post-thumbnail","category-swiat","tag-breaking-news","tag-breakingnews","tag-headlines","tag-inst_tst0","tag-intextvideo_splayer","tag-kosciol_katolicki_duchowienstwo_duchowni_zakonnicy","tag-latest-news","tag-latestnews","tag-naglowki","tag-najwazniejsze-artykuly","tag-new_header","tag-news","tag-onet3","tag-onet3d","tag-onet3d_2i","tag-papiez_leon_xiv_bp_robert_prevost","tag-phx","tag-polish","tag-polski","tag-screening_general","tag-styl_zycia","tag-swiat","tag-top-stories","tag-topstories","tag-update_me","tag-v2021","tag-watykan_panstwo_stolica_apostolska","tag-wiadomosci","tag-wielkanoc_swieta_wielkanocne","tag-world","tag-world-news","tag-worldnews"],"share_on_mastodon":{"url":"","error":"Validation failed: Text character limit of 500 exceeded"},"_links":{"self":[{"href":"https:\/\/www.europesays.com\/pl\/wp-json\/wp\/v2\/posts\/347189","targetHints":{"allow":["GET"]}}],"collection":[{"href":"https:\/\/www.europesays.com\/pl\/wp-json\/wp\/v2\/posts"}],"about":[{"href":"https:\/\/www.europesays.com\/pl\/wp-json\/wp\/v2\/types\/post"}],"author":[{"embeddable":true,"href":"https:\/\/www.europesays.com\/pl\/wp-json\/wp\/v2\/users\/2"}],"replies":[{"embeddable":true,"href":"https:\/\/www.europesays.com\/pl\/wp-json\/wp\/v2\/comments?post=347189"}],"version-history":[{"count":0,"href":"https:\/\/www.europesays.com\/pl\/wp-json\/wp\/v2\/posts\/347189\/revisions"}],"wp:featuredmedia":[{"embeddable":true,"href":"https:\/\/www.europesays.com\/pl\/wp-json\/wp\/v2\/media\/347190"}],"wp:attachment":[{"href":"https:\/\/www.europesays.com\/pl\/wp-json\/wp\/v2\/media?parent=347189"}],"wp:term":[{"taxonomy":"category","embeddable":true,"href":"https:\/\/www.europesays.com\/pl\/wp-json\/wp\/v2\/categories?post=347189"},{"taxonomy":"post_tag","embeddable":true,"href":"https:\/\/www.europesays.com\/pl\/wp-json\/wp\/v2\/tags?post=347189"}],"curies":[{"name":"wp","href":"https:\/\/api.w.org\/{rel}","templated":true}]}}