{"id":347393,"date":"2026-04-05T04:50:12","date_gmt":"2026-04-05T04:50:12","guid":{"rendered":"https:\/\/www.europesays.com\/pl\/347393\/"},"modified":"2026-04-05T04:50:12","modified_gmt":"2026-04-05T04:50:12","slug":"afera-z-popularnym-polskim-raperem-oki-film-z-wjechania-na-chate","status":"publish","type":"post","link":"https:\/\/www.europesays.com\/pl\/347393\/","title":{"rendered":"Afera&#8221; z popularnym polskim raperem &#8222;Oki&#8221;. Film z &#8222;wjechania na chat\u0119"},"content":{"rendered":"<p>W sieci pojawi\u0142o si\u0119 nagranie, na kt\u00f3rym wida\u0107 popularnego polskiego rapera. Przynajmniej dw\u00f3ch m\u0119\u017cczyzn wchodzi do niego do domu.<\/p>\n<p>Czy to ustawka lub promocja nadchodz\u0105cych ruch\u00f3w? Bardzo mo\u017cliwe. Sam film jednak dodawany jest bez wi\u0119kszego kontekstu ani informacji. Ka\u017cdy wi\u0119c interpretuje to dok\u0142adnie tak, jak chce.<\/p>\n<p>Na nagraniu wida\u0107 m\u0119\u017cczyzn, kt\u00f3rzy przychodz\u0105 do rapera ze wzgl\u0119du na \u201eci\u0105g\u0142e skargi\u201d. Wydaje si\u0119 to jedynie pretekstem do tego, by wej\u015b\u0107 do mieszkania rapera.<\/p>\n<p>Wej\u015bcie do mieszkania rapera<\/p>\n<p>Oki to 27-letni raper z Lubina, kt\u00f3ry znany jest z takich hit\u00f3w, jak: Je\u017cyk!, Whoop czy Jeremy Sochan, a album ERA47 z 2024 zdoby\u0142 poczw\u00f3rn\u0105 platyn\u0119 i Raper Roku w Popkillerze. Cz\u0142onek supergrupy OIO z Young Igim i Otsochodzi, kt\u00f3ry bardzo szybko wyprzedaje wszystkie swoje koncerty.<\/p>\n<p>Teraz, po d\u0142u\u017cszej ciszy pojawia si\u0119 taki oto film:<\/p>\n<p><img decoding=\"async\" loading=\"lazy\" class=\"vimg-tumb\" alt=\"Video\"  \/><img decoding=\"async\" loading=\"lazy\" class=\"bimg-tumb\" alt=\"Video\"  \/><\/p>\n<p style=\"text-align: center;\">X: https:\/\/x.com\/i\/status\/2040466042489643390<\/p>\n<p>Jak podpisuje to profil \u201eTurtleHype:<\/p>\n<blockquote>\n<p>afera z okim wjechane na chat\u0119, s\u0105 ci\u0105gle skargi<\/p>\n<\/blockquote>\n<p>Bez kontekstu, bez wyja\u015bnienia, po prostu kto\u015b wchodzi do rapera, ci\u0105gnie go za te w\u0142osy, kt\u00f3re mu zosta\u0142y. Wygl\u0105da to przedziwnie, ale jak oceniaj\u0105 fani: mo\u017ce to by\u0107 klasyczny zabieg marketingowy dla wzbudzenia zainteresowania.<\/p>\n<p>Najwi\u0119cej m\u00f3wi si\u0119 chyba o wygl\u0105dzie rapera. Ludzie \u015bmiej\u0105 si\u0119, \u017ce ten najwyra\u017aniej chce si\u0119 upodobni\u0107 do Voldemorta.<\/p>\n","protected":false},"excerpt":{"rendered":"W sieci pojawi\u0142o si\u0119 nagranie, na kt\u00f3rym wida\u0107 popularnego polskiego rapera. Przynajmniej dw\u00f3ch m\u0119\u017cczyzn wchodzi do niego do&hellip;\n","protected":false},"author":2,"featured_media":347394,"comment_status":"","ping_status":"","sticky":false,"template":"","format":"standard","meta":{"footnotes":"","_share_on_mastodon":"0"},"categories":[22],"tags":[3342,3103,122,42,38,40,39,41,123],"class_list":["post-347393","post","type-post","status-publish","format-standard","has-post-thumbnail","category-rozrywka","tag-cdc","tag-dla-ciebie","tag-entertainment","tag-pl","tag-poland","tag-polish","tag-polska","tag-polski","tag-rozrywka"],"share_on_mastodon":{"url":"https:\/\/pubeurope.com\/@pl\/116350302703125518","error":""},"_links":{"self":[{"href":"https:\/\/www.europesays.com\/pl\/wp-json\/wp\/v2\/posts\/347393","targetHints":{"allow":["GET"]}}],"collection":[{"href":"https:\/\/www.europesays.com\/pl\/wp-json\/wp\/v2\/posts"}],"about":[{"href":"https:\/\/www.europesays.com\/pl\/wp-json\/wp\/v2\/types\/post"}],"author":[{"embeddable":true,"href":"https:\/\/www.europesays.com\/pl\/wp-json\/wp\/v2\/users\/2"}],"replies":[{"embeddable":true,"href":"https:\/\/www.europesays.com\/pl\/wp-json\/wp\/v2\/comments?post=347393"}],"version-history":[{"count":0,"href":"https:\/\/www.europesays.com\/pl\/wp-json\/wp\/v2\/posts\/347393\/revisions"}],"wp:featuredmedia":[{"embeddable":true,"href":"https:\/\/www.europesays.com\/pl\/wp-json\/wp\/v2\/media\/347394"}],"wp:attachment":[{"href":"https:\/\/www.europesays.com\/pl\/wp-json\/wp\/v2\/media?parent=347393"}],"wp:term":[{"taxonomy":"category","embeddable":true,"href":"https:\/\/www.europesays.com\/pl\/wp-json\/wp\/v2\/categories?post=347393"},{"taxonomy":"post_tag","embeddable":true,"href":"https:\/\/www.europesays.com\/pl\/wp-json\/wp\/v2\/tags?post=347393"}],"curies":[{"name":"wp","href":"https:\/\/api.w.org\/{rel}","templated":true}]}}