{"id":347472,"date":"2026-04-05T06:14:13","date_gmt":"2026-04-05T06:14:13","guid":{"rendered":"https:\/\/www.europesays.com\/pl\/347472\/"},"modified":"2026-04-05T06:14:13","modified_gmt":"2026-04-05T06:14:13","slug":"zareczyny-w-mam-talent-dosadna-reakcja-julii-wieniawy-ja-bym-uciekla-2","status":"publish","type":"post","link":"https:\/\/www.europesays.com\/pl\/347472\/","title":{"rendered":"Zar\u0119czyny w &#8222;Mam talent!&#8221;. Dosadna reakcja Julii Wieniawy. &#8222;Ja bym uciek\u0142a&#8221;"},"content":{"rendered":"<p>Programy rozrywkowe od lat przyci\u0105gaj\u0105 widz\u00f3w nie tylko talentami uczestnik\u00f3w, ale tak\u017ce nieprzewidywalnymi sytuacjami, kt\u00f3re dziej\u0105 si\u0119 na oczach milion\u00f3w. Na scenach telewizyjnych dochodzi do wzrusze\u0144, spontanicznych reakcji, a czasem nawet do wyj\u0105tkowych moment\u00f3w, kt\u00f3re na d\u0142ugo zapadaj\u0105 w pami\u0119\u0107.<\/p>\n<p>Jednym z takich wydarze\u0144 s\u0105 zar\u0119czyny, kt\u00f3re coraz cz\u0119\u015bciej maj\u0105 miejsce w\u0142a\u015bnie w \u015bwietle kamer. Uczestnicy lub ich bliscy decyduj\u0105 si\u0119 na ten wa\u017cny krok w wyj\u0105tkowej oprawie, dziel\u0105c si\u0119 swoj\u0105 rado\u015bci\u0105 z publiczno\u015bci\u0105 i jurorami.<\/p>\n<p>Tak by\u0142o r\u00f3wnie\u017c w najnowszym odcinku &#8222;Mam talent!&#8221;, gdzie opr\u00f3cz wyst\u0119p\u00f3w pe\u0142nych emocji widzowie byli \u015bwiadkami niezwykle osobistej chwili. Na scenie dosz\u0142o do zar\u0119czyn, kt\u00f3re zaskoczy\u0142y wszystkich obecnych i wywo\u0142a\u0142y ogromne poruszenie zar\u00f3wno w\u015br\u00f3d juror\u00f3w, jak i publiczno\u015bci.<\/p>\n<p>     Sprawd\u017a: <a href=\"https:\/\/plejada.pl\/newsy\/internauci-poruszeni-wystepem-w-mam-talent-to-bylo-cudne\/0ec7y2g\" id=\"c7d3eb84-548c-4300-9a7e-0c7a94748394\" rel=\"nofollow noopener\" target=\"_blank\">Wyst\u0119p w &#8222;Mam talent!&#8221; poruszy\u0142 internaut\u00f3w. \u0141zy Chyli\u0144skiej m\u00f3wi\u0105 wszystko<\/a> Dalszy ci\u0105g artyku\u0142u pod materia\u0142em wideo &#8222;Mam talent!&#8221;. Zar\u0119czyny wywo\u0142a\u0142y ogromne emocje<\/p>\n<p>Jeden z uczestnik\u00f3w, kt\u00f3ry za\u015bpiewa\u0142 w\u0142asn\u0105 kompozycj\u0119, a potem zaprezentowa\u0142 choreografi\u0119 kalisteniczn\u0105, zaprosi\u0142 na scen\u0119 swoj\u0105 dziewczyn\u0105, z kt\u00f3r\u0105 jest od pi\u0119ciu miesi\u0119cy i zapyta\u0142, czy zostanie jego \u017con\u0105. Jurorzy nie dowierzali.<\/p>\n<blockquote class=\"ods-o-quote\">\n<p class=\"ods-o-quote__paragraph\">Masz nasze b\u0142ogos\u0142awie\u0144stwo<\/p>\n<\/blockquote>\n<p>\u2014 wykrzykn\u0105\u0142 <a href=\"https:\/\/plejada.pl\/temat\/marcin-prokop\/qf071zk\" id=\"b6bf0722-0782-4570-bafa-2168dbd837af\" rel=\"nofollow noopener\" target=\"_blank\">Marcin Prokop<\/a>.<\/p>\n<p>A gdy dosz\u0142o do g\u0142osowania, doda\u0142, daj\u0105c ch\u0142opakowi &#8222;tak&#8221;:<\/p>\n<blockquote class=\"ods-o-quote\">\n<p class=\"ods-o-quote__paragraph\">Nie chc\u0119, \u017ceby sp\u0119dzi\u0142a \u017cycie z przegrywem.<\/p>\n<\/blockquote>\n<p><a href=\"https:\/\/plejada.pl\/temat\/julia-wieniawa\/djrw126\" id=\"ea393a8f-3b47-4e7f-8948-ba684e5fa93f\" rel=\"nofollow noopener\" target=\"_blank\">Julia Wieniawa<\/a> nie by\u0142a pewna talentu uczestnika. P\u00f3\u017aniej pozwoli\u0142a sobie na osobist\u0105 dygresj\u0119.<\/p>\n<blockquote class=\"ods-o-quote\">\n<p class=\"ods-o-quote__paragraph\">Gdyby ch\u0142op mi tak zrobi\u0142, to ja bym uciek\u0142a. Przed ca\u0142\u0105 Polsk\u0105&#8230; <\/p>\n<\/blockquote>\n<p>\u2014 skwitowa\u0142a.<\/p>\n<p>  <img decoding=\"async\" src=\"https:\/\/www.europesays.com\/pl\/wp-content\/uploads\/2026\/04\/zHNk9lBaHR0cHM6Ly9vY2RuLmV1L3B1bHNjbXMvTURBXy84OThhMmMwYTZmY2UxMDRjNGVhNTRlODkwMmM3MjVjNS5wbmeRlQLNB.png\" height=\"440\" width=\"929\" alt=\"Kadry z &quot;Mam talent!&quot;\" loading=\"lazy\" class=\"ods-c-image__img ods-c-image__img--viewport-width\"\/> <\/p>\n<p>Kadry z &#8222;Mam talent!&#8221;TVN<\/p>\n<p>  <img decoding=\"async\" src=\"https:\/\/www.europesays.com\/pl\/wp-content\/uploads\/2026\/04\/xn3k9lBaHR0cHM6Ly9vY2RuLmV1L3B1bHNjbXMvTURBXy9mNzBkZWQ0ODY3ZDEyNDQ0MWY4ZGZlOGEwNGEwZmQ0NC5wbmeRlQLNB.png\" height=\"440\" width=\"929\" alt=\"Kadry z &quot;Mam talent!&quot;\" loading=\"lazy\" class=\"ods-c-image__img ods-c-image__img--viewport-width\"\/> <\/p>\n<p>Kadry z &#8222;Mam talent!&#8221;TVN<\/p>\n<p>  <img decoding=\"async\" src=\"https:\/\/www.europesays.com\/pl\/wp-content\/uploads\/2026\/04\/n6Ak9lBaHR0cHM6Ly9vY2RuLmV1L3B1bHNjbXMvTURBXy8zMTM2ZGNkNGM4ZDUxMzQ0NzQwZWQ2ODA2YmRhNDZmOC5wbmeRlQLNB.png\" height=\"440\" width=\"929\" alt=\"Kadry z &quot;Mam talent!&quot;\" loading=\"lazy\" class=\"ods-c-image__img ods-c-image__img--viewport-width\"\/> <\/p>\n<p>Kadry z &#8222;Mam talent!&#8221;TVN<\/p>\n<p> Dzi\u0119kujemy, \u017ce przeczyta\u0142a\u015b\/e\u015b nasz artyku\u0142 do ko\u0144ca. W serwisie Plejada.pl ka\u017cdego dnia piszemy o najwa\u017cniejszych wydarzeniach show-biznesowych. B\u0105d\u017a na bie\u017c\u0105co!<a rel=\"nofollow noopener\" href=\"https:\/\/profile.google.com\/cp\/Cg0vZy8xMWJ6X19wdHBx\" id=\"4cd0103b-1066-4863-a043-d65ac66f3d7d\" target=\"_blank\"> Obserwuj<\/a> Plejad\u0119 w Google. Odwied\u017a nas tak\u017ce na<a rel=\"nofollow noopener\" href=\"https:\/\/www.facebook.com\/plejadapl\" id=\"c2e83cc4-d30d-4b78-b176-d69f35dcd166\" target=\"_blank\"> Facebooku<\/a>,<a rel=\"nofollow noopener\" href=\"https:\/\/www.instagram.com\/plejadapl\/\" id=\"2b934dbc-029e-4fd7-a873-5a2c95639a3e\" target=\"_blank\"> Instagramie<\/a>,<a rel=\"nofollow noopener\" href=\"https:\/\/www.youtube.com\/c\/plejada\" id=\"cf6bf255-cf4c-433c-895b-f80b6e1db639\" target=\"_blank\"> YouTubie<\/a> oraz<a rel=\"nofollow noopener\" href=\"https:\/\/www.tiktok.com\/@plejada_pl\" id=\"fa64a43a-afdd-4961-8c75-f92b587160b4\" target=\"_blank\"> TikToku<\/a>.Chcesz podzieli\u0107 si\u0119 ciekawym newsem lub zaproponowa\u0107 temat? Skontaktuj si\u0119 z nami, pisz\u0105c maila na adres: <a rel=\"nofollow noopener\" href=\"https:\/\/plejada.pl\/newsy\/zareczyny-w-mam-talent-dosadna-reakcja-julii-wieniawy-ja-bym-uciekla\/mailto:plejada@redakcjaonet.pl\" id=\"d75f4830-9bf7-42f7-89a7-2a5098334c4d\" target=\"_blank\">plejada@redakcjaonet.pl<\/a>.<script async src=\"\/\/www.instagram.com\/embed.js\"><\/script><script async src=\"\/\/www.tiktok.com\/embed.js\"><\/script><\/p>\n","protected":false},"excerpt":{"rendered":"Programy rozrywkowe od lat przyci\u0105gaj\u0105 widz\u00f3w nie tylko talentami uczestnik\u00f3w, ale tak\u017ce nieprzewidywalnymi sytuacjami, kt\u00f3re dziej\u0105 si\u0119 na&hellip;\n","protected":false},"author":2,"featured_media":347473,"comment_status":"","ping_status":"","sticky":false,"template":"","format":"standard","meta":{"footnotes":"","_share_on_mastodon":"0"},"categories":[22],"tags":[16832,122,1654,2956,48,125,46,42,38,40,39,41,123,47],"class_list":["post-347472","post","type-post","status-publish","format-standard","has-post-thumbnail","category-rozrywka","tag-_mam_talent_","tag-entertainment","tag-julia_wieniawa","tag-marcin_prokop","tag-nat_styl","tag-newsy","tag-omp","tag-pl","tag-poland","tag-polish","tag-polska","tag-polski","tag-rozrywka","tag-screening_general"],"share_on_mastodon":{"url":"https:\/\/pubeurope.com\/@pl\/116350633180524547","error":""},"_links":{"self":[{"href":"https:\/\/www.europesays.com\/pl\/wp-json\/wp\/v2\/posts\/347472","targetHints":{"allow":["GET"]}}],"collection":[{"href":"https:\/\/www.europesays.com\/pl\/wp-json\/wp\/v2\/posts"}],"about":[{"href":"https:\/\/www.europesays.com\/pl\/wp-json\/wp\/v2\/types\/post"}],"author":[{"embeddable":true,"href":"https:\/\/www.europesays.com\/pl\/wp-json\/wp\/v2\/users\/2"}],"replies":[{"embeddable":true,"href":"https:\/\/www.europesays.com\/pl\/wp-json\/wp\/v2\/comments?post=347472"}],"version-history":[{"count":0,"href":"https:\/\/www.europesays.com\/pl\/wp-json\/wp\/v2\/posts\/347472\/revisions"}],"wp:featuredmedia":[{"embeddable":true,"href":"https:\/\/www.europesays.com\/pl\/wp-json\/wp\/v2\/media\/347473"}],"wp:attachment":[{"href":"https:\/\/www.europesays.com\/pl\/wp-json\/wp\/v2\/media?parent=347472"}],"wp:term":[{"taxonomy":"category","embeddable":true,"href":"https:\/\/www.europesays.com\/pl\/wp-json\/wp\/v2\/categories?post=347472"},{"taxonomy":"post_tag","embeddable":true,"href":"https:\/\/www.europesays.com\/pl\/wp-json\/wp\/v2\/tags?post=347472"}],"curies":[{"name":"wp","href":"https:\/\/api.w.org\/{rel}","templated":true}]}}