{"id":347632,"date":"2026-04-05T08:32:10","date_gmt":"2026-04-05T08:32:10","guid":{"rendered":"https:\/\/www.europesays.com\/pl\/347632\/"},"modified":"2026-04-05T08:32:10","modified_gmt":"2026-04-05T08:32:10","slug":"misja-artemis-ii-zaloga-opisala-niewidoczna-strone-ksiezyca","status":"publish","type":"post","link":"https:\/\/www.europesays.com\/pl\/347632\/","title":{"rendered":"Misja Artemis II. Za\u0142oga opisa\u0142a niewidoczn\u0105 stron\u0119 Ksi\u0119\u017cyca"},"content":{"rendered":"<p class=\"Paragraph_desktopParagraph__U31Gm\">Artemis II to pierwsza od p\u00f3\u0142 wieku za\u0142ogowa misja w stron\u0119 Ksi\u0119\u017cyca, kt\u00f3ra stanowi wst\u0119p do budowy sta\u0142ej bazy na ziemskim satelicie. W sk\u0142ad za\u0142ogi wchodz\u0105 dow\u00f3dca Reid Wiseman, pilot Victor Glover, Christina Koch oraz Jeremy Hansen.<\/p>\n<p class=\"VideoPlayerText_videoPlayerText__iDwyz\">Dalszy ci\u0105g materia\u0142u pod wideo<\/p>\n<p class=\"Paragraph_desktopParagraph__U31Gm\">W wywiadzie dla NBC News astronautka NASA Christina Koch opisa\u0142a moment, kiedy po raz pierwszy ujrza\u0142a Ksi\u0119\u017cyc z okna statku Orion. Jak wskaza\u0142a, wygl\u0105da on inaczej ni\u017c to, do czego by\u0142a przyzwyczajona na Ziemi.<\/p>\n<p class=\"Paragraph_desktopParagraph__U31Gm\">\u2014 Ciemniejsze cz\u0119\u015bci Ksi\u0119\u017cyca wygl\u0105daj\u0105, jakby nie znajdowa\u0142y si\u0119 w tych miejscach, w kt\u00f3rych powinny. Co\u015b pod\u015bwiadomie m\u00f3wi ci, \u017ce to nie jest to, do czego jeste\u015b przyzwyczajony. To co\u015b, czego nigdy wcze\u015bniej nie widzieli\u015bmy \u2014 powiedzia\u0142a Koch.<\/p>\n<p>Statek Orion z za\u0142og\u0105 misji Artemis II leci w stron\u0119 Ksi\u0119\u017cyca <\/p>\n<p class=\"Paragraph_desktopParagraph__U31Gm\">Mimo niewielkich problem\u00f3w technicznych pierwszego dnia, w tym chwilowej przerwy w komunikacji z Ziemi\u0105 i awarii toalety, wszystkie systemy statku, w tym najwa\u017cniejszy \u2014 podtrzymywania funkcji \u017cyciowych, dzia\u0142aj\u0105 &#8222;jak powinny&#8221;, a za\u0142oga &#8222;czuje si\u0119 dobrze&#8221; \u2014 potwierdzi\u0142 w pi\u0105tek kierownik lot\u00f3w NASA Judd Frieling.<\/p>\n<p class=\"Paragraph_desktopParagraph__U31Gm\">Sz\u00f3stego dnia dziesi\u0119ciodniowej misji statek zbli\u017cy si\u0119 do Ksi\u0119\u017cyca na najmniejsz\u0105 podczas tego lotu odleg\u0142o\u015b\u0107 \u2014 od ok. 6,4 tys. km do ok. 9,6 tys. km. Wi\u0119kszo\u015b\u0107 dnia astronauci po\u015bwi\u0119c\u0105 na robienie zdj\u0119\u0107 i nagrywanie film\u00f3w z Ksi\u0119\u017cyca oraz zapisywanie obserwacji, a nast\u0119pnie wr\u00f3c\u0105 na Ziemi\u0119. Zgodnie z przewidywaniami Orion oddali si\u0119 od Ziemi na dystans ponad 406 771 km.<\/p>\n","protected":false},"excerpt":{"rendered":"Artemis II to pierwsza od p\u00f3\u0142 wieku za\u0142ogowa misja w stron\u0119 Ksi\u0119\u017cyca, kt\u00f3ra stanowi wst\u0119p do budowy sta\u0142ej&hellip;\n","protected":false},"author":2,"featured_media":347633,"comment_status":"","ping_status":"","sticky":false,"template":"","format":"standard","meta":{"footnotes":"","_share_on_mastodon":"0"},"categories":[20],"tags":[58961,27619,67,10811,21038,37739,120,118,119,53,52,68,51,55,42,38,40,39,41,116,114,115,47,121,117,65,50,26],"class_list":["post-347632","post","type-post","status-publish","format-standard","has-post-thumbnail","category-nauka-i-technika","tag-artemis_ii","tag-inst_tst0","tag-intextvideo_splayer","tag-kosmos_loty_w_kosmos_badania_kosmosu_kosmologia_przestrzen_kosmiczna_wszechswiat_astronomia","tag-ksiezyc_satelita_ziemi","tag-nasa_amerykanska_agencja_lotow_kosmicznych","tag-nauka","tag-nauka-i-technika","tag-naukatechnika","tag-new_header","tag-onet3","tag-onet3d","tag-onet3d_2i","tag-phx","tag-pl","tag-poland","tag-polish","tag-polska","tag-polski","tag-science","tag-science-and-technology","tag-sciencetechnology","tag-screening_general","tag-technika","tag-technology","tag-update_me","tag-v2021","tag-wiadomosci"],"share_on_mastodon":{"url":"","error":"Validation failed: Text character limit of 500 exceeded"},"_links":{"self":[{"href":"https:\/\/www.europesays.com\/pl\/wp-json\/wp\/v2\/posts\/347632","targetHints":{"allow":["GET"]}}],"collection":[{"href":"https:\/\/www.europesays.com\/pl\/wp-json\/wp\/v2\/posts"}],"about":[{"href":"https:\/\/www.europesays.com\/pl\/wp-json\/wp\/v2\/types\/post"}],"author":[{"embeddable":true,"href":"https:\/\/www.europesays.com\/pl\/wp-json\/wp\/v2\/users\/2"}],"replies":[{"embeddable":true,"href":"https:\/\/www.europesays.com\/pl\/wp-json\/wp\/v2\/comments?post=347632"}],"version-history":[{"count":0,"href":"https:\/\/www.europesays.com\/pl\/wp-json\/wp\/v2\/posts\/347632\/revisions"}],"wp:featuredmedia":[{"embeddable":true,"href":"https:\/\/www.europesays.com\/pl\/wp-json\/wp\/v2\/media\/347633"}],"wp:attachment":[{"href":"https:\/\/www.europesays.com\/pl\/wp-json\/wp\/v2\/media?parent=347632"}],"wp:term":[{"taxonomy":"category","embeddable":true,"href":"https:\/\/www.europesays.com\/pl\/wp-json\/wp\/v2\/categories?post=347632"},{"taxonomy":"post_tag","embeddable":true,"href":"https:\/\/www.europesays.com\/pl\/wp-json\/wp\/v2\/tags?post=347632"}],"curies":[{"name":"wp","href":"https:\/\/api.w.org\/{rel}","templated":true}]}}