{"id":348626,"date":"2026-04-06T00:03:11","date_gmt":"2026-04-06T00:03:11","guid":{"rendered":"https:\/\/www.europesays.com\/pl\/348626\/"},"modified":"2026-04-06T00:03:11","modified_gmt":"2026-04-06T00:03:11","slug":"zlosc-i-dezorientacja-przez-nowy-przepis-obowiazujacy-niemieckich-mezczyzn-skandal","status":"publish","type":"post","link":"https:\/\/www.europesays.com\/pl\/348626\/","title":{"rendered":"Z\u0142o\u015b\u0107 i dezorientacja przez nowy przepis obowi\u0105zuj\u0105cy niemieckich m\u0119\u017cczyzn. &#8222;Skandal&#8221;"},"content":{"rendered":"<p>Wraz z t\u0105 wiadomo\u015bci\u0105 sko\u0144czy\u0142 si\u0119 wielkanocny spok\u00f3j w Berlinie: <a href=\"https:\/\/wiadomosci.onet.pl\/swiat\/bundeswehra-zwieksza-kontrole-w-niemczech-mezczyzni-objeci-nowy-zasadami\/qmv8g1y\" id=\"33398a36-4314-4d1c-8793-b1527fca9046\" rel=\"nofollow noopener\" target=\"_blank\">m\u0119\u017cczy\u017ani poni\u017cej 45. roku \u017cycia b\u0119d\u0105 musieli uzyska\u0107 zgod\u0119 Bundeswehry<\/a> (Niemieckich Si\u0142 Zbrojnych), je\u015bli chc\u0105 wyjecha\u0107 za granic\u0119 na d\u0142u\u017cej ni\u017c trzy miesi\u0105ce. Powodem jest wprowadzona na pocz\u0105tku tego roku zmiana w prawie dotycz\u0105cym s\u0142u\u017cby wojskowej, kt\u00f3ra dotychczas nie wzbudza\u0142a wi\u0119kszego zainteresowania.<\/p>\n<p>Ustawa o modernizacji s\u0142u\u017cby wojskowej wesz\u0142a w \u017cycie 1 stycznia i g\u0142\u0119boko ingeruje w istniej\u0105ce przepisy, na przyk\u0142ad w ustaw\u0119 o s\u0142u\u017cbie wojskowej. W centrum uwagi znajduje si\u0119 obowi\u0105zkowa rekrutacja m\u0142odych m\u0119\u017cczyzn urodzonych w 2008 r. i p\u00f3\u017aniej. Celem jest znaczne powi\u0119kszenie si\u0142 zbrojnych: Bundeswehra chce zwi\u0119kszy\u0107 liczebno\u015b\u0107 z obecnych nieco ponad 180 tys. \u017co\u0142nierzy do 260 tys. Minister obrony Boris Pistorius stawia przy tym na razie na dobrowolno\u015b\u0107 \u2014 pob\u00f3r do wojska jest w Niemczech zawieszony od 2011 r.<\/p>\n<p>Jednocze\u015bnie jednak ustawa zaostrza ramy ewidencji i nadzoru wojskowego. W paragrafie 3. ust\u0119pie 2. ustawy o s\u0142u\u017cbie wojskowej znajduje si\u0119 kluczowa nowo\u015b\u0107. Rzecznik Ministerstwa Obrony wyja\u015bni\u0142 w weekend agencji informacyjnej dpa: &#8222;Zgodnie z brzmieniem ustawy m\u0119\u017cczy\u017ani po uko\u0144czeniu 17. roku \u017cycia s\u0105 zobowi\u0105zani do uzyskania uprzedniej zgody w\u0142a\u015bciwego centrum kariery Bundeswehry na pobyt za granic\u0105 trwaj\u0105cy d\u0142u\u017cej ni\u017c trzy miesi\u0105ce&#8221;. Nowo\u015bci\u0105 jest to, \u017ce przepis ten nie obowi\u0105zuje ju\u017c tylko w sytuacjach kryzysowych.<\/p>\n<p class=\"Paragraph_desktopParagraph__U31Gm\">Bundeswehra zamierza wykorzysta\u0107 ten system, aby w nag\u0142ych wypadkach monitorowa\u0107 osoby przebywaj\u0105ce za granic\u0105 przez d\u0142u\u017cszy czas. Zgoda musi zosta\u0107 udzielona, \u200b\u200bje\u015bli dana osoba nie jest obecnie obj\u0119ta obowi\u0105zkiem s\u0142u\u017cby wojskowej. Nie mo\u017cna jej odm\u00f3wi\u0107 nawet w przypadku &#8222;wyj\u0105tkowych trudno\u015bci&#8221;.<\/p>\n<p>Czy przepis obowi\u0105zuje r\u00f3wnie\u017c bez obowi\u0105zku s\u0142u\u017cby wojskowej? <\/p>\n<p class=\"Paragraph_desktopParagraph__U31Gm\">Ministerstwo obrony podkre\u015bla jednak, \u017ce za naruszenia tego przepisu nie gro\u017c\u0105 sankcje. Jego rzecznik zapowiedzia\u0142, \u017ce w najbli\u017cszych tygodniach zamierza bardziej doprecyzowa\u0107 nowe zasady. \u2014 Poprzez przepisy administracyjne wyja\u015bnimy, \u017ce zezwolenie uznaje si\u0119 za udzielone, dop\u00f3ki s\u0142u\u017cba wojskowa jest dobrowolna \u2014 powiedzia\u0142.<\/p>\n<p class=\"Paragraph_desktopParagraph__U31Gm\">Niemniej jednak pozostaje kluczowe pytanie: jakie praktyczne znaczenie maj\u0105 w og\u00f3le te zasady, dop\u00f3ki nie ma poboru? O tym musia\u0142by najpierw zdecydowa\u0107 Bundestag. Swoboda interpretacji jest du\u017ca, nawet w\u015br\u00f3d ekspert\u00f3w ds. obrony z frakcji parlamentarnych.<\/p>\n<blockquote>\n<p class=\"Paragraph_desktopParagraph__U31Gm\">Przepis ten jest cz\u0119\u015bci\u0105 ewidencji wojskowej, podobnie jak obowi\u0105zkowe badania lekarskie, i formalnie nale\u017cy go postrzega\u0107 niezale\u017cnie od obowi\u0105zkowego powo\u0142ania w ramach s\u0142u\u017cby wojskowej wynikaj\u0105cej z potrzeb<\/p>\n<\/blockquote>\n<p class=\"Paragraph_desktopParagraph__U31Gm\">\u2014 m\u00f3wi rzecznik Unii ds. polityki obronnej, Thomas Erndl, w rozmowie z serwisem Die Welt. Jednocze\u015bnie opowiada si\u0119 on za pragmatyzmem: dop\u00f3ki s\u0142u\u017cba wojskowa jest dobrowolna, nie powinno by\u0107 prawdziwego procesu zatwierdzania. Zamiast tego mo\u017cna by rozwa\u017cy\u0107 zwyk\u0142y &#8222;obowi\u0105zek zg\u0142oszenia&#8221;.<\/p>\n<p class=\"Paragraph_desktopParagraph__U31Gm\">Partia Lewicy ocenia ten kontrowersyjny paragraf inaczej i wyra\u017anie wi\u0105\u017ce go z ewentualnym poborem do wojska.<\/p>\n<blockquote>\n<p class=\"Paragraph_desktopParagraph__U31Gm\">Jeste\u015bmy g\u0142\u0119boko przekonani, \u017ce do tego dojdzie (obowi\u0105zkowego poboru). Nie bez powodu od momentu obj\u0119cia w\u0142adzy przez koalicj\u0119 ostrzegamy przed jego ponownym wprowadzeniem i ogromnymi ograniczeniami podstawowych praw, kt\u00f3re by si\u0119 z tym wi\u0105za\u0142y<\/p>\n<\/blockquote>\n<p class=\"Paragraph_desktopParagraph__U31Gm\">\u2014 m\u00f3wi zast\u0119pczyni przewodnicz\u0105cej frakcji Desiree Becker w rozmowie z WELT-em. Wed\u0142ug niej fakt, \u017ce ten przepis wywo\u0142uje teraz poruszenie, pokazuje przede wszystkim, jak &#8222;nieudolnie&#8221; zosta\u0142a przygotowana ustawa.<\/p>\n<p class=\"Paragraph_desktopParagraph__U31Gm\">Zieloni te\u017c krytykuj\u0105 ustaw\u0119 o modernizacji s\u0142u\u017cby wojskowej, kt\u00f3ra stworzy\u0142a &#8222;nowe problemy&#8221;.<\/p>\n<blockquote>\n<p class=\"Paragraph_desktopParagraph__U31Gm\">Oczekuj\u0119 szybkiego wyja\u015bnienia ze strony ministerstwa. Obywatele maj\u0105 prawo szybko dowiedzie\u0107 si\u0119, czy i je\u015bli tak, to jakie maj\u0105 obowi\u0105zki w zakresie zg\u0142aszania [zagranicznych wyjazd\u00f3w]<\/p>\n<\/blockquote>\n<p class=\"Paragraph_desktopParagraph__U31Gm\">\u2014 m\u00f3wi rzeczniczka frakcji ds. polityki bezpiecze\u0144stwa, Sara Nanni, w wywiadzie dla WELT.<\/p>\n<p>&#8222;Skandaliczny przepis&#8221; <\/p>\n<p class=\"Paragraph_desktopParagraph__U31Gm\"><a href=\"https:\/\/wiadomosci.onet.pl\/politico\/ulubienica-niemcow-chce-zaciesniac-relacje-z-putinem-dolacz-do-nas\/d7y30dx\" id=\"34622d67-edbc-4dc6-8248-93d699146e2a\" rel=\"nofollow noopener\" target=\"_blank\">Za\u0142o\u017cycielka kontrowersyjnej partii BSW Sarah Wagenknecht<\/a> idzie jeszcze dalej i ostro atakuje ministra obrony Pistoriusa. \u2014 &#8222;To, \u017ce m\u0119\u017cczy\u017ani musz\u0105 uzyska\u0107 zgod\u0119 Bundeswehry na pobyt za granic\u0105, przypomina czasy NRD i muru berli\u0144skiego, nie ma to nic wsp\u00f3lnego z demokracj\u0105 i liberalnym porz\u0105dkiem konstytucyjnym&#8221; \u2014 powiedzia\u0142a Wagenknecht w niedziel\u0119 agencji informacyjnej AFP. Wed\u0142ug niej Pistorius &#8222;powinien zrezygnowa\u0107 ze stanowiska w obliczu tego skandalicznego przepisu prawnego&#8221; .<\/p>\n<p class=\"Paragraph_desktopParagraph__U31Gm\">R\u00f3wnie\u017c skrajnie prawicowa Alternatywa dla Niemiec dostrzega powa\u017cne problemy. \u2014 Mo\u017cliwe konsekwencje ustawy o modernizacji s\u0142u\u017cby wojskowej (&#8230;) s\u0105 powa\u017cne i wchodz\u0105 w \u017cycie nie tylko w przypadku napi\u0119\u0107 i obrony, ale tak\u017ce wtedy, gdy Bundestag zwyk\u0142\u0105 wi\u0119kszo\u015bci\u0105 g\u0142os\u00f3w uchwali obowi\u0105zkow\u0105 s\u0142u\u017cb\u0119 wojskow\u0105 \u2014 m\u00f3wi rzecznik frakcji AfD ds. polityki obronnej, Ruediger Lucassen. Rz\u0105d federalny powinien &#8222;opracowa\u0107 pragmatyczne rozwi\u0105zanie bez du\u017cego nak\u0142adu administracyjnego i niepotrzebnych obci\u0105\u017ce\u0144 dla m\u0142odych m\u0119\u017cczyzn&#8221;.<\/p>\n","protected":false},"excerpt":{"rendered":"Wraz z t\u0105 wiadomo\u015bci\u0105 sko\u0144czy\u0142 si\u0119 wielkanocny spok\u00f3j w Berlinie: m\u0119\u017cczy\u017ani poni\u017cej 45. roku \u017cycia b\u0119d\u0105 musieli uzyska\u0107&hellip;\n","protected":false},"author":2,"featured_media":348627,"comment_status":"","ping_status":"","sticky":false,"template":"","format":"standard","meta":{"footnotes":"","_share_on_mastodon":"0"},"categories":[14],"tags":[56,32,33,3096,66,27,67,34,35,28,31,53,25,773,52,68,51,55,7222,40,41,47,80,29,30,65,50,26,82,83,84],"class_list":["post-348626","post","type-post","status-publish","format-standard","has-post-thumbnail","category-swiat","tag-article_premium","tag-breaking-news","tag-breakingnews","tag-bundeswehra","tag-give_me_perspective","tag-headlines","tag-intextvideo_splayer","tag-latest-news","tag-latestnews","tag-naglowki","tag-najwazniejsze-artykuly","tag-new_header","tag-news","tag-niemcy_rfn_republika_federalna_niemiec","tag-onet3","tag-onet3d","tag-onet3d_2i","tag-phx","tag-pobor","tag-polish","tag-polski","tag-screening_general","tag-swiat","tag-top-stories","tag-topstories","tag-update_me","tag-v2021","tag-wiadomosci","tag-world","tag-world-news","tag-worldnews"],"share_on_mastodon":{"url":"https:\/\/pubeurope.com\/@pl\/116354836444531963","error":""},"_links":{"self":[{"href":"https:\/\/www.europesays.com\/pl\/wp-json\/wp\/v2\/posts\/348626","targetHints":{"allow":["GET"]}}],"collection":[{"href":"https:\/\/www.europesays.com\/pl\/wp-json\/wp\/v2\/posts"}],"about":[{"href":"https:\/\/www.europesays.com\/pl\/wp-json\/wp\/v2\/types\/post"}],"author":[{"embeddable":true,"href":"https:\/\/www.europesays.com\/pl\/wp-json\/wp\/v2\/users\/2"}],"replies":[{"embeddable":true,"href":"https:\/\/www.europesays.com\/pl\/wp-json\/wp\/v2\/comments?post=348626"}],"version-history":[{"count":0,"href":"https:\/\/www.europesays.com\/pl\/wp-json\/wp\/v2\/posts\/348626\/revisions"}],"wp:featuredmedia":[{"embeddable":true,"href":"https:\/\/www.europesays.com\/pl\/wp-json\/wp\/v2\/media\/348627"}],"wp:attachment":[{"href":"https:\/\/www.europesays.com\/pl\/wp-json\/wp\/v2\/media?parent=348626"}],"wp:term":[{"taxonomy":"category","embeddable":true,"href":"https:\/\/www.europesays.com\/pl\/wp-json\/wp\/v2\/categories?post=348626"},{"taxonomy":"post_tag","embeddable":true,"href":"https:\/\/www.europesays.com\/pl\/wp-json\/wp\/v2\/tags?post=348626"}],"curies":[{"name":"wp","href":"https:\/\/api.w.org\/{rel}","templated":true}]}}