{"id":348844,"date":"2026-04-06T05:03:14","date_gmt":"2026-04-06T05:03:14","guid":{"rendered":"https:\/\/www.europesays.com\/pl\/348844\/"},"modified":"2026-04-06T05:03:14","modified_gmt":"2026-04-06T05:03:14","slug":"partnerka-pawla-delaga-eksponuje-ciazowe-kraglosci-najcenniejsze-co-nosze-2","status":"publish","type":"post","link":"https:\/\/www.europesays.com\/pl\/348844\/","title":{"rendered":"Partnerka Paw\u0142a Del\u0105ga eksponuje ci\u0105\u017cowe kr\u0105g\u0142o\u015bci. &#8222;Najcenniejsze, co nosz\u0119&#8221;"},"content":{"rendered":"<p class=\"Paragraph_desktopParagraph__U31Gm\">Tegoroczna Wielkanoc zapisze si\u0119 w \u017cyciu <a href=\"https:\/\/plejada.pl\/temat\/pawel-delag-aktor\/sd0evpc\" id=\"47396bfc-567b-436f-8703-e079b510290b\" rel=\"nofollow noopener\" target=\"_blank\">Paw\u0142a Del\u0105ga<\/a> i jego partnerki, Patrycji Komorowskiej, jako czas wyj\u0105tkowych emocji i prze\u0142omowych zmian. Aktor, znany z licznych filmowych i teatralnych r\u00f3l, ju\u017c wkr\u00f3tce po raz trzeci zostanie ojcem.<\/p>\n<p class=\"Paragraph_desktopParagraph__U31Gm\">&#8222;Nowy rozdzia\u0142&#8230; Pi\u0105ty miesi\u0105c. B\u0119d\u0119 mam\u0105. To dla mnie zupe\u0142nie nowa droga i wiem, \u017ce b\u0119d\u0119 odkrywa\u0107 ten etap \u017cycia troch\u0119 po omacku \u2014 ze wzlotami, upadkami i wszystkim, co si\u0119 z tym wi\u0105\u017ce&#8221; \u2014 napisa\u0142a na Instagramie Patrycja Komorowska pod koniec marca, dziel\u0105c si\u0119 swoimi emocjami i niepewno\u015bci\u0105, ale te\u017c rado\u015bci\u0105 z nadchodz\u0105cej roli.<\/p>\n<p>Partnerka Paw\u0142a Del\u0105ga ponownie pokaza\u0142a ci\u0105\u017cowe kr\u0105g\u0142o\u015bci <\/p>\n<p class=\"Paragraph_desktopParagraph__U31Gm\">Para nie ukrywa szcz\u0119\u015bcia z powodu nadchodz\u0105cych zmian. Niedawno sp\u0119dzali wsp\u00f3lne chwile w Miami, co nie umkn\u0119\u0142o uwadze medi\u00f3w i internaut\u00f3w. Najnowsza publikacja Patrycji Komorowskiej to kolejny kadr z tej podr\u00f3\u017cy \u2014 przysz\u0142a mama zapozowa\u0142a na pla\u017cy w zwiewnej sukience, eksponuj\u0105c ci\u0105\u017cowy brzuch i podkre\u015blaj\u0105c wyj\u0105tkowo\u015b\u0107 tegorocznych \u015awi\u0105t Wielkanocnych.<\/p>\n<blockquote>\n<p class=\"Paragraph_desktopParagraph__U31Gm\">Najcenniejsze, co nosz\u0119 tej Wielkanocy<\/p>\n<\/blockquote>\n<p class=\"Paragraph_desktopParagraph__U31Gm\">\u2014 podkre\u015bli\u0142a w opisie zdj\u0119cia.<\/p>\n<p class=\"Paragraph_desktopParagraph__U31Gm\">Wpis spotka\u0142 si\u0119 z entuzjastycznym przyj\u0119ciem fan\u00f3w, kt\u00f3rzy nie szcz\u0119dz\u0105 ciep\u0142ych s\u0142\u00f3w i gratulacji.<\/p>\n<blockquote>\n<p class=\"Paragraph_desktopParagraph__U31Gm\">Patrycjo, b\u0119dziesz pi\u0119kn\u0105 i wspania\u0142\u0105 mam\u0105<\/p>\n<\/blockquote>\n<p class=\"Paragraph_desktopParagraph__U31Gm\">\u2014 komentowali internauci, doceniaj\u0105c autentyczno\u015b\u0107 i szcz\u0119\u015bcie, kt\u00f3re bij\u0105 z fotografii.<\/p>\n<p class=\"Paragraph_desktopParagraph__U31Gm\">Dzi\u0119kujemy, \u017ce przeczyta\u0142a\u015b\/e\u015b nasz artyku\u0142 do ko\u0144ca. W serwisie Plejada.pl ka\u017cdego dnia piszemy o najwa\u017cniejszych wydarzeniach show-biznesowych. B\u0105d\u017a na bie\u017c\u0105co! <a rel=\"nofollow noopener\" href=\"https:\/\/news.google.com\/publications\/CAAiEF0PeAlb7W1llpV_mwV2rL4qFAgKIhBdD3gJW-1tZZaVf5sFdqy-?hl=pl&amp;gl=PL&amp;ceid=PL%3Apl\" id=\"7912c41e-0840-4da6-9a91-8ada75a9791d\" target=\"_blank\">Obserwuj<\/a> Plejad\u0119 w Wiadomo\u015bciach Google. Odwied\u017a nas tak\u017ce na <a rel=\"nofollow noopener\" href=\"https:\/\/www.facebook.com\/plejadapl\" id=\"0bd2ba52-a622-4cab-917d-c719175c6e03\" target=\"_blank\">Facebooku<\/a>, <a rel=\"nofollow noopener\" href=\"https:\/\/www.instagram.com\/plejadapl\/\" id=\"8b169174-2232-4c0e-b092-0977c4d3defd\" target=\"_blank\">Instagramie<\/a>, <a rel=\"nofollow noopener\" href=\"https:\/\/www.youtube.com\/c\/plejada\" id=\"d076c56e-99e0-43aa-b91e-5c5ac3ca61ec\" target=\"_blank\">YouTubie<\/a> oraz <a rel=\"nofollow noopener\" href=\"https:\/\/www.tiktok.com\/@plejada_pl\" id=\"7c4ff3a2-2a8d-44fa-a082-ece83cad8a01\" target=\"_blank\">TikToku<\/a>.<\/p>\n<p class=\"Paragraph_desktopParagraph__U31Gm\">Chcesz podzieli\u0107 si\u0119 ciekawym newsem lub zaproponowa\u0107 temat? Skontaktuj si\u0119 z nami, pisz\u0105c maila na adres: plejada@redakcjaonet.pl.<\/p>\n<p><script async src=\"\/\/www.instagram.com\/embed.js\"><\/script><script async src=\"\/\/www.tiktok.com\/embed.js\"><\/script><\/p>\n","protected":false},"excerpt":{"rendered":"Tegoroczna Wielkanoc zapisze si\u0119 w \u017cyciu Paw\u0142a Del\u0105ga i jego partnerki, Patrycji Komorowskiej, jako czas wyj\u0105tkowych emocji i&hellip;\n","protected":false},"author":2,"featured_media":348845,"comment_status":"","ping_status":"","sticky":false,"template":"","format":"standard","meta":{"footnotes":"","_share_on_mastodon":"0"},"categories":[22],"tags":[42146,122,67,53,56812,52,68,51,45016,55,42,38,40,39,41,123,47,196,1607,65,50,51089],"class_list":["post-348844","post","type-post","status-publish","format-standard","has-post-thumbnail","category-rozrywka","tag-ciaze_gwiazd","tag-entertainment","tag-intextvideo_splayer","tag-new_header","tag-newbb_tst0","tag-onet3","tag-onet3d","tag-onet3d_2i","tag-pawel_delag_aktor","tag-phx","tag-pl","tag-poland","tag-polish","tag-polska","tag-polski","tag-rozrywka","tag-screening_general","tag-styl_zycia","tag-time_limited","tag-update_me","tag-v2021","tag-wielkanoc_swieta_wielkanocne"],"share_on_mastodon":{"url":"https:\/\/pubeurope.com\/@pl\/116356016188415758","error":""},"_links":{"self":[{"href":"https:\/\/www.europesays.com\/pl\/wp-json\/wp\/v2\/posts\/348844","targetHints":{"allow":["GET"]}}],"collection":[{"href":"https:\/\/www.europesays.com\/pl\/wp-json\/wp\/v2\/posts"}],"about":[{"href":"https:\/\/www.europesays.com\/pl\/wp-json\/wp\/v2\/types\/post"}],"author":[{"embeddable":true,"href":"https:\/\/www.europesays.com\/pl\/wp-json\/wp\/v2\/users\/2"}],"replies":[{"embeddable":true,"href":"https:\/\/www.europesays.com\/pl\/wp-json\/wp\/v2\/comments?post=348844"}],"version-history":[{"count":0,"href":"https:\/\/www.europesays.com\/pl\/wp-json\/wp\/v2\/posts\/348844\/revisions"}],"wp:featuredmedia":[{"embeddable":true,"href":"https:\/\/www.europesays.com\/pl\/wp-json\/wp\/v2\/media\/348845"}],"wp:attachment":[{"href":"https:\/\/www.europesays.com\/pl\/wp-json\/wp\/v2\/media?parent=348844"}],"wp:term":[{"taxonomy":"category","embeddable":true,"href":"https:\/\/www.europesays.com\/pl\/wp-json\/wp\/v2\/categories?post=348844"},{"taxonomy":"post_tag","embeddable":true,"href":"https:\/\/www.europesays.com\/pl\/wp-json\/wp\/v2\/tags?post=348844"}],"curies":[{"name":"wp","href":"https:\/\/api.w.org\/{rel}","templated":true}]}}