{"id":349419,"date":"2026-04-06T13:02:20","date_gmt":"2026-04-06T13:02:20","guid":{"rendered":"https:\/\/www.europesays.com\/pl\/349419\/"},"modified":"2026-04-06T13:02:20","modified_gmt":"2026-04-06T13:02:20","slug":"o-ktorej-mecz-lechia-gdansk-korona-kielce-transmisja-live-stream-gdzie-obejrzec-w-tv-cksport-pl-sport-kielce-korona-kielce","status":"publish","type":"post","link":"https:\/\/www.europesays.com\/pl\/349419\/","title":{"rendered":"O kt\u00f3rej mecz Lechia Gda\u0144sk \u2013 Korona Kielce? Transmisja, Live Stream. Gdzie obejrze\u0107 w TV? &#8211; CKsport.pl &#8211; Sport Kielce | Korona Kielce"},"content":{"rendered":"<p>W pojedynku 27. kolejki PKO BP Ekstraklasy Korona Kielce zmierzy si\u0119 na wyje\u017adzie z Lechi\u0105 Gda\u0144sk. Oczywi\u015bcie transmisja ze starcia z \u201ebia\u0142o-zielonymi\u201d b\u0119dzie dost\u0119pna w telewizji oraz w internecie.<\/p>\n<p>Jeden z zawodnik\u00f3w Korony na przedmeczowej konferencji podkre\u015bli\u0142 znaczenie defensywy i koncentracji na w\u0142asnej grze, kt\u00f3re jego zdaniem s\u0105 wymagane w najbli\u017cszej konfrontacji.\u00a0<\/p>\n<p>\u2013 Dla mnie wszystko zaczyna si\u0119 od obrony. Kiedy dobrze bronisz, mo\u017cesz zrobi\u0107 wszystko. Gra\u0142em wcze\u015bniej przeciwko \u010cirkoviciowi w Serbii i wiem, \u017ce to bardzo dobry zawodnik. Zreszt\u0105 wszyscy w tej lidze s\u0105 dobrzy, inaczej by tu nie grali. Ale my zawsze musimy patrze\u0107 na siebie i na to, co mo\u017cemy zrobi\u0107 dobrze. Je\u015bli b\u0119dziemy dobrze wykonywa\u0107 swoj\u0105 prac\u0119, nie b\u0119dziemy mie\u0107 problem\u00f3w na boisku. Najwa\u017cniejsze, \u017ceby skupi\u0107 si\u0119 na sobie i zrobi\u0107 swoj\u0105 robot\u0119 \u2013 <a href=\"https:\/\/www.cksport.pl\/pokazWiadomosc\/33405_rube%C5%BEic_lubie_rywalizowac_a_kazdy_mecz_jest_do_tego_okazja.html\" rel=\"nofollow noopener\" target=\"_blank\">wskaza\u0142<\/a> Slobodan Rube\u017ei\u0107, obro\u0144ca \u201e\u017c\u00f3\u0142to-czerwonych\u201d.\u00a0<\/p>\n<p>\u00a0<\/p>\n<p> <img decoding=\"async\" style=\"height: 45px; width: auto; display: block;\" src=\"https:\/\/www.europesays.com\/pl\/wp-content\/uploads\/2026\/04\/ck_sport_1.png\" alt=\"CK Sport Logo\"\/> <\/p>\n<p style=\"font-size: 13px; font-weight: bold; color: #ffd700; text-transform: uppercase; letter-spacing: 2.5px; margin: 0px 0px 10px; opacity: 0.9; text-align: center;\">PKO BP Ekstraklasa \u2022 27. Kolejka<\/p>\n<p>\u00a0<\/p>\n<p><img decoding=\"async\" style=\"height: 95px; margin-bottom: 15px; filter: drop-shadow(0 4px 8px rgba(0,0,0,0.5));\" src=\"https:\/\/www.europesays.com\/pl\/wp-content\/uploads\/2026\/04\/lechia_gdansk_herb_1_1.png\"\/> Lechia Gda\u0144sk<\/p>\n<p>VS<\/p>\n<p><img decoding=\"async\" style=\"height: 95px; margin-bottom: 15px; filter: drop-shadow(0 4px 8px rgba(0,0,0,0.5));\" src=\"https:\/\/www.europesays.com\/pl\/wp-content\/uploads\/2026\/04\/kor_8.png\"\/> Korona Kielce<\/p>\n<p style=\"font-size: 18px; color: #cfcfcf; margin-bottom: 40px; text-align: center;\">Poniedzia\u0142ek, 6 kwietnia \u2022 Godzina 20.15<\/p>\n<p>CKSPORT LIVE<\/p>\n<p style=\"font-size: 11px; font-weight: bold; color: #ffd700; margin-bottom: 12px; text-transform: uppercase; letter-spacing: 1.2px;\">Transmisja TV<\/p>\n<p><img decoding=\"async\" style=\"height: 30px;\" src=\"https:\/\/www.europesays.com\/pl\/wp-content\/uploads\/2026\/04\/1712672692_Canal_Sport3.png\"\/><\/p>\n<p style=\"font-size: 11px; font-weight: bold; color: #ffd700; margin-bottom: 12px; text-transform: uppercase; letter-spacing: 1.2px;\">Transmisja Online<\/p>\n<p><img decoding=\"async\" style=\"height: 25px;\" src=\"https:\/\/www.europesays.com\/pl\/wp-content\/uploads\/2026\/04\/canalonline.png\"\/><\/p>\n<p style=\"margin-top: 40px; font-size: 12px; color: rgba(255, 255, 255, 0.4); font-weight: 600; text-transform: uppercase; letter-spacing: 2px;\">MIEJSCE: POLSAT PLUS ARENA, GDA\u0143SK<\/p>\n<p>Fot. Marcin Deszczka<\/p>\n<p><a href=\"https:\/\/www.prokoder.pl\/\" target=\"_blank\" rel=\"noopener nofollow\"> <img decoding=\"async\" style=\"width: 100%; height: auto; display: block;\" src=\"https:\/\/www.europesays.com\/pl\/wp-content\/uploads\/2026\/04\/prokoder_reklamy_drukarnia_kielce.jpg\" alt=\"Prokoder Reklamy Drukarnia Kielce\"\/> <\/a><\/p>\n<p>&#8212;&#8212;&#8212;&#8212;<br \/>\nDzi\u0119kujemy, \u017ce jeste\u015b z nami i wspierasz tw\u00f3rczo\u015b\u0107 dost\u0119pn\u0105 na CKsport.pl. Kliknij w link poni\u017cej i postaw naszej redakcji symboliczn\u0105 kaw\u0119.<\/p>\n<p><a href=\"https:\/\/buycoffee.to\/cksportpl\" target=\"_blank\" rel=\"noopener nofollow\"><img decoding=\"async\" style=\"width: 300px; display: block; margin-left: auto; margin-right: auto;\" src=\"https:\/\/buycoffee.to\/btn\/buycoffeeto-btn-primary.svg\" alt=\"Postaw mi kaw\u0119 na buycoffee.to\"\/><\/a><\/p>\n","protected":false},"excerpt":{"rendered":"W pojedynku 27. kolejki PKO BP Ekstraklasy Korona Kielce zmierzy si\u0119 na wyje\u017adzie z Lechi\u0105 Gda\u0144sk. Oczywi\u015bcie transmisja&hellip;\n","protected":false},"author":2,"featured_media":349420,"comment_status":"","ping_status":"","sticky":false,"template":"","format":"standard","meta":{"footnotes":"","_share_on_mastodon":"0"},"categories":[51610],"tags":[1048,60263,2908,2308,60262,60261,2573,42,38,40,39,41,545],"class_list":["post-349419","post","type-post","status-publish","format-standard","has-post-thumbnail","category-gdansk","tag-gdansk","tag-gdzie-obejrzec-w-tv","tag-korona-kielce","tag-lechia-gdansk","tag-live-stream","tag-o-ktorej-mecz","tag-pko-bp-ekstraklasa","tag-pl","tag-poland","tag-polish","tag-polska","tag-polski","tag-transmisja"],"share_on_mastodon":{"url":"https:\/\/pubeurope.com\/@pl\/116357900027520356","error":""},"_links":{"self":[{"href":"https:\/\/www.europesays.com\/pl\/wp-json\/wp\/v2\/posts\/349419","targetHints":{"allow":["GET"]}}],"collection":[{"href":"https:\/\/www.europesays.com\/pl\/wp-json\/wp\/v2\/posts"}],"about":[{"href":"https:\/\/www.europesays.com\/pl\/wp-json\/wp\/v2\/types\/post"}],"author":[{"embeddable":true,"href":"https:\/\/www.europesays.com\/pl\/wp-json\/wp\/v2\/users\/2"}],"replies":[{"embeddable":true,"href":"https:\/\/www.europesays.com\/pl\/wp-json\/wp\/v2\/comments?post=349419"}],"version-history":[{"count":0,"href":"https:\/\/www.europesays.com\/pl\/wp-json\/wp\/v2\/posts\/349419\/revisions"}],"wp:featuredmedia":[{"embeddable":true,"href":"https:\/\/www.europesays.com\/pl\/wp-json\/wp\/v2\/media\/349420"}],"wp:attachment":[{"href":"https:\/\/www.europesays.com\/pl\/wp-json\/wp\/v2\/media?parent=349419"}],"wp:term":[{"taxonomy":"category","embeddable":true,"href":"https:\/\/www.europesays.com\/pl\/wp-json\/wp\/v2\/categories?post=349419"},{"taxonomy":"post_tag","embeddable":true,"href":"https:\/\/www.europesays.com\/pl\/wp-json\/wp\/v2\/tags?post=349419"}],"curies":[{"name":"wp","href":"https:\/\/api.w.org\/{rel}","templated":true}]}}