{"id":349507,"date":"2026-04-06T14:07:10","date_gmt":"2026-04-06T14:07:10","guid":{"rendered":"https:\/\/www.europesays.com\/pl\/349507\/"},"modified":"2026-04-06T14:07:10","modified_gmt":"2026-04-06T14:07:10","slug":"dotad-orban-nie-mial-powodow-do-obaw-teraz-boi-sie-tylko-jednego-komentarz","status":"publish","type":"post","link":"https:\/\/www.europesays.com\/pl\/349507\/","title":{"rendered":"Dot\u0105d Orban nie mia\u0142 powod\u00f3w do obaw. Teraz boi si\u0119 tylko jednego [KOMENTARZ]"},"content":{"rendered":"<p>Viktor Orban jest cz\u0142owiekiem sukcesu i rz\u0105dzi na W\u0119grzech ju\u017c od 20 lat, z czego 16 lat nieprzerwanie. W tym czasie bardzo si\u0119 wzbogaci\u0142 i cho\u0107 o jego korupcji kr\u0105\u017c\u0105 legendy, w swoim kraju nie mia\u0142 dot\u0105d powod\u00f3w do obaw. Kontroluje policj\u0119, s\u0105dy, wp\u0142ywowe media i r\u00f3\u017cne mechanizmy albo zepchn\u0105\u0142 je na margines, podobnie jak robi\u0105 to autorytarni przyw\u00f3dcy w rosyjskiej strefie wp\u0142yw\u00f3w, kt\u00f3rymi zreszt\u0105 si\u0119 inspiruje. S\u0142aw\u0119 zyska\u0142 r\u00f3wnie\u017c walk\u0105 z libera\u0142ami, gotowo\u015bci\u0105 do ignorowania unijnych przepis\u00f3w oraz tym, \u017ce poprzez szanta\u017c wykorzysta\u0142 cz\u0142onkostwo w Unii Europejskiej do uczynienia z peryferyjnych i ekonomicznie nieistotnych W\u0119gier wp\u0142ywowego gracza w burzliwych czasach Donalda Trumpa i W\u0142adimira Putina.<\/p>\n<p>Jedyne, czego Orban si\u0119 teraz obawia, to krajowe wybory parlamentarne, kt\u00f3re co prawda od wielu lat nie s\u0105 uczciwe ze wzgl\u0119du na jego ogromn\u0105 przewag\u0119 medialn\u0105 i propagandow\u0105 nad konkurentami, ale pozostaj\u0105 wolne. Najbli\u017csze odb\u0119d\u0105 si\u0119 w drugi weekend kwietnia. Co si\u0119 stanie, je\u015bli Orban zn\u00f3w \u2014 ju\u017c po raz sz\u00f3sty \u2014 je wygra i b\u0119dzie kontynuowa\u0142 swoj\u0105 autorytarn\u0105 i antyeuropejsk\u0105 kampani\u0119? Wzruszenie ramionami, \u017ce po prostu jego i tak ju\u017c d\u0142uga seria premierostwa, do kt\u00f3rej wszyscy si\u0119 przyzwyczaili, przed\u0142u\u017cy si\u0119 o kolejne cztery lata i \u017ce tak naprawd\u0119 to sprawa samych W\u0119gr\u00f3w, nie wchodzi w gr\u0119. <a href=\"https:\/\/wiadomosci.onet.pl\/politico\/jesli-orban-przegra-ue-i-tak-bedzie-w-szoku-magyar-jak-czarna-skrzynka\/mxcv1xc\" id=\"b46536b5-aeae-463d-90a7-3e6d819fa53c\" rel=\"nofollow noopener\" target=\"_blank\">Stawka jest bowiem wysoka r\u00f3wnie\u017c dla innych pa\u0144stw.<\/a><\/p>\n<p class=\"Paragraph_desktopParagraph__U31Gm\">Ca\u0142a Unia Europejska z napi\u0119ciem oczekuje, czy w jednym z pa\u0144stw cz\u0142onkowskich pozostanie u w\u0142adzy jawny sabota\u017cysta unijnej solidarno\u015bci z broni\u0105c\u0105 si\u0119 Ukrain\u0105, kt\u00f3ry \u2014 <a href=\"https:\/\/wiadomosci.onet.pl\/swiat\/czlowiek-orbana-zawsze-do-dyspozycji-rosjan-znamy-tresc-rozmow\/rmmwmgl\" id=\"d81ae812-230d-4f88-bad4-9193d6e02315\" rel=\"nofollow noopener\" target=\"_blank\">jak niedawno si\u0119 dowiedzieli\u015bmy<\/a> \u2014 przekazuje poufne informacje ze wsp\u00f3lnych rozm\u00f3w bezpo\u015brednio rosyjskiemu wrogowi [chodzi o kontakty ministra spraw zagranicznych W\u0119gier Petera Szijjarto ze swoim odpowiednikiem w Rosji, Siergiejem \u0141awrowem].<\/p>\n<p class=\"Paragraph_desktopParagraph__U31Gm\">Z perspektywy Europy \u015arodkowej jest to jeszcze bardziej namacalne. Je\u015bli Orban wygra kolejne wybory, umocni to tak\u017ce polityk\u0119 jego zwolennik\u00f3w na stanowiskach premier\u00f3w S\u0142owacji i Czech oraz zwi\u0119kszy prawdopodobie\u0144stwo, \u017ce obszar czesko-s\u0142owacki b\u0119dzie kontynuowa\u0142 drog\u0119 ku jeszcze niedawno niewyobra\u017calnemu antyzachodniemu zwrotowi politycznemu, kt\u00f3rego konsekwencje mog\u0105 by\u0107, bez cienia przesady, fatalne w skutkach.<\/p>\n<p class=\"Paragraph_desktopParagraph__U31Gm\">Wszystko to wystarczy, aby\u015bmy z perspektywy Europy \u015arodkowo-Wschodniej uznali te w\u0119gierskie wybory za najwa\u017cniejsze od ostatnich 35 lat.<\/p>\n<p><img decoding=\"async\" class=\"Image_image__0tuHp Image_autoHeight__f2n87 \" height=\"587\" width=\"880\" src=\"https:\/\/www.europesays.com\/pl\/wp-content\/uploads\/2026\/04\/Xatk9kpTURBXy8yOGJlYjgyZGM5ZDZhZjZlNTI3YzQwMDRhNDEyODMyMi5qcGeSlQLNA6wAwsOVAgDNAkvCw94AA6EwAaExAaEzw.jpeg\" alt=\"Zdj\u0119cie udost\u0119pnione przez Departament Komunikacji Premiera W\u0119gier przedstawia Viktora Orbana przemawiaj\u0105cego podczas wiecu wyborczego w Ocsa na W\u0119grzech, 31 marca 2026 r. \" loading=\"lazy\" \/>Zoltan Fischer HANDOUT \/ PAP<\/p>\n<p>Zdj\u0119cie udost\u0119pnione przez Departament Komunikacji Premiera W\u0119gier przedstawia Viktora Orbana przemawiaj\u0105cego podczas wiecu wyborczego w Ocsa na W\u0119grzech, 31 marca 2026 r. <\/p>\n<p>Czy zdrada jest z\u0142em? <\/p>\n<p class=\"Paragraph_desktopParagraph__U31Gm\">Sam Orban jest doskona\u0142\u0105 ilustracj\u0105 tego, jak zmieni\u0142a si\u0119 nasza przestrze\u0144 w ci\u0105gu ostatnich 15 lat. Kiedy w 2010 r. po raz drugi obejmowa\u0142 w\u0142adz\u0119, mia\u0142 za sob\u0105 cztery lata kierowania w\u0119gierskim rz\u0105dem w latach 1998-2002, sp\u0119dzone na zwyk\u0142ym podlizywaniu si\u0119 wielow\u0119gierskiemu nacjonalizmowi, wychwalaniu chrze\u015bcija\u0144stwa i w\u0119gierskich tradycji. Reszta Europy, w tym Czechy, mog\u0142a to obserwowa\u0107 bez wi\u0119kszego zainteresowania, przekonana, \u017ce to, co sobie w W\u0119grzech upiek\u0105, tam te\u017c zjedz\u0105, a ich zdolno\u015b\u0107 do wp\u0142ywania na nasze \u017cycie jest zerowa.<\/p>\n<p class=\"Paragraph_desktopParagraph__U31Gm\">Sko\u0144czy\u0142o si\u0119 inaczej. Orban powr\u00f3ci\u0142 do w\u0142adzy w pa\u0144stwie, kt\u00f3re w mi\u0119dzyczasie przyst\u0105pi\u0142o do Unii Europejskiej, a dzi\u0119ki jej demokratycznym zasadom sta\u0142 si\u0119 motorem wydarze\u0144 mi\u0119dzynarodowych. Wkr\u00f3tce po doj\u015bciu do w\u0142adzy og\u0142osi\u0142 demonta\u017c pa\u0144stwa prawa (nazwa\u0142 to demokracj\u0105 nieliberaln\u0105) i w pe\u0142ni wykorzysta\u0142 now\u0105 w\u0142adz\u0119. Nie tylko z powodzeniem rozwija w kraju autokratyczne zasady niezgodne z regu\u0142ami UE, ale dodatkowo poprzez obstrukcj\u0119 i gro\u017aby weta blokuje ca\u0142ej Unii obron\u0119 przed rosyjskim zagro\u017ceniem, a ostatnio wyra\u017anie poci\u0105ga w tym samym kierunku r\u00f3wnie\u017c Czechy i S\u0142owacj\u0119. I to nie tylko poprzez jaki\u015b nieformalny wp\u0142yw. Wtr\u0105ca si\u0119 w wybory na S\u0142owacji poprzez propagand\u0119 skierowan\u0105 przeciwko tamtejszej mniejszo\u015bci w\u0119gierskiej, a w wybory w Czechach poprzez udzia\u0142 w kampanii swojego politycznego sojusznika Andreja Babisza. Teraz wysz\u0142o na jaw, \u017ce rz\u0105d Orbana, wp\u0142ywaj\u0105c na wybory na S\u0142owacji na korzy\u015b\u0107 Roberta Ficy, uzgodni\u0142 wsp\u00f3\u0142prac\u0119 z Rosj\u0105 Putina.<\/p>\n<p class=\"Paragraph_desktopParagraph__U31Gm\">Od momentu doj\u015bcia do w\u0142adzy elit Ficy i Babisza w polityce s\u0142owackiej i czeskiej widzimy wyra\u017an\u0105 inspiracj\u0119 Orbanem \u2014 od likwidacji publicznych medi\u00f3w, przez n\u0119kanie organizacji pozarz\u0105dowych, a\u017c po zabieganie o przychylno\u015b\u0107 Rosji. Orban sta\u0142 si\u0119 tak nietykalnym wzorem, \u017ce czo\u0142owi przedstawiciele ruchu ANO (Akcja Niezadowolonych Obywateli \u2014 czeska partia Babisza) nie potrafi\u0105 odpowiedzie\u0107 na bezpo\u015brednie pytanie, czy pot\u0119piaj\u0105 przekazywanie przez W\u0119gr\u00f3w informacji z posiedze\u0144 Rady Europejskiej bezpo\u015brednio Rosjanom, kt\u00f3rzy sami og\u0142aszaj\u0105 si\u0119 naszymi wrogami. Jakby zdrad\u0119 interes\u00f3w europejskich, a wi\u0119c i naszych, uwa\u017cali za mniejsze z\u0142o ni\u017c &#8222;zdrad\u0119&#8221; przyjaciela Viktora.<\/p>\n<p>Naprawd\u0119 decyduj\u0105ce wybory na W\u0119grzech <\/p>\n<p class=\"Paragraph_desktopParagraph__U31Gm\">Dla frakcji politycznych nacjonalist\u00f3w i przyjaci\u00f3\u0142 populizmu, do kt\u00f3rej nale\u017cy r\u00f3wnie\u017c czeskie ANO, Orban jest wzorem we wszystkim, co robi. W zwalczaniu krytycznych medi\u00f3w, traktowaniu wymiaru sprawiedliwo\u015bci, korupcji w zarz\u0105dzaniu funduszami europejskimi, a wreszcie w tym, co najniebezpieczniejsze \u2014 w stosunku do Rosji Putina. Populistyczni przyw\u00f3dcy w Europie \u015arodkowej s\u0105 zafascynowani jego d\u0142ugotrwa\u0142ym utrzymaniem si\u0119 przy w\u0142adzy oraz ra\u017c\u0105c\u0105 pogard\u0105 dla warto\u015bci europejskiego Zachodu i pragn\u0105 mie\u0107 w swoim pa\u0144stwie r\u00f3wnie siln\u0105 pozycj\u0119, by m\u00f3c ca\u0142kowicie je zmieni\u0107 na sw\u00f3j obraz.<\/p>\n<p class=\"Paragraph_desktopParagraph__U31Gm\">W erze \u015bci\u015ble po\u0142\u0105czonego \u015bwiata, kiedy polityka uprawiana w mediach spo\u0142eczno\u015bciowych odchodzi od merytorycznych temat\u00f3w, stawia na wojny kulturowe, populizm i buduje armi\u0119 wiernych fan\u00f3w, kt\u00f3rzy wybacz\u0105 swoim faworytom wszystko, \u0142\u0105cznie z jawnym nadu\u017cywaniem w\u0142adzy, gdy jedna trzecia wyborc\u00f3w decyduje w wyborach wy\u0142\u0105cznie na podstawie emocji, obowi\u0105zuje zasada, \u017ce wyniki wyborcze wyrazistych osobowo\u015bci i pa\u0144stw wp\u0142ywaj\u0105 na decyzje polityczne w ich otoczeniu.<\/p>\n<p class=\"Paragraph_desktopParagraph__U31Gm\">Co si\u0119 zatem stanie, je\u015bli w niedziel\u0119 12 kwietnia Orban znowu wygra? Europa \u015arodkowa uka\u017ce si\u0119 z punktu widzenia Kremla jako niezawodny partner, a ingerencja Rosji w nasz\u0105 polityk\u0119 b\u0119dzie trwa\u0142a. Na S\u0142owacji wzro\u015bnie prawdopodobie\u0144stwo, \u017ce Robert Fico, cz\u0142owiek o jawnych powi\u0105zaniach z Rosj\u0105 i ze \u015bwiatem przest\u0119pczo\u015bci zorganizowanej, do swoich dotychczasowych 14 lat sprawowania urz\u0119du premiera doda w przysz\u0142orocznych wyborach kolejne cztery lata na rozmontowywanie s\u0142owackiego pa\u0144stwa prawa, a s\u0142owacka prodemokratyczna opozycja pogr\u0105\u017cy si\u0119 w najg\u0142\u0119bszej depresji czas\u00f3w porewolucyjnych.<\/p>\n<p class=\"Paragraph_desktopParagraph__U31Gm\">Czechy pod rz\u0105dami Babisza b\u0119d\u0105 nadal na\u015bladowa\u0107 rozw\u00f3j sytuacji na S\u0142owacji. Sojusz agrobiznesu, populist\u00f3w i prorosyjskich ekstremist\u00f3w zapu\u015bci g\u0142\u0119bokie korzenie w tutejszej polityce i trudno b\u0119dzie go pokona\u0107 w kolejnych wyborach. Nikogo ju\u017c nie bawi powtarzanie, \u017ce to tak zwane najwa\u017cniejsze wybory od wielu lat. Jednak to w\u0119gierskie g\u0142osowanie w sprawie Orbana jest naprawd\u0119 decyduj\u0105ce.<\/p>\n","protected":false},"excerpt":{"rendered":"Viktor Orban jest cz\u0142owiekiem sukcesu i rz\u0105dzi na W\u0119grzech ju\u017c od 20 lat, z czego 16 lat nieprzerwanie.&hellip;\n","protected":false},"author":2,"featured_media":349508,"comment_status":"","ping_status":"","sticky":false,"template":"","format":"standard","meta":{"footnotes":"","_share_on_mastodon":"0"},"categories":[14],"tags":[8599,56,32,33,66,27,27619,67,34,35,28,31,53,25,52,68,51,55,40,41,6789,47,80,29,30,50,1233,1234,26,82,83,84],"class_list":["post-349507","post","type-post","status-publish","format-standard","has-post-thumbnail","category-swiat","tag-andrej_babisz","tag-article_premium","tag-breaking-news","tag-breakingnews","tag-give_me_perspective","tag-headlines","tag-inst_tst0","tag-intextvideo_splayer","tag-latest-news","tag-latestnews","tag-naglowki","tag-najwazniejsze-artykuly","tag-new_header","tag-news","tag-onet3","tag-onet3d","tag-onet3d_2i","tag-phx","tag-polish","tag-polski","tag-robert_fico_slowacki_polityk","tag-screening_general","tag-swiat","tag-top-stories","tag-topstories","tag-v2021","tag-viktor_orban_wegierski_polityk","tag-wegry_wegier_wegierka_wegrzy","tag-wiadomosci","tag-world","tag-world-news","tag-worldnews"],"share_on_mastodon":{"url":"","error":"Validation failed: Text character limit of 500 exceeded"},"_links":{"self":[{"href":"https:\/\/www.europesays.com\/pl\/wp-json\/wp\/v2\/posts\/349507","targetHints":{"allow":["GET"]}}],"collection":[{"href":"https:\/\/www.europesays.com\/pl\/wp-json\/wp\/v2\/posts"}],"about":[{"href":"https:\/\/www.europesays.com\/pl\/wp-json\/wp\/v2\/types\/post"}],"author":[{"embeddable":true,"href":"https:\/\/www.europesays.com\/pl\/wp-json\/wp\/v2\/users\/2"}],"replies":[{"embeddable":true,"href":"https:\/\/www.europesays.com\/pl\/wp-json\/wp\/v2\/comments?post=349507"}],"version-history":[{"count":0,"href":"https:\/\/www.europesays.com\/pl\/wp-json\/wp\/v2\/posts\/349507\/revisions"}],"wp:featuredmedia":[{"embeddable":true,"href":"https:\/\/www.europesays.com\/pl\/wp-json\/wp\/v2\/media\/349508"}],"wp:attachment":[{"href":"https:\/\/www.europesays.com\/pl\/wp-json\/wp\/v2\/media?parent=349507"}],"wp:term":[{"taxonomy":"category","embeddable":true,"href":"https:\/\/www.europesays.com\/pl\/wp-json\/wp\/v2\/categories?post=349507"},{"taxonomy":"post_tag","embeddable":true,"href":"https:\/\/www.europesays.com\/pl\/wp-json\/wp\/v2\/tags?post=349507"}],"curies":[{"name":"wp","href":"https:\/\/api.w.org\/{rel}","templated":true}]}}