{"id":34961,"date":"2025-10-06T19:24:11","date_gmt":"2025-10-06T19:24:11","guid":{"rendered":"https:\/\/www.europesays.com\/pl\/34961\/"},"modified":"2025-10-06T19:24:11","modified_gmt":"2025-10-06T19:24:11","slug":"wojciech-fibak-ocenil-zachowanie-igi-swiatek-nagle-wspomnial-o-jej-mamie-i-siostrze","status":"publish","type":"post","link":"https:\/\/www.europesays.com\/pl\/34961\/","title":{"rendered":"Wojciech Fibak oceni\u0142 zachowanie Igi \u015awi\u0105tek. Nagle wspomnia\u0142 o jej mamie i siostrze"},"content":{"rendered":"<p class=\"Paragraph_desktopParagraph__U31Gm\">Najlepsza polska tenisistka w historii od lat niezmiennie znajduje si\u0119 na medialnym \u015bwieczniku, a ka\u017cda jej wypowied\u017a na konferencji prasowej czy gest na korcie s\u0105 dok\u0142adnie analizowane. Niedawno g\u0142o\u015bno by\u0142o cho\u0107by o <a href=\"https:\/\/plejada.pl\/newsy\/dziennikarz-wyprowadzil-ige-swiatek-z-rownowagi-co-to-jest-za-pytanie\/rebcllh\" id=\"c2ce1f87-d02c-4c8a-9f81-b8b00a14d728\" rel=\"nofollow noopener\" target=\"_blank\">reakcji Igi \u015awi\u0105tek na nietypowe pytanie od dziennikarza<\/a>, a w prasie nie brak te\u017c debat na temat relacji mi\u0119dzy sportsmenk\u0105 <a href=\"https:\/\/plejada.pl\/newsy\/skandal-po-slowach-komentatora-o-idze-swiatek-i-darii-abramowicz-jak-mozna\/2snv5xn\" id=\"0063d6d2-8b02-471b-a26d-56a15216af9e\" rel=\"nofollow noopener\" target=\"_blank\">a wsp\u00f3\u0142pracuj\u0105c\u0105 z ni\u0105 psycholo\u017ck\u0105 Dari\u0105 Abramowicz<\/a>.<\/p>\n<ul class=\"OchatFollowUps_wrapper__1ry7X\">\n<li class=\"OchatFollowUps_item__Dhyly OchatFollowUps_itemDesktop__R6aBv\">Jakie cechy charakteru ma Iga \u015awi\u0105tek?<\/li>\n<li class=\"OchatFollowUps_item__Dhyly OchatFollowUps_itemDesktop__R6aBv\">Jakie problemy mia\u0142a Iga \u015awi\u0105tek w swoim \u017cyciu?<\/li>\n<li class=\"OchatFollowUps_item__Dhyly OchatFollowUps_itemDesktop__R6aBv\">Kiedy Iga \u015awi\u0105tek straci\u0142a mam\u0119?<\/li>\n<li class=\"OchatFollowUps_item__Dhyly OchatFollowUps_itemDesktop__R6aBv\">Jakie relacje ma Iga \u015awi\u0105tek z Dari\u0105 Abramowicz?<\/li>\n<\/ul>\n<p class=\"Paragraph_desktopParagraph__U31Gm\">W trakcie podcastu &#8222;Wojew\u00f3dzkiK\u0119dzierski&#8221; <a href=\"https:\/\/plejada.pl\/kuba-wojewodzki-dziennikarz-jakub-wojewodzki\" id=\"4e364e43-7fb2-4fd9-9343-33122cc43867\" rel=\"nofollow noopener\" target=\"_blank\">Kuba Wojew\u00f3dzki<\/a>, nawi\u0105zuj\u0105c do tych i innych zdarze\u0144 z ostatniego czasu, zapyta\u0142 Wojciecha Fibaka, czy &#8222;Iga \u015awi\u0105tek w swoim medialnym wizerunku da si\u0119 lubi\u0107&#8221;. Po pocz\u0105tkowych unikach zaproszonego go\u015bcia prowadz\u0105cy dopyta\u0142 jeszcze, czy Fibak i Piotr K\u0119dzierski &#8222;nale\u017c\u0105 do grupy hipokryt\u00f3w, kt\u00f3rzy nie widz\u0105, co si\u0119 z ni\u0105 dzieje&#8221;.<\/p>\n<blockquote>\n<p class=\"Paragraph_desktopParagraph__U31Gm\">Z Ig\u0105 jest tak, \u017ce po pierwsze to jest [jej] charakter. Ale i Zbyszek Boniek, i Jimmy Connors, i [inni] wybitni sportowcy s\u0142yn\u0105 z takiego twardego charakteru. (&#8230;) W zwi\u0105zku z tym, \u017ce jej starsza siostra osi\u0105ga\u0142a sukcesy&#8230; Dzisiaj jest stomatologiem tak jak mama&#8230; Iga by\u0142a w cieniu starszej siostry z ci\u0105g\u0142\u0105 ch\u0119ci\u0105 wygrywania i ona z pewnymi kompleksami wchodzi\u0142a w sport. Z bardzo wymagaj\u0105cym twardym ojcem, kt\u00f3remu wszystko zawdzi\u0119cza, bo wozi\u0142 j\u0105 po turniejach i wierzy\u0142 w ni\u0105, co trzeba mu odda\u0107. Ale ojciec te\u017c mia\u0142 bardzo twardy charakter<\/p>\n<\/blockquote>\n<p class=\"Paragraph_desktopParagraph__U31Gm\">\u2014 podkre\u015bli\u0142 na wst\u0119pie Wojciech Fibak.<\/p>\n<p class=\"Paragraph_desktopParagraph__U31Gm\">W dalszej cz\u0119\u015bci wypowiedzi by\u0142y tenisista zauwa\u017cy\u0142, \u017ce <a href=\"https:\/\/plejada.pl\/iga-swiatek\" id=\"234d6ca8-b5a0-4b62-980a-d93f036ecdb3\" rel=\"nofollow noopener\" target=\"_blank\">Iga \u015awi\u0105tek<\/a> w \u017cyciu mia\u0142a zawsze &#8222;pod g\u00f3rk\u0119&#8221;. Dlatego, w jego opinii, wypracowa\u0142a sobie model ci\u0105g\u0142ej walki na korcie nieco podobny do tego, co prezentowa\u0142 John McEnroe. \u2014 Ona wchodzi, zapomina o wszystkim, walczy i nie ma miejsca u niej niestety na u\u015bmiech czy takie nawet czasami mi\u0142e reakcje do przeciwniczki lub do publiczno\u015bci. Pami\u0119tam, by\u0142y takie sugestie, aby wspomnia\u0142a po kolejnym zwyci\u0119stwie w Roland Garros, \u017ce w polskim hymnie mamy Napoleona Bonaparte. To by po\u0142\u0105czy\u0142o j\u0105 bardziej z trudn\u0105 publiczno\u015bci\u0105, bardzo wymagaj\u0105c\u0105 parysk\u0105, konesersk\u0105 Rolanda Garrosa. Nigdy to si\u0119 nie zdarzy\u0142o \u2014 wspomnia\u0142 Wojciech Fibak.<\/p>\n<p><img decoding=\"async\" class=\"Image_image__0tuHp\" height=\"587\" width=\"880\" src=\"https:\/\/www.europesays.com\/pl\/wp-content\/uploads\/2025\/10\/nKMk9kpTURBXy8zMGU1ZjMwYjRmZjM4YWM4N2RlM2EyNWRmMzY4N2VkOC5qcGeSlQLNA6wAwsOVAgDNAkvCw94AA6EwAaExAaEzw.jpeg\" alt=\"Wojciech Fibak\" loading=\"lazy\" \/>Maciej Kr\u00fcger \/ Onet<\/p>\n<p>Wojciech Fibak<\/p>\n<p class=\"Paragraph_desktopParagraph__U31Gm\">Wybitny tenisista z przesz\u0142o\u015bci nie waha\u0142 si\u0119 przy tym podkre\u015bli\u0107, \u017ce Iga \u015awi\u0105tek w jego opinii przejdzie do historii dyscypliny jako jedna z najwybitniejszych zawodniczek wszech czas\u00f3w. Jak zaznaczy\u0142, gdy by\u0142a nastolatk\u0105, on ju\u017c wr\u00f3\u017cy\u0142 jej karier\u0119 por\u00f3wnywaln\u0105 do Sereny Williams. \u2014 Natomiast nie w sensie takim bardzo popularyzatorskim \u2014 doda\u0142 Fibak, po czym wyt\u0142umaczy\u0142 niedawn\u0105 reakcj\u0119 Igi \u015awi\u0105tek po os\u0142awionym pytaniu o koraliki we w\u0142osach trudnym momentem w jej karierze.<\/p>\n<p class=\"Paragraph_desktopParagraph__U31Gm\">Kuba Wojew\u00f3dzki przeszed\u0142 nast\u0119pnie do tematu wsp\u00f3\u0142pracy Igi \u015awi\u0105tek z Dari\u0105 Abramowicz. Wsp\u00f3\u0142prowadz\u0105cy podcastu &#8222;Wojew\u00f3dzkiK\u0119dzierski&#8221; zapyta\u0142 wprost, czy ta relacja stanowi dla polskiej tenisistki medialny problem, lecz Wojciech Fibak zaprzeczy\u0142. \u2014 Nie powinien by\u0107, mimo \u017ce inne tenisistki mo\u017ce nie maj\u0105 takich relacji z doradcami. Daria bardzo mi zaimponowa\u0142a, bo sp\u0119dzi\u0142a kilka godzin na mojej wystawie w Radomiu, wystawie mojej kolekcji. (&#8230;) Sp\u0119dzi\u0142a tam kilka godzin, przydzwoni\u0142a do mnie, rozmawiali\u015bmy prawie godzin\u0119 \u2014 zaznaczy\u0142 73-latek, ale Kuba Wojew\u00f3dzki ca\u0142y czas naciska\u0142 na bardziej bezpo\u015bredni\u0105 odpowied\u017a. Wojciech Fibak cofn\u0105\u0142 si\u0119 pami\u0119ciach do czas\u00f3w, gdy \u015awi\u0105tek by\u0142a jeszcze nastolatk\u0105.<\/p>\n<p class=\"Paragraph_desktopParagraph__U31Gm\">\u2014 Prosz\u0119, pami\u0119tajcie, Piotr pewnie wie o tym, \u017ce Iga niestety straci\u0142a mam\u0119, jak gdyby mama odesz\u0142a, (&#8230;) rozdzieli\u0142y si\u0119 ich drogi, kiedy Iga mia\u0142a 15 lat. I dlatego ona wychodzi\u0142a na korcie Legii na mecz wa\u017cny, [odbywaj\u0105cy si\u0119] na korcie centralnym w turnieju, wychodzi\u0142a z p\u0142aczem po pierwszym secie, kiedy przegra\u0142a i nie wraca\u0142a na kort. Dlatego \u017ce w niej si\u0119 wszystko kot\u0142owa\u0142o. Trudno dziewczynie, kt\u00f3ra ma 15 lat, takie wyzwania tenisowe [podj\u0105\u0107]. Do tego wspomn\u0119, \u017ce ma\u0142\u017conka wspania\u0142ego malarza Jana Dobkowskiego by\u0142a nauczycielk\u0105 Igi w liceum i twierdzi\u0142a, \u017ce Iga by\u0142a najbardziej pracowit\u0105 i najlepsz\u0105 uczennic\u0105 w jej klasie. Tak \u017ce Iga jest wyj\u0105tkow\u0105 osob\u0105 pod wieloma wzgl\u0119dami \u2014 podsumowa\u0142 Wojciech Fibak.<\/p>\n<p><img decoding=\"async\" class=\"Image_image__0tuHp\" height=\"587\" width=\"880\" src=\"https:\/\/www.europesays.com\/pl\/wp-content\/uploads\/2025\/10\/W-Ik9kpTURBXy80ZjUzNzNiYjNhMWJjOWE5NzU3OTRlYTBiOTE5YWZmNi5qcGeSlQLNA6wAwsOVAgDNAkvCw94AA6EwAaExAaEzw.jpeg\" alt=\"Iga \u015awi\u0105tek (2024)\" loading=\"lazy\" \/>Victor Velter \/ Shutterstock<\/p>\n<p>Iga \u015awi\u0105tek (2024)<\/p>\n<p class=\"Paragraph_desktopParagraph__U31Gm\">Dzi\u0119kujemy, \u017ce przeczyta\u0142a\u015b\/e\u015b nasz artyku\u0142 do ko\u0144ca. W serwisie Plejada.pl ka\u017cdego dnia piszemy o najwa\u017cniejszych wydarzeniach show-biznesowych. B\u0105d\u017a na bie\u017c\u0105co! <a rel=\"nofollow noopener\" href=\"https:\/\/news.google.com\/publications\/CAAiEF0PeAlb7W1llpV_mwV2rL4qFAgKIhBdD3gJW-1tZZaVf5sFdqy-?hl=pl&amp;gl=PL&amp;ceid=PL%3Apl\" id=\"6e956525-ed4c-46ec-bb4f-05898d11836c\" target=\"_blank\">Obserwuj<\/a> Plejad\u0119 w Wiadomo\u015bciach Google. Odwied\u017a nas tak\u017ce na <a rel=\"nofollow noopener\" href=\"https:\/\/www.facebook.com\/plejadapl\" id=\"da7e2249-16d2-485e-a719-e0ada08bf023\" target=\"_blank\">Facebooku<\/a>, <a rel=\"nofollow noopener\" href=\"https:\/\/www.instagram.com\/plejadapl\/\" id=\"d7997f78-15f4-4ae2-8442-7b3cea746327\" target=\"_blank\">Instagramie<\/a>, <a rel=\"nofollow noopener\" href=\"https:\/\/www.youtube.com\/c\/plejada\" id=\"329b3878-3ddf-44c1-9703-4a940ab561f0\" target=\"_blank\">YouTubie<\/a> oraz <a rel=\"nofollow noopener\" href=\"https:\/\/www.tiktok.com\/@plejada_pl\" id=\"7fde4503-4fef-493d-888c-fba3322ec2fe\" target=\"_blank\">TikToku<\/a>.<\/p>\n<p class=\"Paragraph_desktopParagraph__U31Gm\">Chcesz podzieli\u0107 si\u0119 ciekawym newsem lub zaproponowa\u0107 temat? Skontaktuj si\u0119 z nami, pisz\u0105c e-maila na adres: <a href=\"https:\/\/www.onet.pl\/styl-zycia\/plejada\/wojciech-fibak-ocenil-zachowanie-igi-swiatek-nagle-wspomnial-o-jej-mamie\/mailto:plejada@redakcjaonet.pl\" id=\"cffa5b8b-77f1-4a06-ae96-3dadc0993ec3\" rel=\"nofollow noopener\" target=\"_blank\">plejada@redakcjaonet.pl<\/a>.<\/p>\n<p><script async src=\"\/\/www.instagram.com\/embed.js\"><\/script><script async src=\"\/\/www.tiktok.com\/embed.js\"><\/script><\/p>\n","protected":false},"excerpt":{"rendered":"Najlepsza polska tenisistka w historii od lat niezmiennie znajduje si\u0119 na medialnym \u015bwieczniku, a ka\u017cda jej wypowied\u017a na&hellip;\n","protected":false},"author":2,"featured_media":34962,"comment_status":"","ping_status":"","sticky":false,"template":"","format":"standard","meta":{"footnotes":""},"categories":[22],"tags":[244,122,10226,719,53,52,68,51,55,4368,42,38,40,39,41,123,47,196,341,338,65,50,9963,2658],"class_list":{"0":"post-34961","1":"post","2":"type-post","3":"status-publish","4":"format-standard","5":"has-post-thumbnail","7":"category-rozrywka","8":"tag-ctr_tst","9":"tag-entertainment","10":"tag-iga_swiatek_tenisistka","11":"tag-kuba_wojewodzki_dziennikarz_jakub_wojewodzki","12":"tag-new_header","13":"tag-onet3","14":"tag-onet3d","15":"tag-onet3d_2i","16":"tag-phx","17":"tag-piotr_kedzierski","18":"tag-pl","19":"tag-poland","20":"tag-polish","21":"tag-polska","22":"tag-polski","23":"tag-rozrywka","24":"tag-screening_general","25":"tag-styl_zycia","26":"tag-tylko_w_onecie","27":"tag-tylko_w_plejadzie","28":"tag-update_me","29":"tag-v2021","30":"tag-wojciech_fibak","31":"tag-wojewodzkikedzierski"},"share_on_mastodon":{"url":"","error":""},"_links":{"self":[{"href":"https:\/\/www.europesays.com\/pl\/wp-json\/wp\/v2\/posts\/34961","targetHints":{"allow":["GET"]}}],"collection":[{"href":"https:\/\/www.europesays.com\/pl\/wp-json\/wp\/v2\/posts"}],"about":[{"href":"https:\/\/www.europesays.com\/pl\/wp-json\/wp\/v2\/types\/post"}],"author":[{"embeddable":true,"href":"https:\/\/www.europesays.com\/pl\/wp-json\/wp\/v2\/users\/2"}],"replies":[{"embeddable":true,"href":"https:\/\/www.europesays.com\/pl\/wp-json\/wp\/v2\/comments?post=34961"}],"version-history":[{"count":0,"href":"https:\/\/www.europesays.com\/pl\/wp-json\/wp\/v2\/posts\/34961\/revisions"}],"wp:featuredmedia":[{"embeddable":true,"href":"https:\/\/www.europesays.com\/pl\/wp-json\/wp\/v2\/media\/34962"}],"wp:attachment":[{"href":"https:\/\/www.europesays.com\/pl\/wp-json\/wp\/v2\/media?parent=34961"}],"wp:term":[{"taxonomy":"category","embeddable":true,"href":"https:\/\/www.europesays.com\/pl\/wp-json\/wp\/v2\/categories?post=34961"},{"taxonomy":"post_tag","embeddable":true,"href":"https:\/\/www.europesays.com\/pl\/wp-json\/wp\/v2\/tags?post=34961"}],"curies":[{"name":"wp","href":"https:\/\/api.w.org\/{rel}","templated":true}]}}