{"id":349927,"date":"2026-04-06T19:10:49","date_gmt":"2026-04-06T19:10:49","guid":{"rendered":"https:\/\/www.europesays.com\/pl\/349927\/"},"modified":"2026-04-06T19:10:49","modified_gmt":"2026-04-06T19:10:49","slug":"wiele-osob-odwiedza-jarmark-emaus-na-salwatorze-galeria","status":"publish","type":"post","link":"https:\/\/www.europesays.com\/pl\/349927\/","title":{"rendered":"wiele os\u00f3b odwiedza jarmark Emaus na Salwatorze [+GALERIA]"},"content":{"rendered":"<p>                Polska<br \/>\n                <img data-lazyloaded=\"1\" data-placeholder-resp=\"900x380\" width=\"900\" height=\"380\" src=\"https:\/\/www.europesays.com\/pl\/wp-content\/uploads\/2026\/04\/mid-26406015-900x380.jpg\" class=\"attachment-large size-large wp-post-image\" alt=\"\" decoding=\"async\" fetchpriority=\"high\"\/>                <\/p>\n<p class=\"story__image-caption\">fot. PAP\/\u0141ukasz G\u0105gulski<\/p>\n<p>Wiele os\u00f3b w drugi dzie\u0144 \u015bwi\u0105t wielkanocnych odwiedza jarmark Emaus przy klasztorze norbertanek w historycznej cz\u0119\u015bci Krakowa \u2013 na Salwatorze. Wydarzeniu towarzyszy program artystyczno-edukacyjny.<\/p>\n<p>\u2013 Frekwencja jest dobra. Wiatr nie powstrzyma\u0142 mieszka\u0144c\u00f3w \u2013 powiedzia\u0142a w poniedzia\u0142ek PAP Karolina Magiera-Wr\u00f3bel z Krakowskiego Forum Kultury, organizatora odpustu.<\/p>\n<p>W\u015br\u00f3d spaceruj\u0105cych mi\u0119dzy straganami wida\u0107 i rodziny z dzie\u0107mi, i pojedyncze osoby. Niekt\u00f3rzy nie wyobra\u017caj\u0105 sobie Wielkiego Poniedzia\u0142ku bez odpustu Emaus. \u2013 Ka\u017cdego roku po nabo\u017ce\u0144stwie w ko\u015bciele szli\u015bmy na Emaus. Kupowali\u015bmy s\u0142odycze dla wnuk\u00f3w. Dobrze, \u017ce tradycja powr\u00f3ci\u0142a w to miejsce, bo dziwnie by\u0142o w tym miejscu bez tych barwnych stoisk \u2013 m\u00f3wi\u0142a PAP para senior\u00f3w.<\/p>\n<p><a href=\"https:\/\/misyjne.pl\/leon-xiv-trwajmy-w-blaganiu-o-dar-pokoju-dla-calego-swiata\/\" rel=\"nofollow noopener\" target=\"_blank\">&gt;&gt;&gt; Leon XIV: trwajmy w b\u0142aganiu o dar pokoju dla ca\u0142ego \u015bwiata<\/a><\/p>\n<p>Emaus po dw\u00f3ch latach powr\u00f3ci\u0142 w rejon klasztoru norbertanek na Salwatorze. Przez poprzednie dwa lata odbywa\u0142 si\u0119 na B\u0142oniach z powodu remont\u00f3w dr\u00f3g na Salwatorze.<\/p>\n<p><a href=\"https:\/\/sklep.misyjne.pl\/\" rel=\"nofollow noopener\" target=\"_blank\"><img loading=\"lazy\" data-lazyloaded=\"1\" data-placeholder-resp=\"750x146\" decoding=\"async\" width=\"750\" height=\"146\" src=\"https:\/\/www.europesays.com\/pl\/wp-content\/uploads\/2026\/04\/nasz-sklep-2-750x146.png\" alt=\"\" class=\"wp-image-741306\"  data-\/><\/a><\/p>\n<p>Oko\u0142o 100 kram\u00f3w wystawc\u00f3w g\u0142\u00f3wnie z regionu, ale i z innych zak\u0105tk\u00f3w kraju, ustawionych b\u0119dzie w rejonie ulic Ko\u015bciuszki, Senatorskiej i Kasztela\u0144skiej do godz. 17. W ofercie s\u0105 m.in. r\u0119kodzie\u0142o, tradycyjne produkty spo\u017cywcze, s\u0142odycze, zabawki, bi\u017cuteria.<\/p>\n<p>W programie artystycznym odpustu Emaus znalaz\u0142 si\u0119 m.in. koncert Zespo\u0142u Pie\u015bni i Ta\u0144ca Krakowiacy. W specjalnie przygotowanym namiocie przewidziano pokaz rze\u017abienia w drewnie i warsztaty robienia tradycyjnych czapek pucherok\u00f3w \u2013 usmarowanych sadz\u0105 przebiera\u0144c\u00f3w w wysokich czapach ozdobionych kolorow\u0105 bibu\u0142\u0105, kt\u00f3rzy w Niedziel\u0119 Palmow\u0105 chodz\u0105 po domach we wsiach podkrakowskiej gminy Zielonki, wyg\u0142aszaj\u0105c zabawne oracje i zbieraj\u0105c do koszyk\u00f3w jajka i smako\u0142yki.<\/p>\n<p><a href=\"https:\/\/misyjne.pl\/poniedzialek-wielkanocny-jest-kolejnym-dniem-oktawy-uroczystosci-zmartwychwstania\/\" rel=\"nofollow noopener\" target=\"_blank\">&gt;&gt;&gt; Poniedzia\u0142ek Wielkanocny jest kolejnym dniem oktawy uroczysto\u015bci Zmartwychwstania<\/a><\/p>\n<p>Tradycja Emaus wywodzi si\u0119 ze \u015bredniowiecza, kiedy w wielkanocny poniedzia\u0142ek odbywa\u0142a si\u0119 procesja religijna z Krakowa do wsi Zwierzyniec. Zwyczaj wychodzenia do ko\u015bcio\u0142\u00f3w poza miastem by\u0142 bardzo rozpowszechniony w Europie, zw\u0142aszcza w XVI-XVII w. Na to \u201eludowe \u015bwi\u0119to\u201d chodzili w XIX w. wszyscy mieszka\u0144cy Krakowa: najbiedniejsi i bogaci.<\/p>\n<p><img loading=\"lazy\" data-lazyloaded=\"1\" data-placeholder-resp=\"750x500\" decoding=\"async\" width=\"750\" height=\"500\" data-id=\"749243\" src=\"https:\/\/www.europesays.com\/pl\/wp-content\/uploads\/2026\/04\/mid-26406004-750x500.jpg\" alt=\"\" class=\"wp-image-749243\"  data-\/>fot. PAP\/\u0141ukasz G\u0105gulski<\/p>\n<p><img loading=\"lazy\" data-lazyloaded=\"1\" data-placeholder-resp=\"750x500\" decoding=\"async\" width=\"750\" height=\"500\" data-id=\"749244\" src=\"https:\/\/www.europesays.com\/pl\/wp-content\/uploads\/2026\/04\/mid-26406007-750x500.jpg\" alt=\"\" class=\"wp-image-749244\"  data-\/>fot. PAP\/\u0141ukasz G\u0105gulski<\/p>\n<p><img loading=\"lazy\" data-lazyloaded=\"1\" data-placeholder-resp=\"750x500\" decoding=\"async\" width=\"750\" height=\"500\" data-id=\"749245\" src=\"https:\/\/www.europesays.com\/pl\/wp-content\/uploads\/2026\/04\/mid-26406008-750x500.jpg\" alt=\"\" class=\"wp-image-749245\"  data-\/>fot. PAP\/\u0141ukasz G\u0105gulski<\/p>\n<p><img loading=\"lazy\" data-lazyloaded=\"1\" data-placeholder-resp=\"750x500\" decoding=\"async\" width=\"750\" height=\"500\" data-id=\"749246\" src=\"https:\/\/www.europesays.com\/pl\/wp-content\/uploads\/2026\/04\/mid-26406011-750x500.jpg\" alt=\"\" class=\"wp-image-749246\"  data-\/>fot. PAP\/\u0141ukasz G\u0105gulski<\/p>\n<p><img loading=\"lazy\" data-lazyloaded=\"1\" data-placeholder-resp=\"750x501\" decoding=\"async\" width=\"750\" height=\"501\" data-id=\"749247\" src=\"https:\/\/www.europesays.com\/pl\/wp-content\/uploads\/2026\/04\/mid-26406013-750x501.jpg\" alt=\"\" class=\"wp-image-749247\"  data-\/>fot. PAP\/\u0141ukasz G\u0105gulski<\/p>\n<p><img loading=\"lazy\" data-lazyloaded=\"1\" data-placeholder-resp=\"750x500\" decoding=\"async\" width=\"750\" height=\"500\" data-id=\"749248\" src=\"https:\/\/www.europesays.com\/pl\/wp-content\/uploads\/2026\/04\/mid-26406012-750x500.jpg\" alt=\"\" class=\"wp-image-749248\"  data-\/>fot. PAP\/\u0141ukasz G\u0105gulski<\/p>\n<p><img loading=\"lazy\" data-lazyloaded=\"1\" data-placeholder-resp=\"750x500\" decoding=\"async\" width=\"750\" height=\"500\" data-id=\"749249\" src=\"https:\/\/www.europesays.com\/pl\/wp-content\/uploads\/2026\/04\/mid-26406016-750x500.jpg\" alt=\"\" class=\"wp-image-749249\"  data-\/>fot. PAP\/\u0141ukasz G\u0105gulski<\/p>\n<p><img loading=\"lazy\" data-lazyloaded=\"1\" data-placeholder-resp=\"750x500\" decoding=\"async\" width=\"750\" height=\"500\" data-id=\"749250\" src=\"https:\/\/www.europesays.com\/pl\/wp-content\/uploads\/2026\/04\/mid-26406015-750x500.jpg\" alt=\"\" class=\"wp-image-749250\"  data-\/>fot. PAP\/\u0141ukasz G\u0105gulski<\/p>\n<p><img loading=\"lazy\" data-lazyloaded=\"1\" data-placeholder-resp=\"750x500\" decoding=\"async\" width=\"750\" height=\"500\" data-id=\"749251\" src=\"https:\/\/www.europesays.com\/pl\/wp-content\/uploads\/2026\/04\/mid-26406017-750x500.jpg\" alt=\"\" class=\"wp-image-749251\"  data-\/>fot. PAP\/\u0141ukasz G\u0105gulski<\/p>\n<p><img loading=\"lazy\" data-lazyloaded=\"1\" data-placeholder-resp=\"750x500\" decoding=\"async\" width=\"750\" height=\"500\" data-id=\"749252\" src=\"https:\/\/www.europesays.com\/pl\/wp-content\/uploads\/2026\/04\/mid-26406019-750x500.jpg\" alt=\"\" class=\"wp-image-749252\"  data-\/>fot. PAP\/\u0141ukasz G\u0105gulski<\/p>\n<p><img loading=\"lazy\" data-lazyloaded=\"1\" data-placeholder-resp=\"750x500\" decoding=\"async\" width=\"750\" height=\"500\" data-id=\"749253\" src=\"https:\/\/www.europesays.com\/pl\/wp-content\/uploads\/2026\/04\/mid-26406018-750x500.jpg\" alt=\"\" class=\"wp-image-749253\"  data-\/>fot. PAP\/\u0141ukasz G\u0105gulski<\/p>\n<p><img loading=\"lazy\" data-lazyloaded=\"1\" data-placeholder-resp=\"750x500\" decoding=\"async\" width=\"750\" height=\"500\" data-id=\"749254\" src=\"https:\/\/www.europesays.com\/pl\/wp-content\/uploads\/2026\/04\/mid-26406020-750x500.jpg\" alt=\"\" class=\"wp-image-749254\"  data-\/>fot. PAP\/\u0141ukasz G\u0105gulski<\/p>\n<p><img loading=\"lazy\" data-lazyloaded=\"1\" data-placeholder-resp=\"750x500\" decoding=\"async\" width=\"750\" height=\"500\" data-id=\"749255\" src=\"https:\/\/www.europesays.com\/pl\/wp-content\/uploads\/2026\/04\/mid-26406021-750x500.jpg\" alt=\"\" class=\"wp-image-749255\"  data-\/>fot. PAP\/\u0141ukasz G\u0105gulski<\/p>\n<p><img loading=\"lazy\" data-lazyloaded=\"1\" data-placeholder-resp=\"750x500\" decoding=\"async\" width=\"750\" height=\"500\" data-id=\"749256\" src=\"https:\/\/www.europesays.com\/pl\/wp-content\/uploads\/2026\/04\/mid-26406022-750x500.jpg\" alt=\"\" class=\"wp-image-749256\"  data-\/>fot. PAP\/\u0141ukasz G\u0105gulski<\/p>\n<p><img loading=\"lazy\" data-lazyloaded=\"1\" data-placeholder-resp=\"750x500\" decoding=\"async\" width=\"750\" height=\"500\" data-id=\"749257\" src=\"https:\/\/www.europesays.com\/pl\/wp-content\/uploads\/2026\/04\/mid-26406023-750x500.jpg\" alt=\"\" class=\"wp-image-749257\"  data-\/>fot. PAP\/\u0141ukasz G\u0105gulski<\/p>\n<p><img loading=\"lazy\" data-lazyloaded=\"1\" data-placeholder-resp=\"750x500\" decoding=\"async\" width=\"750\" height=\"500\" data-id=\"749258\" src=\"https:\/\/www.europesays.com\/pl\/wp-content\/uploads\/2026\/04\/mid-26406025-750x500.jpg\" alt=\"\" class=\"wp-image-749258\"  data-\/>fot. PAP\/\u0141ukasz G\u0105gulski<\/p>\n<p><img loading=\"lazy\" data-lazyloaded=\"1\" data-placeholder-resp=\"750x500\" decoding=\"async\" width=\"750\" height=\"500\" data-id=\"749259\" src=\"https:\/\/www.europesays.com\/pl\/wp-content\/uploads\/2026\/04\/mid-26406024-750x500.jpg\" alt=\"\" class=\"wp-image-749259\"  data-\/>fot. PAP\/\u0141ukasz G\u0105gulski<\/p>\n<p><img loading=\"lazy\" data-lazyloaded=\"1\" data-placeholder-resp=\"750x500\" decoding=\"async\" width=\"750\" height=\"500\" data-id=\"749260\" src=\"https:\/\/www.europesays.com\/pl\/wp-content\/uploads\/2026\/04\/mid-26406026-750x500.jpg\" alt=\"\" class=\"wp-image-749260\"  data-\/>fot. PAP\/\u0141ukasz G\u0105gulski<\/p>\n<p>      Czyta\u0142e\u015b? Wesprzyj nas!<\/p>\n<p>Dzia\u0142amy tak\u017ce dzi\u0119ki Waszej pomocy. Wesprzyj dzia\u0142alno\u015b\u0107 ewangelizacyjn\u0105 naszej redakcji!<\/p>\n","protected":false},"excerpt":{"rendered":"Polska fot. PAP\/\u0141ukasz G\u0105gulski Wiele os\u00f3b w drugi dzie\u0144 \u015bwi\u0105t wielkanocnych odwiedza jarmark Emaus przy klasztorze norbertanek w&hellip;\n","protected":false},"author":2,"featured_media":349928,"comment_status":"","ping_status":"","sticky":false,"template":"","format":"standard","meta":{"footnotes":"","_share_on_mastodon":"0"},"categories":[51606],"tags":[20186,1304,42,38,40,39,41,50699],"class_list":["post-349927","post","type-post","status-publish","format-standard","has-post-thumbnail","category-krakow","tag-jarmark","tag-krakow","tag-pl","tag-poland","tag-polish","tag-polska","tag-polski","tag-wielkanoc"],"share_on_mastodon":{"url":"https:\/\/pubeurope.com\/@pl\/116359350933915353","error":""},"_links":{"self":[{"href":"https:\/\/www.europesays.com\/pl\/wp-json\/wp\/v2\/posts\/349927","targetHints":{"allow":["GET"]}}],"collection":[{"href":"https:\/\/www.europesays.com\/pl\/wp-json\/wp\/v2\/posts"}],"about":[{"href":"https:\/\/www.europesays.com\/pl\/wp-json\/wp\/v2\/types\/post"}],"author":[{"embeddable":true,"href":"https:\/\/www.europesays.com\/pl\/wp-json\/wp\/v2\/users\/2"}],"replies":[{"embeddable":true,"href":"https:\/\/www.europesays.com\/pl\/wp-json\/wp\/v2\/comments?post=349927"}],"version-history":[{"count":0,"href":"https:\/\/www.europesays.com\/pl\/wp-json\/wp\/v2\/posts\/349927\/revisions"}],"wp:featuredmedia":[{"embeddable":true,"href":"https:\/\/www.europesays.com\/pl\/wp-json\/wp\/v2\/media\/349928"}],"wp:attachment":[{"href":"https:\/\/www.europesays.com\/pl\/wp-json\/wp\/v2\/media?parent=349927"}],"wp:term":[{"taxonomy":"category","embeddable":true,"href":"https:\/\/www.europesays.com\/pl\/wp-json\/wp\/v2\/categories?post=349927"},{"taxonomy":"post_tag","embeddable":true,"href":"https:\/\/www.europesays.com\/pl\/wp-json\/wp\/v2\/tags?post=349927"}],"curies":[{"name":"wp","href":"https:\/\/api.w.org\/{rel}","templated":true}]}}