{"id":349973,"date":"2026-04-06T19:49:14","date_gmt":"2026-04-06T19:49:14","guid":{"rendered":"https:\/\/www.europesays.com\/pl\/349973\/"},"modified":"2026-04-06T19:49:14","modified_gmt":"2026-04-06T19:49:14","slug":"przeprowadzila-sie-z-usa-do-polski-nie-dla-ludzi-o-slabych-nerwach","status":"publish","type":"post","link":"https:\/\/www.europesays.com\/pl\/349973\/","title":{"rendered":"Przeprowadzi\u0142a si\u0119 z USA do Polski. &#8222;Nie dla ludzi o s\u0142abych nerwach&#8221;"},"content":{"rendered":"<p class=\"Paragraph_desktopParagraph__U31Gm\">Tiktokerka o nazwie @nataliadiana.co relacjonuje na swoim profilu codzienno\u015b\u0107 po przeprowadzce ze Stan\u00f3w Zjednoczonych do Polski. Kobieta cz\u0119sto opowiada o tym, co zaskoczy\u0142o j\u0105 w naszym kraju. Tym razem poruszy\u0142a temat przetrwania polskiej zimy.<\/p>\n<blockquote>\n<p class=\"Paragraph_desktopParagraph__U31Gm\">&#8222;M\u00f3wi\u0119 to jako osoba, kt\u00f3ra dorasta\u0142a na Florydzie. Pierwsza zima w Polsce to nie jest co\u015b dla ludzi o s\u0142abych nerwach&#8221; <\/p>\n<\/blockquote>\n<p class=\"Paragraph_desktopParagraph__U31Gm\">\u2014 podkre\u015bla tiktokerka.<\/p>\n<p class=\"Paragraph_desktopParagraph__U31Gm\">Amerykanka dodaje, \u017ce nadej\u015bcie cieplejszych dni jest niemal wyzwalaj\u0105ce. &#8222;Kiedy po raz pierwszy po zimie czujesz s\u0142o\u0144ce i bij\u0105ce od niego ciep\u0142o, to jest po prostu najlepsze uczucie na \u015bwiecie&#8221; \u2014 m\u00f3wi.<\/p>\n<p class=\"Paragraph_desktopParagraph__U31Gm\">Tiktokerka przyznaje, \u017ce w wiosenne dni ch\u0119tnie przebywa\u0142a na zewn\u0105trz, by skorzysta\u0107 z pierwszych promieni s\u0142o\u0144ca. &#8222;Po pi\u0119ciu miesi\u0105cach mia\u0142am wra\u017cenie, jakby w og\u00f3le nie istnia\u0142o&#8221; \u2014 puentuje.<\/p>\n<p class=\"Paragraph_desktopParagraph__U31Gm\">&#8222;Jestem zdezorientowana. Jak mo\u017cliwa jest tak radykalna zmiana?&#8221; \u2014 dodaje w opisie nagrania.<\/p>\n<p class=\"Paragraph_desktopParagraph__U31Gm\">Internauci w komentarzach potwierdzili odczucia Amerykanki. &#8222;W Polsce sens zimy polega na tym, \u017ceby\u015b naprawd\u0119 umia\u0142 doceni\u0107 lato&#8221;, &#8222;To moja pierwsza zima tutaj. Dopiero co przeprowadzi\u0142am si\u0119 tu z Teksasu i czuj\u0119 si\u0119 jak kot, kt\u00f3ry siedzi wsz\u0119dzie tam, gdzie akurat w mieszkaniu \u015bwieci s\u0142o\u0144ce!&#8221;, &#8222;Bardzo si\u0119 ciesz\u0119, \u017ce znowu wysz\u0142o s\u0142o\u0144ce i \u017ce jest jakie\u015b 10 st. C na dworze&#8221; \u2014 czytamy komentarze.<\/p>\n","protected":false},"excerpt":{"rendered":"Tiktokerka o nazwie @nataliadiana.co relacjonuje na swoim profilu codzienno\u015b\u0107 po przeprowadzce ze Stan\u00f3w Zjednoczonych do Polski. Kobieta cz\u0119sto&hellip;\n","protected":false},"author":2,"featured_media":349974,"comment_status":"","ping_status":"","sticky":false,"template":"","format":"standard","meta":{"footnotes":"","_share_on_mastodon":"0"},"categories":[12],"tags":[32,33,36,37,1350,27,34,35,28,31,53,56992,25,52,68,51,55,42,38,40,39,41,47,12356,59,29,30,50,26,7441],"class_list":["post-349973","post","type-post","status-publish","format-standard","has-post-thumbnail","category-polska","tag-breaking-news","tag-breakingnews","tag-featured-news","tag-featurednews","tag-floryda","tag-headlines","tag-latest-news","tag-latestnews","tag-naglowki","tag-najwazniejsze-artykuly","tag-new_header","tag-newbb_tst1","tag-news","tag-onet3","tag-onet3d","tag-onet3d_2i","tag-phx","tag-pl","tag-poland","tag-polish","tag-polska","tag-polski","tag-screening_general","tag-slonce_gwiazda","tag-stany_zjednoczone_usa","tag-top-stories","tag-topstories","tag-v2021","tag-wiadomosci","tag-zima"],"share_on_mastodon":{"url":"https:\/\/pubeurope.com\/@pl\/116359500045461262","error":""},"_links":{"self":[{"href":"https:\/\/www.europesays.com\/pl\/wp-json\/wp\/v2\/posts\/349973","targetHints":{"allow":["GET"]}}],"collection":[{"href":"https:\/\/www.europesays.com\/pl\/wp-json\/wp\/v2\/posts"}],"about":[{"href":"https:\/\/www.europesays.com\/pl\/wp-json\/wp\/v2\/types\/post"}],"author":[{"embeddable":true,"href":"https:\/\/www.europesays.com\/pl\/wp-json\/wp\/v2\/users\/2"}],"replies":[{"embeddable":true,"href":"https:\/\/www.europesays.com\/pl\/wp-json\/wp\/v2\/comments?post=349973"}],"version-history":[{"count":0,"href":"https:\/\/www.europesays.com\/pl\/wp-json\/wp\/v2\/posts\/349973\/revisions"}],"wp:featuredmedia":[{"embeddable":true,"href":"https:\/\/www.europesays.com\/pl\/wp-json\/wp\/v2\/media\/349974"}],"wp:attachment":[{"href":"https:\/\/www.europesays.com\/pl\/wp-json\/wp\/v2\/media?parent=349973"}],"wp:term":[{"taxonomy":"category","embeddable":true,"href":"https:\/\/www.europesays.com\/pl\/wp-json\/wp\/v2\/categories?post=349973"},{"taxonomy":"post_tag","embeddable":true,"href":"https:\/\/www.europesays.com\/pl\/wp-json\/wp\/v2\/tags?post=349973"}],"curies":[{"name":"wp","href":"https:\/\/api.w.org\/{rel}","templated":true}]}}