{"id":350103,"date":"2026-04-06T21:40:13","date_gmt":"2026-04-06T21:40:13","guid":{"rendered":"https:\/\/www.europesays.com\/pl\/350103\/"},"modified":"2026-04-06T21:40:13","modified_gmt":"2026-04-06T21:40:13","slug":"realme-16-pro-ze-zwrotem-300-zl-jest-najlepszy-do-2000-zl","status":"publish","type":"post","link":"https:\/\/www.europesays.com\/pl\/350103\/","title":{"rendered":"realme 16 Pro+ ze zwrotem 300 z\u0142 jest najlepszy do 2000 z\u0142"},"content":{"rendered":"<p class=\"lead\">Jaki telefon za ok. 2000 z\u0142otych kupi\u0107? Moj\u0105 odpowiedzi\u0105 na te pytanie jest realme 16 Pro+ w najnowszej promocji ze zwrotem a\u017c 300 z\u0142otych od producenta. Model ten wygrywa z konkurencj\u0105 aparatem i bateri\u0105. To najlepsza okazja na ten smartfon od dnia premiery serii realme 16 Pro w Polsce.<\/p>\n<p>Ostatnio mia\u0142em okazj\u0119 a\u017c przez <a href=\"https:\/\/www.gsmmaniak.pl\/1646805\/dwumiesieczny-test-serii-realme-16-pro\/\" rel=\"nofollow noopener\" target=\"_blank\">dwa miesi\u0105ce testowa\u0107 najnowsze smartfony realme w Polsce<\/a>, w tym realme 16 Pro+. Dosta\u0142em wi\u0119cej czasu od wi\u0119kszo\u015bci tester\u00f3w na sprawdzenie jego mo\u017cliwo\u015bci i to pozwoli\u0142o mi oceni\u0107 go jako jeden z najlepszych telefon\u00f3w ze \u015bredniej p\u00f3\u0142ki.<\/p>\n<p>Je\u015bli my\u015blisz podobnie, ale chcesz kupi\u0107 ten telefon w ni\u017cszej cenie ni\u017c premierowa, to mam dla Ciebie informacj\u0119 o promocji, dzi\u0119ki kt\u00f3rej zaoszcz\u0119dzisz a\u017c 300 z\u0142otych.<\/p>\n<p>realme 16 Pro+ w promocji ze zwrotem 300 z\u0142otych<\/p>\n<p>realme wraz z partnerami odpali\u0142o promocj\u0119 ze zwrotem (cashback) a\u017c 300 z\u0142otych za zakup realme 16 Pro+ w dniach od 6 do 26 kwietnia 2026 roku. W akcji bior\u0105 udzia\u0142 <a href=\"https:\/\/realmeshop.pl\/lp\/realme-16-pro-series-promocja\" rel=\"nofollow noopener\" target=\"_blank\">oficjalny sklep realme<\/a>, a tak\u017ce <a href=\"https:\/\/track.performers.tech\/aff_c?offer_id=1860&amp;aff_id=3864&amp;aff_sub2=link&amp;source=gsmmaniak&amp;url=https%3A%2F%2Fwww.mediaexpert.pl%2Fsearch%3Fquery%255Bmenu_item%255D%3D13170%26query%255Bquerystring%255D%3Drealme%2B16%2BPro%2BPlus%3Futm_source%3DPPME%26utm_medium%3Ddeeplink-hyb%26utm_campaign%3D{date}%26utm_content%3D{affiliate_id}%26Partner_ID%3D{aff_sub}%26transaction_id%3D{transaction_id}\" rel=\"nofollow noopener\" target=\"_blank\">Media Expert<\/a>, <a href=\"https:\/\/clk.tradedoubler.com\/click?p=118512&amp;a=1519650&amp;epi=link&amp;url=https%3A%2F%2Fwww.euro.com.pl%2Fsearch2.bhtml%3Fkeyword%3Drealme%2B16%2BPro%252B\" rel=\"nofollow noopener\" target=\"_blank\">RTV EURO AGD<\/a> czy <a href=\"https:\/\/www.x-kom.pl\/g-4\/c\/1590-smartfony-i-telefony.html?badge=26298-cashback-300-zl&amp;sm=techmaniak\" rel=\"nofollow noopener\" target=\"_blank\">x-kom<\/a>.<\/p>\n<p>Poni\u017csza grafika wyja\u015bni Ci, jak odzyska\u0107 od producenta wspomniane 300 z\u0142. Kliknij na ni\u0105, by j\u0105 powi\u0119kszy\u0107:<\/p>\n<p><a href=\"https:\/\/www.gsmmaniak.pl\/wp-content\/uploads\/gsmmaniak\/2026\/04\/realme-16-pro-plus-promocja-300-zl-zwrotu.jpg\" rel=\"lightbox-post4 nofollow noopener\" target=\"_blank\"><img loading=\"lazy\" decoding=\"async\" aria-describedby=\"caption-attachment-1649506\" src=\"https:\/\/www.europesays.com\/pl\/wp-content\/uploads\/2026\/04\/realme-16-pro-plus-promocja-300-zl-zwrotu-medium.jpg\" alt=\"realme 16 Pro+ promocja 300 z\u0142 zwrotu\" width=\"500\" height=\"188\" class=\"size-medium wp-image-1649506\"   itemprop=\"image\" \/><\/a><\/p>\n<p id=\"caption-attachment-1649506\" class=\"wp-caption-text\">Tak odbierzesz 300 z\u0142 zwrotu za zakup realme 16 Pro+ u partner\u00f3w promocji<\/p>\n<p>Ile zap\u0142acisz wi\u0119c ostatecznie po zwrocie? realme 16 Pro+ w wersji 8\/256 GB b\u0119dzie Ci\u0119 kosztowa\u0142 1999 z\u0142otych, a w wariancie 12\/512 GB 2199 z\u0142otych. Moim zdaniem dop\u0142acenie 200 z\u0142otych do dodatkowych 4 GB RAM i podwojenia pami\u0119ci to wr\u0119cz z\u0142oty interes, zw\u0142aszcza w tych czasach.<\/p>\n<p>W\u015br\u00f3d telefon\u00f3w za ~2000 z\u0142 realme u mnie wygrywa<\/p>\n<p>Czy gdybym mia\u0142 dzi\u015b kupi\u0107 sobie telefon za ok. 2000 z\u0142otych, postawi\u0142bym w\u0142a\u015bnie na realme 16 Pro+? Model ten by\u0142by jednym z moich faworyt\u00f3w, bo <a href=\"https:\/\/www.ceneo.pl\/Smartfony;n2000.htm#pid=525\" rel=\"nofollow noopener\" target=\"_blank\">w tej cenie<\/a> trudno o jednoznacznie lepsze smartfony. Najmocniejszymi konkurentami s\u0105 teraz <a href=\"https:\/\/www.ceneo.pl\/182960687#pid=525\" rel=\"nofollow noopener\" target=\"_blank\">Motorola Edge 60 Pro<\/a> i <a href=\"https:\/\/www.ceneo.pl\/183610286#pid=525\" rel=\"nofollow noopener\" target=\"_blank\">realme GT 7T<\/a>, czyli aktualni liderzy <a href=\"https:\/\/www.gsmmaniak.pl\/1637086\/jaki-telefon-do-2000-zlotych-kupic-ranking\/\" rel=\"nofollow noopener\" target=\"_blank\">rankingu najlepszych telefon\u00f3w do 2000 z\u0142<\/a>.<\/p>\n<p><a href=\"https:\/\/www.gsmmaniak.pl\/wp-content\/uploads\/gsmmaniak\/2026\/04\/realme-16-pro-plus-9-scaled.jpg\" rel=\"nofollow noopener\" target=\"_blank\"><img loading=\"lazy\" decoding=\"async\" aria-describedby=\"caption-attachment-1649502\" src=\"https:\/\/www.europesays.com\/pl\/wp-content\/uploads\/2026\/04\/realme-16-pro-plus-9-scaled-medium.jpg\" alt=\"realme 16 Pro+\" width=\"500\" height=\"284\" class=\"size-medium wp-image-1649502\"   \/><\/a><\/p>\n<p id=\"caption-attachment-1649502\" class=\"wp-caption-text\">realme 16 Pro+ \/ fot. Damian Kucharski, gsmManiaK.pl<\/p>\n<p>Oto kluczowe przewagi tych modeli nad dwoma konkurentami:<\/p>\n<ul>\n<li>realme 16 Pro+ ma najlepszy aparat g\u0142\u00f3wny i teleobiektyw oraz najja\u015bniejszy ekran, a do tego wygrywa czasem pracy dzi\u0119ki po\u0142\u0105czeniu imponuj\u0105cej baterii 7000 mAh z najbardziej energooszcz\u0119dnym procesorem w\u015br\u00f3d por\u00f3wnywanej tr\u00f3jki,\n<\/li>\n<li>realme GT 7T ma zdecydowanie najmocniejszy procesor i najszybsze \u0142adowanie w tym zestawieniu,\n<\/li>\n<li>Motorola Edge 60 Pro wygrywa obiektywem ultraszerokok\u0105tnym i obecno\u015bci\u0105 \u0142adowania bezprzewodowego, kt\u00f3rego oba telefony realme nie maj\u0105.\n<\/li>\n<\/ul>\n<p>To od Ciebie i Twoich preferencji zale\u017cy, na kt\u00f3ry telefon postawisz. Jednak ja wybra\u0142bym realme 16 Pro+. Jak wspomnia\u0142em wcze\u015bniej, mia\u0142em czas by dobrze pozna\u0107 ten smartfon i swoim ca\u0142okszta\u0142tem odpowiada mi on najbardziej. Zw\u0142aszcza swoj\u0105 bateri\u0105, kt\u00f3ra wr\u0119cz nie chce si\u0119 roz\u0142adowa\u0107.<\/p>\n<p>A Ty masz swojego faworyta w\u015br\u00f3d telefon\u00f3w za ok. 2000 z\u0142?<\/p>\n<blockquote class=\"wp-embedded-content\" data-secret=\"T0Y6U1hz3H\">\n<p><a href=\"https:\/\/www.gsmmaniak.pl\/1646805\/dwumiesieczny-test-serii-realme-16-pro\/\" rel=\"nofollow noopener\" target=\"_blank\">To najlepszy aparat w telefonach ze \u015bredniej p\u00f3\u0142ki. D\u0142ugoterminowy test realme 16 Pro(+)<\/a><\/p>\n<\/blockquote>\n<p>Nie przegap kolejnej promocji<\/p>\n<p><a href=\"https:\/\/www.facebook.com\/Lowcy.Promocji\" target=\"_blank\" rel=\"nofollow noopener\"><img decoding=\"async\" class=\"aligncenter size-medium wp-image-592466\" src=\"https:\/\/www.europesays.com\/pl\/wp-content\/uploads\/2026\/03\/pasek-fb-lowcy-promocji.png\" alt=\"\u0141owcy Promocji techManiaK.PL\" \/><\/a><\/p>\n<p>Je\u017celi szukasz przecen i promocji i nie chcesz przegapi\u0107 dobrych okazji, zach\u0119cam do \u015bledzenia naszego maniaKalnego profilu <a href=\"https:\/\/www.facebook.com\/Lowcy.Promocji\" target=\"_self\" rel=\"nofollow noopener\">\u0141owcy Promocji na facebooku<\/a>. Codziennie sprawdzamy co ciekawego mo\u017cna znale\u017a\u0107 w Sieci.<\/p>\n","protected":false},"excerpt":{"rendered":"Jaki telefon za ok. 2000 z\u0142otych kupi\u0107? Moj\u0105 odpowiedzi\u0105 na te pytanie jest realme 16 Pro+ w najnowszej&hellip;\n","protected":false},"author":2,"featured_media":312951,"comment_status":"","ping_status":"","sticky":false,"template":"","format":"standard","meta":{"footnotes":"","_share_on_mastodon":"0"},"categories":[20],"tags":[120,118,119,42,38,40,39,41,60423,50344,116,114,115,121,117],"class_list":["post-350103","post","type-post","status-publish","format-standard","has-post-thumbnail","category-nauka-i-technika","tag-nauka","tag-nauka-i-technika","tag-naukatechnika","tag-pl","tag-poland","tag-polish","tag-polska","tag-polski","tag-realme-16-pro-300-zl-zwrotu","tag-realme-16-pro-promocja","tag-science","tag-science-and-technology","tag-sciencetechnology","tag-technika","tag-technology"],"share_on_mastodon":{"url":"https:\/\/pubeurope.com\/@pl\/116359936503659677","error":""},"_links":{"self":[{"href":"https:\/\/www.europesays.com\/pl\/wp-json\/wp\/v2\/posts\/350103","targetHints":{"allow":["GET"]}}],"collection":[{"href":"https:\/\/www.europesays.com\/pl\/wp-json\/wp\/v2\/posts"}],"about":[{"href":"https:\/\/www.europesays.com\/pl\/wp-json\/wp\/v2\/types\/post"}],"author":[{"embeddable":true,"href":"https:\/\/www.europesays.com\/pl\/wp-json\/wp\/v2\/users\/2"}],"replies":[{"embeddable":true,"href":"https:\/\/www.europesays.com\/pl\/wp-json\/wp\/v2\/comments?post=350103"}],"version-history":[{"count":0,"href":"https:\/\/www.europesays.com\/pl\/wp-json\/wp\/v2\/posts\/350103\/revisions"}],"wp:featuredmedia":[{"embeddable":true,"href":"https:\/\/www.europesays.com\/pl\/wp-json\/wp\/v2\/media\/312951"}],"wp:attachment":[{"href":"https:\/\/www.europesays.com\/pl\/wp-json\/wp\/v2\/media?parent=350103"}],"wp:term":[{"taxonomy":"category","embeddable":true,"href":"https:\/\/www.europesays.com\/pl\/wp-json\/wp\/v2\/categories?post=350103"},{"taxonomy":"post_tag","embeddable":true,"href":"https:\/\/www.europesays.com\/pl\/wp-json\/wp\/v2\/tags?post=350103"}],"curies":[{"name":"wp","href":"https:\/\/api.w.org\/{rel}","templated":true}]}}