{"id":351102,"date":"2026-04-07T11:22:07","date_gmt":"2026-04-07T11:22:07","guid":{"rendered":"https:\/\/www.europesays.com\/pl\/351102\/"},"modified":"2026-04-07T11:22:07","modified_gmt":"2026-04-07T11:22:07","slug":"barcelona-chce-sprzedac-dwoch-pilkarzy-jedno-nazwisko-szokuje","status":"publish","type":"post","link":"https:\/\/www.europesays.com\/pl\/351102\/","title":{"rendered":"Barcelona chce sprzeda\u0107 dw\u00f3ch pi\u0142karzy. Jedno nazwisko szokuje"},"content":{"rendered":"\n<p class=\"contentpart contentpart--default contentpart--text\" data-position=\"0\"><a href=\"https:\/\/sportowefakty.wp.pl\/pilka-nozna\/fc-barcelona\" rel=\"nofollow noopener\" target=\"_blank\">FC Barcelona<\/a>\u00a0skupia si\u0119 obecnie na decyduj\u0105cej cz\u0119\u015bci sezonu. Katalo\u0144czycy s\u0105 blisko obrony mistrzostwa Hiszpanii, a dodatkowo licz\u0105 si\u0119 w grze o triumf w Lidze Mistrz\u00f3w. W\u0142adze klubu wybiegaj\u0105 ju\u017c jednak my\u015blami w kierunku kolejnych rozgrywek.<\/p>\n<p class=\"contentpart contentpart--default contentpart--text\" data-position=\"1\">W hiszpa\u0144skich mediach pojawi\u0142y si\u0119 informacje na temat plan\u00f3w transferowych Barcelony. Jak ustali\u0142 dziennik &#8222;Sport&#8221;, &#8222;Duma Katalonii&#8221; planuje latem sprzeda\u0107 dw\u00f3ch zawodnik\u00f3w.\u00a0Celem ma by\u0107 poprawienie sytuacji finansowej klubu i spe\u0142nienie warunk\u00f3w limitu p\u0142acowego, co u\u0142atwi rejestracj\u0119 nowych zawodnik\u00f3w.<\/p>\n<p>  <img decoding=\"async\" src=\"https:\/\/v.wpimg.pl\/X3dwLnN2d1IFFTpdYUl6R0ZNbgcnEHQREVV2TGEGbUtRT2MdOlZ2RBQUKABgQjQcDRotCStBd1IAAWMeIlM7VgwYIAorQAdEFFk_GCkQJQ\" alt=\"\" width=\"45\" height=\"58\" loading=\"lazy\"\/>  <\/p>\n<p class=\"contentpart contentpart--default contentpart--text\" data-position=\"2\">ZOBACZ WIDEO: Jest podopiecznym Brz\u0119czka. Tak wygl\u0105da\u0142 dzie\u0144 na zgrupowaniu<\/p>\n<p class=\"contentpart contentpart--default contentpart--text\" data-position=\"4\">Pierwszym kandydatem do sprzeda\u017cy ma by\u0107 <a href=\"https:\/\/sportowefakty.wp.pl\/pilka-nozna\/marc-casado\" rel=\"nofollow noopener\" target=\"_blank\">Marc Casado<\/a>. 22-latek w poprzednim sezonie wywalczy\u0142 miejsce w sk\u0142adzie Barcelony. Zadebiutowa\u0142 te\u017c w reprezentacji Hiszpanii po solidnych wyst\u0119pach m.in. przeciw Bayernowi Monachium i Realowi Madryt. W tym roku nie prezentuje jednak tak dobrej formy.<\/p>\n<p class=\"contentpart contentpart--default contentpart--text\" data-position=\"5\">&#8222;Sport&#8221; podaje, \u017ce Casado \u0142\u0105czono ostatnio m.in. z kierunkiem saudyjskim, a tak\u017ce z wariantem rozliczenia z Al-Hilal w sprawie pozostania Joao Cancelo. Media zaznaczaj\u0105 jednocze\u015bnie, \u017ce pi\u0142karz ma kontrakt do 2028 r. i sygnalizowa\u0142 ch\u0119\u0107 zostania w Barcelonie.<\/p>\n<p class=\"contentpart contentpart--default contentpart--text\" data-position=\"6\">Drugim nazwiskiem ma by\u0107 <a href=\"https:\/\/sportowefakty.wp.pl\/pilka-nozna\/ferran-torres\" rel=\"nofollow noopener\" target=\"_blank\">Ferran Torres<\/a>. Skrzyd\u0142owy po udanym 2025 roku obni\u017cy\u0142 skuteczno\u015b\u0107, a na bramk\u0119 czeka od stycznia. Hiszpanie podkre\u015blaj\u0105, \u017ce cho\u0107 sp\u0119dzi\u0142 on na murawie wi\u0119cej czasu od <a href=\"https:\/\/sportowefakty.wp.pl\/pilka-nozna\/robert-lewandowski\" rel=\"nofollow noopener\" target=\"_blank\">Roberta Lewandowskiego<\/a>, nie prze\u0142o\u017cy\u0142o si\u0119 to na zdobycze bramkowe. Do\u015b\u0107 stwierdzi\u0107, \u017ce obaj napastnicy maj\u0105 na koncie po 12 trafie\u0144.<\/p>\n<p>  <img decoding=\"async\" src=\"https:\/\/v.wpimg.pl\/X3dwLnN2d1IFFTpdYUl6R0ZNbgcnEHQREVV2TGEGbUtRT2MdOlZ2RBQUKABgQjQcDRotCStBd1IAAWMeIlM7VgwYIAorQAdEFFk_GCkQJQ\" alt=\"\" width=\"45\" height=\"58\" loading=\"lazy\"\/>  <\/p>\n<p class=\"contentpart contentpart--default contentpart--text\" data-position=\"7\">Ch\u0119\u0107 sprzeda\u017cy Torresa to bardzo dobre informacje dla Lewandowskiego. Polak ca\u0142y czas utrzymuje, \u017ce chcia\u0142by zosta\u0107 w Barcelonie, jednak jego przysz\u0142o\u015b\u0107 w klubie pozostaje niepewna. Cho\u0107 prezes <a href=\"https:\/\/sportowefakty.wp.pl\/pilka-nozna\/joan-laporta\" rel=\"nofollow noopener\" target=\"_blank\">Joan Laporta<\/a>\u00a0niedawno przyzna\u0142, \u017ce chcia\u0142by pozostawi\u0107 naszego napastnika na kolejny rok, niczego jeszcze nie uzgodniono.<\/p>\n<p class=\"contentpart contentpart--default contentpart--text\" data-position=\"8\">Kontrakt Ferrana Torresa w Barcelonie wygasa w przysz\u0142ym roku. Klub w jego miejsce mo\u017ce postara\u0107 si\u0119 o Juliana Alvareza z Atletico Madryt lub Alessandro Bastoniego z Interu Mediolan.<\/p>\n","protected":false},"excerpt":{"rendered":"FC Barcelona\u00a0skupia si\u0119 obecnie na decyduj\u0105cej cz\u0119\u015bci sezonu. Katalo\u0144czycy s\u0105 blisko obrony mistrzostwa Hiszpanii, a dodatkowo licz\u0105 si\u0119&hellip;\n","protected":false},"author":2,"featured_media":351103,"comment_status":"","ping_status":"","sticky":false,"template":"","format":"standard","meta":{"footnotes":"","_share_on_mastodon":"0"},"categories":[24],"tags":[272,4888,538,51476,269,540,42,38,40,39,41,273,127,126],"class_list":["post-351102","post","type-post","status-publish","format-standard","has-post-thumbnail","category-sport","tag-fc-barcelona","tag-ferran-torres","tag-la-liga","tag-marc-casado","tag-pilka-nozna","tag-pilka-nozna-w-hiszpanii","tag-pl","tag-poland","tag-polish","tag-polska","tag-polski","tag-robert-lewandowski","tag-sport","tag-sports"],"share_on_mastodon":{"url":"https:\/\/pubeurope.com\/@pl\/116363168531762685","error":""},"_links":{"self":[{"href":"https:\/\/www.europesays.com\/pl\/wp-json\/wp\/v2\/posts\/351102","targetHints":{"allow":["GET"]}}],"collection":[{"href":"https:\/\/www.europesays.com\/pl\/wp-json\/wp\/v2\/posts"}],"about":[{"href":"https:\/\/www.europesays.com\/pl\/wp-json\/wp\/v2\/types\/post"}],"author":[{"embeddable":true,"href":"https:\/\/www.europesays.com\/pl\/wp-json\/wp\/v2\/users\/2"}],"replies":[{"embeddable":true,"href":"https:\/\/www.europesays.com\/pl\/wp-json\/wp\/v2\/comments?post=351102"}],"version-history":[{"count":0,"href":"https:\/\/www.europesays.com\/pl\/wp-json\/wp\/v2\/posts\/351102\/revisions"}],"wp:featuredmedia":[{"embeddable":true,"href":"https:\/\/www.europesays.com\/pl\/wp-json\/wp\/v2\/media\/351103"}],"wp:attachment":[{"href":"https:\/\/www.europesays.com\/pl\/wp-json\/wp\/v2\/media?parent=351102"}],"wp:term":[{"taxonomy":"category","embeddable":true,"href":"https:\/\/www.europesays.com\/pl\/wp-json\/wp\/v2\/categories?post=351102"},{"taxonomy":"post_tag","embeddable":true,"href":"https:\/\/www.europesays.com\/pl\/wp-json\/wp\/v2\/tags?post=351102"}],"curies":[{"name":"wp","href":"https:\/\/api.w.org\/{rel}","templated":true}]}}