{"id":351833,"date":"2026-04-07T18:37:16","date_gmt":"2026-04-07T18:37:16","guid":{"rendered":"https:\/\/www.europesays.com\/pl\/351833\/"},"modified":"2026-04-07T18:37:16","modified_gmt":"2026-04-07T18:37:16","slug":"skm-warszawa-przypomina-o-duzych-utrudnieniach-na-linii-s1","status":"publish","type":"post","link":"https:\/\/www.europesays.com\/pl\/351833\/","title":{"rendered":"SKM Warszawa przypomina o du\u017cych utrudnieniach na linii S1"},"content":{"rendered":"<p>Od 12 do 26 kwietnia zostanie wstrzymany ruch poci\u0105g\u00f3w na odcinku Warszawa Wawer \u2013 Otwock. Pasa\u017cer\u00f3w czekaj\u0105 istotne zmiany w kursowaniu Szybkiej Kolei Miejskiej oraz Kolei Mazowieckich.<\/p>\n<p>W tych dniach poci\u0105gi SKM linii S1 oraz Kolei Mazowieckich jad\u0105ce od strony Warszawy dojad\u0105 tylko do stacji Warszawa Wawer. Linia S1 b\u0119dzie kursowa\u0142a z podstawow\u0105 cz\u0119stotliwo\u015bci\u0105 dw\u00f3ch poci\u0105g\u00f3w w ci\u0105gu godziny, co oko\u0142o 30 minut.<\/p>\n<p>Zarz\u0105d Transportu Miejskiego uruchomi autobusow\u0105 komunikacj\u0119 zast\u0119pcz\u0105 \u2013 lini\u0119 ZS1. Autobusy ZS1 b\u0119d\u0105 kursowa\u0142y:<\/p>\n<p>na trasie PKP WAWER \u2013 Widoczna \u2013 Patriot\u00f3w (strona zachodnia) \u2013 J\u00f3zef\u00f3w \u2013 Otwock \u2013 PKP OTWOCK,z cz\u0119stotliwo\u015bci\u0105 co 10 minut w szczycie oraz co 15 minut poza szczytem i w niedziele.<\/p>\n<p>W Wawrze autobusy zatrzymaj\u0105 si\u0119 na przystanku przy ul. Widocznej, tu\u017c przy wej\u015bciu na stacj\u0119. W Otwocku tymczasowa p\u0119tla autobusowa zostanie zorganizowana po wschodniej stronie stacji kolejowej.\u00a0Autobusy zast\u0119pcze zapewni\u0105 tak\u017ce Koleje Mazowieckie.<\/p>\n<p>Wzmocniona zostanie linia 521. Na odcinku PKP Falenica \u2013 Rondo Wiatraczna autobusy b\u0119d\u0105 kursowa\u0107 co 5 minut (w godzinach szczytu) i co 7,5 minuty (poza szczytem), a na pe\u0142nej trasie do Dworca Centralnego pojad\u0105 z dotychczasow\u0105 cz\u0119stotliwo\u015bci\u0105. Dodatkowo, uruchomiona zostanie autobusowa linia 229, kt\u00f3ra po\u0142\u0105czy PKP Falenica z Metrem Imielin (przez Most Anny Jagiellonki). Autobusy b\u0119d\u0105 kursowa\u0142y z cz\u0119stotliwo\u015bci\u0105 co 15 minut w dni powszednie i co 30 minut w soboty i \u015bwi\u0119ta.<\/p>\n<p>Pasa\u017cerowie mog\u0105 r\u00f3wnie\u017c skorzysta\u0107 z linii 319, kt\u00f3r\u0105 z rejonu PKP Mi\u0119dzylesie mo\u017cna dojecha\u0107 do Metra Imielin.<\/p>\n<p>Honorowanie bilet\u00f3w WTP i Kolei Mazowieckich<\/p>\n<p>Od 12 kwietnia w poci\u0105gach oraz autobusach komunikacji zast\u0119pczej Kolei Mazowieckich b\u0119d\u0105 honorowane wszystkie bilety WTP na odcinku Warszawa Zachodnia \u2013 Warszawa Wschodnia \u2013 Warszawa Wawer \u2013 Otwock.<\/p>\n<p>Wszystkie bilety Kolei Mazowieckich b\u0119d\u0105 honorowane w poci\u0105gach SKM na odcinku Warszawa Zachodnia \u2013 Warszawa Wawer \u2013 Otwock oraz w autobusach kursuj\u0105cych wzd\u0142u\u017c linii kolejowej nr 7:<\/p>\n<p>na ca\u0142ej trasie linii ZS1 (PKP Otwock \u2013 PKP Wawer);521 na odcinku Wiatraczna \u2013 Falenica;115 na odcinku PKP Mi\u0119dzylesie \u2013 PKP Falenica;142 na odcinku PKP Falenica \u2013 Wiatraczna;213 na odcinku PKP Falenica \u2013 PKP Anin;219 na odcinku PKP Rado\u015b\u0107 \u2013 PKP Anin;319 na odcinku PKP Mi\u0119dzylesie \u2013 Szachowa.<\/p>\n<p>Szczeg\u00f3\u0142owe informacja o wzajemnym honorowaniu oraz zasadach kasowania bilet\u00f3w ZTM w poci\u0105gach KM s\u0105 dost\u0119pne na <a href=\"https:\/\/www.wtp.waw.pl\/newsy\/2026\/04\/01\/kolej-wawer-0412\/\" target=\"_blank\" rel=\"noopener noreferrer nofollow\">stronie WTP<\/a>.<\/p>\n<p>Od 27 kwietnia powr\u00f3t poci\u0105g\u00f3w na jeden tor<\/p>\n<p>Od 27 kwietnia poci\u0105gi SKM oraz Kolei Mazowieckich wr\u00f3c\u0105 na odcinek Wawer \u2013 Otwock, ale b\u0119d\u0105 korzysta\u0107 tylko z jednego toru. Na tym odcinku linia S1 b\u0119dzie kursowa\u0142a raz na godzin\u0119. Mi\u0119dzy Pruszkowem a Warszaw\u0105 Wawer poci\u0105gi S1 pojad\u0105 z cz\u0119stotliwo\u015bci\u0105 dwa razy w ci\u0105gu godziny.<\/p>\n<p>Od 27 kwietnia pasa\u017cerowie b\u0119d\u0105 korzystali z tymczasowych peron\u00f3w i przej\u015b\u0107 dla pieszych, kt\u00f3re wykonawca wybuduje w pierwszym etapie prac modernizacyjnych.<\/p>\n<p>W zwi\u0105zku z przywr\u00f3ceniem ruchu na odcinku Wawer \u2013 Otwock, Zarz\u0105d Transportu Miejskiego planuje likwidacj\u0119 zast\u0119pczej linii ZS1.\u00a0<\/p>\n","protected":false},"excerpt":{"rendered":"Od 12 do 26 kwietnia zostanie wstrzymany ruch poci\u0105g\u00f3w na odcinku Warszawa Wawer \u2013 Otwock. Pasa\u017cer\u00f3w czekaj\u0105 istotne&hellip;\n","protected":false},"author":2,"featured_media":351834,"comment_status":"","ping_status":"","sticky":false,"template":"","format":"standard","meta":{"footnotes":"","_share_on_mastodon":"0"},"categories":[51605],"tags":[60992,12954,42,38,40,39,41,9300,435,13315],"class_list":["post-351833","post","type-post","status-publish","format-standard","has-post-thumbnail","category-warszawa","tag-linia-otwocka","tag-otwock","tag-pl","tag-poland","tag-polish","tag-polska","tag-polski","tag-skm-warszawa","tag-warszawa","tag-warszawa-wawer"],"share_on_mastodon":{"url":"https:\/\/pubeurope.com\/@pl\/116364879099190648","error":""},"_links":{"self":[{"href":"https:\/\/www.europesays.com\/pl\/wp-json\/wp\/v2\/posts\/351833","targetHints":{"allow":["GET"]}}],"collection":[{"href":"https:\/\/www.europesays.com\/pl\/wp-json\/wp\/v2\/posts"}],"about":[{"href":"https:\/\/www.europesays.com\/pl\/wp-json\/wp\/v2\/types\/post"}],"author":[{"embeddable":true,"href":"https:\/\/www.europesays.com\/pl\/wp-json\/wp\/v2\/users\/2"}],"replies":[{"embeddable":true,"href":"https:\/\/www.europesays.com\/pl\/wp-json\/wp\/v2\/comments?post=351833"}],"version-history":[{"count":0,"href":"https:\/\/www.europesays.com\/pl\/wp-json\/wp\/v2\/posts\/351833\/revisions"}],"wp:featuredmedia":[{"embeddable":true,"href":"https:\/\/www.europesays.com\/pl\/wp-json\/wp\/v2\/media\/351834"}],"wp:attachment":[{"href":"https:\/\/www.europesays.com\/pl\/wp-json\/wp\/v2\/media?parent=351833"}],"wp:term":[{"taxonomy":"category","embeddable":true,"href":"https:\/\/www.europesays.com\/pl\/wp-json\/wp\/v2\/categories?post=351833"},{"taxonomy":"post_tag","embeddable":true,"href":"https:\/\/www.europesays.com\/pl\/wp-json\/wp\/v2\/tags?post=351833"}],"curies":[{"name":"wp","href":"https:\/\/api.w.org\/{rel}","templated":true}]}}