{"id":352694,"date":"2026-04-08T05:52:06","date_gmt":"2026-04-08T05:52:06","guid":{"rendered":"https:\/\/www.europesays.com\/pl\/352694\/"},"modified":"2026-04-08T05:52:06","modified_gmt":"2026-04-08T05:52:06","slug":"fbi-alarmowalo-w-sprawie-iranu-raport-o-stalym-zagrozeniu","status":"publish","type":"post","link":"https:\/\/www.europesays.com\/pl\/352694\/","title":{"rendered":"FBI alarmowa\u0142o w sprawie Iranu. Raport o &#8222;sta\u0142ym zagro\u017ceniu&#8221;"},"content":{"rendered":"\n<p>Jakie s\u0105 nowe doniesienia?<\/p>\n<p>Tymczasem Reuters opisa\u0142 raport FBI i agencji wywiadowczych, kt\u00f3ry 20 marca mia\u0142 ostrzega\u0107 stanowe i lokalne organy \u015bcigania przed &#8222;sta\u0142ym zagro\u017ceniem&#8221; ze strony Iranu dla personelu oraz budynk\u00f3w wojskowych i rz\u0105dowych USA, instytucji \u017cydowskich czy ira\u0144skich dysydent\u00f3w w USA. &#8222;Gwa\u0142towni ekstremi\u015bci o r\u00f3\u017cnym pod\u0142o\u017cu ideologicznym, w tym przeciwnicy Stan\u00f3w Zjednoczonych lub Izraela, r\u00f3wnie\u017c mog\u0105 postrzega\u0107 ten konflikt jako uzasadnienie dla stosowania przemocy&#8221; \u2014 stwierdzono w raporcie.<\/p>\n","protected":false},"excerpt":{"rendered":"Jakie s\u0105 nowe doniesienia? Tymczasem Reuters opisa\u0142 raport FBI i agencji wywiadowczych, kt\u00f3ry 20 marca mia\u0142 ostrzega\u0107 stanowe&hellip;\n","protected":false},"author":2,"featured_media":352695,"comment_status":"","ping_status":"","sticky":false,"template":"","format":"standard","meta":{"footnotes":"","_share_on_mastodon":"0"},"categories":[14],"tags":[32,33,44,5406,27,663,34,35,28,31,48,25,46,40,41,47,80,29,30,71,70,26,82,83,84],"class_list":["post-352694","post","type-post","status-publish","format-standard","has-post-thumbnail","category-swiat","tag-breaking-news","tag-breakingnews","tag-donald_trump","tag-fbi","tag-headlines","tag-iran","tag-latest-news","tag-latestnews","tag-naglowki","tag-najwazniejsze-artykuly","tag-nat_styl","tag-news","tag-omp","tag-polish","tag-polski","tag-screening_general","tag-swiat","tag-top-stories","tag-topstories","tag-usa","tag-w_skrocie","tag-wiadomosci","tag-world","tag-world-news","tag-worldnews"],"share_on_mastodon":{"url":"https:\/\/pubeurope.com\/@pl\/116367533314696641","error":""},"_links":{"self":[{"href":"https:\/\/www.europesays.com\/pl\/wp-json\/wp\/v2\/posts\/352694","targetHints":{"allow":["GET"]}}],"collection":[{"href":"https:\/\/www.europesays.com\/pl\/wp-json\/wp\/v2\/posts"}],"about":[{"href":"https:\/\/www.europesays.com\/pl\/wp-json\/wp\/v2\/types\/post"}],"author":[{"embeddable":true,"href":"https:\/\/www.europesays.com\/pl\/wp-json\/wp\/v2\/users\/2"}],"replies":[{"embeddable":true,"href":"https:\/\/www.europesays.com\/pl\/wp-json\/wp\/v2\/comments?post=352694"}],"version-history":[{"count":0,"href":"https:\/\/www.europesays.com\/pl\/wp-json\/wp\/v2\/posts\/352694\/revisions"}],"wp:featuredmedia":[{"embeddable":true,"href":"https:\/\/www.europesays.com\/pl\/wp-json\/wp\/v2\/media\/352695"}],"wp:attachment":[{"href":"https:\/\/www.europesays.com\/pl\/wp-json\/wp\/v2\/media?parent=352694"}],"wp:term":[{"taxonomy":"category","embeddable":true,"href":"https:\/\/www.europesays.com\/pl\/wp-json\/wp\/v2\/categories?post=352694"},{"taxonomy":"post_tag","embeddable":true,"href":"https:\/\/www.europesays.com\/pl\/wp-json\/wp\/v2\/tags?post=352694"}],"curies":[{"name":"wp","href":"https:\/\/api.w.org\/{rel}","templated":true}]}}