{"id":352870,"date":"2026-04-08T07:44:12","date_gmt":"2026-04-08T07:44:12","guid":{"rendered":"https:\/\/www.europesays.com\/pl\/352870\/"},"modified":"2026-04-08T07:44:12","modified_gmt":"2026-04-08T07:44:12","slug":"mop-na-metropolitalnej-kiedy-bedzie-gotowy","status":"publish","type":"post","link":"https:\/\/www.europesays.com\/pl\/352870\/","title":{"rendered":"MOP na Metropolitalnej &#8211; kiedy b\u0119dzie gotowy?"},"content":{"rendered":"<p>            <a href=\"https:\/\/s-trojmiasto.pl\/zdj\/c\/n\/9\/4290\/934x0\/4290128-Miejsce-Obslugi-Podroznych-Zdjecie-pogladowe__c_445_5_934_611.webp\" target=\"_blank\" data-slide-name=\"828702\" data-lightbox-target=\"photo full\" data-sub-html=\"&lt;h4&gt;Miejsce Obs\u0142ugi Podr\u00f3\u017cnych. Zdj\u0119cie pogl\u0105dowe. &lt;\/h4&gt;&lt;p&gt;fot. GDDKiA&lt;\/p&gt;&#010;\" class=\"photoMarker__link\" data-filter-brightness=\"brightness--100\" rel=\"nofollow noopener\"><\/p>\n<p>    <img decoding=\"async\" style=\"height:490px; aspect-ratio: 1.52864\/1; filter:brightness(1);\" alt=\"Miejsce Obs\u0142ugi Podr\u00f3\u017cnych. Zdj\u0119cie pogl\u0105dowe. \" src=\"https:\/\/www.europesays.com\/pl\/wp-content\/uploads\/2026\/04\/4290128-Miejsce-Obslugi-Podroznych-Zdjecie-pogladowe__c_445_5_934_611.webp.webp\" class=\"photoMarker__img \" data-slider=\"img\" fetchpriority=\"high\"\/><\/p>\n<p>            <\/a><\/p>\n<p class=\"lead\">Miejsce Obs\u0142ugi Podr\u00f3\u017cnych to wydzielona strefa przy autostradach i\u00a0drogach ekspresowych, wyposa\u017cona w\u00a0parkingi, toalety i\u00a0infrastruktur\u0119 wypoczynkow\u0105. Ju\u017c niebawem teren ten zostanie oddany do u\u017cytku dla os\u00f3b korzystaj\u0105cych z\u00a0Obwodnicy Metropolii Tr\u00f3jmiejskiej. <\/p>\n<p>                                raczej nie, a jak ju\u017c to bardziej po \u015brodku OMT<br \/>\n                                11%<\/p>\n<p>                                nie, MOP nie jest potrzebny na OMT<br \/>\n                                7%<\/p>\n<p>W Polsce istnieje ponad 260 MOP-\u00f3w, podzielonych na trzy klasy: od podstawowych z\u00a0parkingiem (I), przez stacje paliw (II), po obiekty z\u00a0restauracjami i\u00a0hotelami (III). <\/p>\n<p>W drugim kwartale tego roku gotowe do u\u017cytku b\u0119d\u0105 dwa MOP-y przy OMT. Zlokalizowane s\u0105 na <a data-tklik=\"973191\" href=\"https:\/\/mapa.trojmiasto.pl\/#\/location\/-348.68,316.52\/map\/-312.27,291.98,2,b\" onclick=\"openMap(this.href); return false;\" target=\"_blank\" title=\"zobacz na mapie Sopotu\" rel=\"nofollow noopener\">wysoko\u015bci Widlina<img decoding=\"async\" class=\"icon-map\" src=\"https:\/\/www.trojmiasto.pl\/_img\/svg\/ico-map-flat.svg\" alt=\"Mapka\"\/><\/a>, w\u00a0obu kierunkach, mi\u0119dzy W\u0119z\u0142ami Lublewo Gda\u0144skie i\u00a0\u017bukowo. Zarz\u0105dca drogi nie podaje konkretnej daty uruchomienia MOP-\u00f3w (Widlino P\u00f3\u0142noc i\u00a0Widlino Po\u0142udnie).<\/p>\n<p><a href=\"https:\/\/www.trojmiasto.pl\/moto\/Czy-na-Obwodnicy-Metropolitalnej-bedzie-stacja-paliw-n217299.html\" data-tklik=\"976125\" class=\"marker-news component newsMarker\" rel=\"nofollow noopener\" target=\"_blank\"><br \/>\n            <img decoding=\"async\" src=\"https:\/\/www.europesays.com\/pl\/wp-content\/uploads\/2026\/04\/4285914__c_0_0_6173_4321__kr.webp.webp\" alt=\"Czy na Obwodnicy Metropolitalnej b\u0119dzie stacja paliw?\" class=\"lazy newsMarker__img\"\/><br \/>\n        Czy na Obwodnicy Metropolitalnej b\u0119dzie stacja paliw?<br \/>\n<\/a><\/p>\n<p>Zagospodarowanie MOP obejmuje: budynek sanitariatu, oczyszczalni\u0119 \u015bciek\u00f3w, miejsca kontroli i\u00a0wa\u017cenia pojazd\u00f3w, zbiornik przeciwpo\u017carowy (ppo\u017c.), elementy ma\u0142ej architektury i\u00a0inne wyposa\u017cenie, teren pod budow\u0119 og\u00f3lnodost\u0119pnej stacji \u0142adowania pojazd\u00f3w elektrycznych, a\u00a0tak\u017ce stanowiska postojowe wraz z\u00a0drogami manewrowymi i\u00a0o\u015bwietleniem terenu.<\/p>\n<p>Opr\u00f3cz opisanych parking\u00f3w i\u00a0obiekt\u00f3w kubaturowych dla ka\u017cdego z\u00a0nich nale\u017cy zaprojektowa\u0107 i\u00a0wybudowa\u0107: zadaszone miejsca piknikowe wraz z\u00a0elementami s\u0142u\u017c\u0105cymi do wypoczynku (np. \u0142awki, sto\u0142y), miejsce zabaw dla dzieci, punkty czerpania wody pitnej, hydranty dla potrzeb stra\u017cy po\u017carnej, kontenery na odpady, 3 zestawy \u015bmietnik\u00f3w pozwalaj\u0105ce na segregacj\u0119 odpad\u00f3w, rozmieszczone w\u00a0ka\u017cdej ze stref oraz przy toalecie, stacj\u0119 transformatorow\u0105, stanowisko do zrzutu \u015bciek\u00f3w z\u00a0autokar\u00f3w, telewizj\u0119 przemys\u0142ow\u0105.<\/p>\n<p>Wiadomo, \u017ce p\u00f3ki co nie jest planowane wybudowanie i\u00a0uruchomienie stacji paliw na OMT, cho\u0107 trzeba przyzna\u0107, \u017ce MOP-y w\u00a0Widlinie by\u0142yby bardzo dobr\u0105 lokalizacj\u0105. <\/p>\n","protected":false},"excerpt":{"rendered":"Miejsce Obs\u0142ugi Podr\u00f3\u017cnych to wydzielona strefa przy autostradach i\u00a0drogach ekspresowych, wyposa\u017cona w\u00a0parkingi, toalety i\u00a0infrastruktur\u0119 wypoczynkow\u0105. Ju\u017c niebawem teren&hellip;\n","protected":false},"author":2,"featured_media":352871,"comment_status":"","ping_status":"","sticky":false,"template":"","format":"standard","meta":{"footnotes":"","_share_on_mastodon":"0"},"categories":[51610],"tags":[7750,3112,14818,7648,7702,61223,61220,14816,31689,61099,61231,27879,61228,52086,1048,1856,61237,27944,2089,27287,9558,61238,614,11573,35762,24584,61225,58077,61234,61235,14814,38246,14817,14815,1232,61233,24573,61219,61224,2431,16253,61232,9387,42,26304,38,40,39,41,1367,61236,56471,11541,38857,14819,9104,13224,61229,29126,61240,61241,61230,54607,7891,21828,9882,61242,11588,3355,14805,1813,14820,61226,8944,24572,61222,61218,56551,21547,61221,11549,61227,61239],"class_list":["post-352870","post","type-post","status-publish","format-standard","has-post-thumbnail","category-gdansk","tag-artykuly","tag-auto","tag-autohandel","tag-autostrada","tag-budowa","tag-budynek-sanitariatu","tag-czesc-nr-2","tag-czesci-zamienne","tag-data","tag-droga-ekspresowa","tag-droga-manewrowa","tag-element","tag-element-malej-architektury","tag-estakada","tag-gdansk","tag-gddkia","tag-hydrant","tag-informacja","tag-infrastruktura","tag-kategoria","tag-komis","tag-kontener-na-odpady","tag-kontrakt","tag-kwartal","tag-lawka","tag-metropolitalna","tag-miejsce-kontroli","tag-miejsce-obslugi-podroznych","tag-miejsce-piknikowe","tag-miejsce-zabaw-dla-dzieci","tag-modele","tag-mop","tag-moto","tag-motocykle","tag-motoryzacja","tag-obiekt-kubaturowy","tag-obwodnica-metropolii-trojmiejskiej","tag-obwodnica-metropolii-trojmiejskiej-z-podzialem-na-2-czesci","tag-oczyszczalnia-sciekow","tag-odcinek","tag-omt","tag-oswietlenie-terenu","tag-parking","tag-pl","tag-planowanie","tag-poland","tag-polish","tag-polska","tag-polski","tag-porady","tag-punkt-czerpania-wody-pitnej","tag-radunia","tag-realizacja","tag-rejon","tag-salon-samochodowy","tag-samochody","tag-segregacja-odpadow","tag-stacja-ladowania-pojazdu-elektrycznego","tag-stacja-paliw","tag-stacja-transformatorowa","tag-stanowisko-dla-zrzutu-sciekow-z-autokarow","tag-stanowisko-postojowe","tag-stol","tag-straz-pozarna","tag-strefa","tag-strona","tag-telewizja-przemyslowa","tag-teren","tag-testy","tag-toaleta","tag-trasa","tag-uslugi-motoryzacyjne","tag-wazenie-pojazdu","tag-wezel","tag-wezel-gdansk-poludnie","tag-wezel-zukowo","tag-widlino","tag-wypoczynek","tag-wyposazenie","tag-zadanie-2","tag-zagospodarowanie","tag-zbiornik-przeciwpozarowy","tag-zestaw-smietnikow"],"share_on_mastodon":{"url":"","error":"Validation failed: Text character limit of 500 exceeded"},"_links":{"self":[{"href":"https:\/\/www.europesays.com\/pl\/wp-json\/wp\/v2\/posts\/352870","targetHints":{"allow":["GET"]}}],"collection":[{"href":"https:\/\/www.europesays.com\/pl\/wp-json\/wp\/v2\/posts"}],"about":[{"href":"https:\/\/www.europesays.com\/pl\/wp-json\/wp\/v2\/types\/post"}],"author":[{"embeddable":true,"href":"https:\/\/www.europesays.com\/pl\/wp-json\/wp\/v2\/users\/2"}],"replies":[{"embeddable":true,"href":"https:\/\/www.europesays.com\/pl\/wp-json\/wp\/v2\/comments?post=352870"}],"version-history":[{"count":0,"href":"https:\/\/www.europesays.com\/pl\/wp-json\/wp\/v2\/posts\/352870\/revisions"}],"wp:featuredmedia":[{"embeddable":true,"href":"https:\/\/www.europesays.com\/pl\/wp-json\/wp\/v2\/media\/352871"}],"wp:attachment":[{"href":"https:\/\/www.europesays.com\/pl\/wp-json\/wp\/v2\/media?parent=352870"}],"wp:term":[{"taxonomy":"category","embeddable":true,"href":"https:\/\/www.europesays.com\/pl\/wp-json\/wp\/v2\/categories?post=352870"},{"taxonomy":"post_tag","embeddable":true,"href":"https:\/\/www.europesays.com\/pl\/wp-json\/wp\/v2\/tags?post=352870"}],"curies":[{"name":"wp","href":"https:\/\/api.w.org\/{rel}","templated":true}]}}