{"id":353383,"date":"2026-04-08T12:28:19","date_gmt":"2026-04-08T12:28:19","guid":{"rendered":"https:\/\/www.europesays.com\/pl\/353383\/"},"modified":"2026-04-08T12:28:19","modified_gmt":"2026-04-08T12:28:19","slug":"polska-20-gospodarka-swiata-tak-pisza-o-nas-media","status":"publish","type":"post","link":"https:\/\/www.europesays.com\/pl\/353383\/","title":{"rendered":"Polska 20. gospodark\u0105 \u015bwiata. Tak pisz\u0105 o nas media"},"content":{"rendered":"<p>Polska dwudziest\u0105 gospodark\u0105 \u015bwiata <\/p>\n<p class=\"Paragraph_desktopParagraph__U31Gm\">W kraju informacja o narodowym sukcesie jest interpretowana r\u00f3\u017cnie \u2014 zale\u017cnie od przyj\u0119tej narracji. Dla jednych stanowi potwierdzenie awansu gospodarczego, dla innych jest punktem wyj\u015bcia do podkre\u015blania rozbie\u017cno\u015bci mi\u0119dzy statystykami a codziennym do\u015bwiadczeniem.<\/p>\n<p class=\"Paragraph_desktopParagraph__U31Gm\">Informacja Mi\u0119dzynarodowego Funduszu Walutowego z ko\u0144ca 2025 roku, okre\u015blaj\u0105ca Polsk\u0119 jako 20. gospodark\u0119 \u015bwiata, by\u0142a tematem ch\u0119tnie podejmowanym przez zagranicznych dziennikarzy w pierwszym kwartale 2026 roku. Po tym, jak 16 marca agencja Associated Press opublikowa\u0142a tekst &#8222;Polska jest obecnie w\u015br\u00f3d 20 najwi\u0119kszych gospodarek \u015bwiata. Jak do tego dosz\u0142o?&#8221;, zacytowa\u0142y go 292 redakcje internetowe w 33 krajach \u2014 od NBC News i &#8222;Los Angeles Times&#8221; po brytyjski &#8222;The Independent&#8221;. Najwi\u0119cej materia\u0142\u00f3w ukaza\u0142o si\u0119 na portalach ze Stan\u00f3w Zjednoczonych (187), na kolejnych miejscach na podium znalaz\u0142y si\u0119 Indie (20) i Szwecja (16).<\/p>\n<p><img decoding=\"async\" class=\"Image_image__0tuHp Image_autoHeight__f2n87 \" height=\"587\" width=\"469\" src=\"https:\/\/www.europesays.com\/pl\/wp-content\/uploads\/2026\/04\/qhtk9kpTURBXy84OTRkMjA3ZWNhYTk2OTY3YWZiNGU3NTczM2Y3YmQ3YS5wbmeSlQLNA6wAwsOVAgDNAkvCw94AA6EwAaExAaEzw.jpeg\" alt=\"IMM Polska 20 gospodark\u0105 \u015bwiata - zagranica\" loading=\"lazy\" \/>Partner Instytut Monitorowania Medi\u00f3w<\/p>\n<p>IMM Polska 20 gospodark\u0105 \u015bwiata &#8211; zagranica<\/p>\n<p class=\"Paragraph_desktopParagraph__U31Gm\">\u015awiatowe serwisy internetowe w swoich komunikatach si\u0119ga\u0142y po szerszy kontekst: histori\u0119 polskiej transformacji po 1989 r., konsekwentne reformy i odporno\u015b\u0107 na gospodarcze turbulencje ostatnich lat. Wskazywa\u0142y te\u017c na mocne fundamenty rozwoju \u2014 stabilne instytucje ograniczaj\u0105ce korupcj\u0119, dobrze wykszta\u0142cone m\u0142ode pokolenie, pe\u0142n\u0105 integracj\u0119 z rynkiem UE oraz rosn\u0105c\u0105 rol\u0119 innowacji i zaawansowanych technologii.<\/p>\n<p class=\"Paragraph_desktopParagraph__U31Gm\">\u2014 W zagranicznych przekazach Polska przesta\u0142a by\u0107 opisywana jako &#8222;wschodz\u0105cy rynek&#8221;, a zacz\u0119\u0142a by\u0107 traktowana jako dojrza\u0142y partner gospodarczy, okre\u015blany mianem &#8222;europejskiego czempiona wzrostu&#8221;. Wskazywana jest jako przyk\u0142ad modelu rozwoju, kt\u00f3ry od czasu upadku komunizmu dokona\u0142 historycznego skoku cywilizacyjnego \u2014 zaznacza Tomasz Lubieniecki, Kierownik Dzia\u0142u Raport\u00f3w Medialnych w IMM.<\/p>\n<p>Przeprowad\u017a si\u0119 do Polski <\/p>\n<p class=\"Paragraph_desktopParagraph__U31Gm\">Szczeg\u00f3lnie wymowna by\u0142a zmiana tonu komunikacji w mediach zachodnioeuropejskich. Londy\u0144ski &#8222;The Times&#8221; opublikowa\u0142 poradnik dla Brytyjczyk\u00f3w rozwa\u017caj\u0105cych przeprowadzk\u0119 do Polski \u2014 tekst zachwalaj\u0105cy rosn\u0105c\u0105 jako\u015b\u0107 \u017cycia, coraz mocniejsz\u0105 pozycj\u0119 kraju na europejskiej mapie i atrakcyjno\u015b\u0107 jako miejsca do \u017cycia i prowadzenia biznesu.<\/p>\n<p class=\"Paragraph_desktopParagraph__U31Gm\">\u2014 Taka publikacja jeszcze dekad\u0119 temu by\u0142aby nie do pomy\u015blenia w kontek\u015bcie por\u00f3wnania Europy \u015arodkowo-Wschodniej z Zachodem \u2014 zauwa\u017ca ekspert IMM.<\/p>\n<p class=\"Paragraph_desktopParagraph__U31Gm\">&#8222;Gospodarcza pot\u0119ga Polski&#8221; zosta\u0142a tak\u017ce wspomniana przez przedstawicielk\u0119 administracji prezydenta USA podczas mi\u0119dzynarodowej konferencji CPAC w Teksasie, a s\u0142owacki pose\u0142 J\u00falius Jakab skomentowa\u0142 awans s\u0105siada w swoich social mediach z wyra\u017anym uznaniem: &#8222;Ten kraj si\u0119 rozwija. Maj\u0105 czterokrotnie wy\u017cszy wzrost gospodarczy ni\u017c my. W tempie wzrostu gospodarczego wyprzedzili Singapur, wyprzedzili Hongkong, wyprzedzili \u015bwiatowe pot\u0119gi. Polska znalaz\u0142a si\u0119 w\u015br\u00f3d 20 najsilniejszych gospodarek \u015bwiata&#8221; \u2014 podkre\u015bla\u0142 w nagraniu.<\/p>\n<p>Polska pot\u0119ga gospodarcza w rodzimych mediach <\/p>\n<p class=\"Paragraph_desktopParagraph__U31Gm\">W kraju temat awansu Polski na 20. pozycj\u0119 w zestawieniu MFW by\u0142 od stycznia do marca 2026 roku opisywany w 2,3 tys. publikacjach w mediach klasycznych (prasa, radio, telewizja, portale informacyjne). Ich zasi\u0119g wyni\u00f3s\u0142 77,5 mln potencjalnych kontakt\u00f3w z przekazem. W mediach spo\u0142eczno\u015bciowych ukaza\u0142o si\u0119 27 tys. post\u00f3w i komentarzy, kt\u00f3re uzyska\u0142y 6,8 mln kontakt\u00f3w z przekazem. \u0141\u0105czny zasi\u0119g wszystkich tych tre\u015bci przek\u0142ada si\u0119 na \u015brednio 3 kontakty z przekazem na statystycznego odbiorc\u0119 w Polsce w wieku od 15 roku \u017cycia.<\/p>\n<p><img decoding=\"async\" class=\"Image_image__0tuHp Image_autoHeight__f2n87 \" height=\"587\" width=\"939\" src=\"https:\/\/www.europesays.com\/pl\/wp-content\/uploads\/2026\/04\/EpOk9kpTURBXy9mM2ExMGNiM2QyODVlMDQyMTMzMjgyMmQyYzlkYmNmMy5wbmeSlQLNA6wAwsOVAgDNAkvCw94AA6EwAaExAaEzw.jpeg\" alt=\"IMM Polska 20 gospodark\u0105 \u015bwiata - zasi\u0119g\" loading=\"lazy\" \/>Partner Instytut Monitorowania Medi\u00f3w<\/p>\n<p>IMM Polska 20 gospodark\u0105 \u015bwiata &#8211; zasi\u0119g<\/p>\n<p class=\"Paragraph_desktopParagraph__U31Gm\">Najwi\u0119kszy dzienny zasi\u0119g \u2014 ponad 4,7 mln kontakt\u00f3w z przekazem \u2014 przypad\u0142 na 26 lutego, kiedy minister spraw zagranicznych Rados\u0142aw Sikorski wspomnia\u0142 o polskim awansie gospodarczym w swoim expos\u00e9.<\/p>\n<p><img decoding=\"async\" class=\"Image_image__0tuHp Image_autoHeight__f2n87 \" height=\"587\" width=\"939\" src=\"https:\/\/www.europesays.com\/pl\/wp-content\/uploads\/2026\/04\/gk_k9kpTURBXy9mNGJiNDE4YTYzZTcwYjY3Y2Q5YmExZjI0Y2U5NDZhOC5wbmeSlQLNA6wAwsOVAgDNAkvCw94AA6EwAaExAaEzw.jpeg\" alt=\"IMM Polska 20 gospodark\u0105 \u015bwiata - trend\" loading=\"lazy\" \/>Partner Instytut Monitorowania Medi\u00f3w<\/p>\n<p>IMM Polska 20 gospodark\u0105 \u015bwiata &#8211; trend<\/p>\n<p class=\"Paragraph_desktopParagraph__U31Gm\">Liderem pod wzgl\u0119dem liczby publikacji w polskich mediach klasycznych okaza\u0142a si\u0119 stacja wPolsce24 ze 101 materia\u0142ami \u2014 wi\u0119cej ni\u017c TVP Info (53), Polsat News (45) i Polskie Radio 24 (38). Redakcja po\u015bwi\u0119ca\u0142a jednak temu tematowi tyle uwagi nie po to, by \u015bwi\u0119towa\u0107 sukces.<\/p>\n<p class=\"Paragraph_desktopParagraph__U31Gm\">Informacja o awansie za rz\u0105d\u00f3w obecnej koalicji sta\u0142a si\u0119 pretekstem do narracji krytycznej: &#8222;S\u0142yszymy w r\u00f3\u017cnych mediach, na r\u00f3\u017cnych obrazkach, jak to pi\u0119knie jest w Polsce, jak to dobrze jest w Polsce, dwudziesta gospodarka \u015bwiata, wzrost PKB, same pi\u0119kne rzeczy, tylko \u017ce w tabelce w Excelu. A Polska i polskie rodziny to nie jest Excel. Polacy nie \u017cyj\u0105 w statystykach, Polacy \u017cyj\u0105 przy kuchennym stole&#8221; czy &#8222;20. gospodarka \u015bwiata nie potrafi drogi od\u015bnie\u017cy\u0107&#8221;.<\/p>\n<p><img decoding=\"async\" class=\"Image_image__0tuHp Image_autoHeight__f2n87 \" height=\"587\" width=\"939\" src=\"https:\/\/www.europesays.com\/pl\/wp-content\/uploads\/2026\/04\/Rpkk9kpTURBXy81ZmUwODA0YWZmM2YwYzUxZGQ5NjZhNTIyMjQwNjc3Yy5wbmeSlQLNA6wAwsOVAgDNAkvCw94AA6EwAaExAaEzw.jpeg\" alt=\"IMM Polska 20 gospodark\u0105 \u015bwiata - autorzy\" loading=\"lazy\" \/>Partner Instytut Monitorowania Medi\u00f3w<\/p>\n<p>IMM Polska 20 gospodark\u0105 \u015bwiata &#8211; autorzy<\/p>\n<p>Polscy internauci o sukcesie gospodarczym kraju <\/p>\n<p class=\"Paragraph_desktopParagraph__U31Gm\">W mediach spo\u0142eczno\u015bciowych w I kwartale br. temat zebra\u0142 \u0142\u0105cznie ponad 369 tys. interakcji (reakcji, komentarzy i udost\u0119pnie\u0144) i ujawni\u0142 g\u0142\u0119boki podzia\u0142 polskiej przestrzeni cyfrowej. Pierwszy nurt opisywa\u0142 awans Polski jako obiektywny dow\u00f3d na &#8222;cud gospodarczy&#8221; i owoc ci\u0119\u017ckiej pracy przedsi\u0119biorc\u00f3w. Dla tej grupy u\u017cytkownik\u00f3w status ten jest powodem do g\u0142\u0119bokiej dumy narodowej i s\u0142u\u017cy jako impuls do dalszej ekspansji gospodarczej oraz budowania suwerenno\u015bci pod has\u0142em &#8222;Powered by Poland&#8221;.<\/p>\n<p class=\"Paragraph_desktopParagraph__U31Gm\">Z drugiej strony, to samo has\u0142o o sukcesie by\u0142o wykorzystywane do wytykania brak\u00f3w w jako\u015bci \u017cycia obywateli. Sceptyczni komentatorzy u\u017cywaj\u0105 statystyk jako benchmarku, kt\u00f3ry ich zdaniem nie przek\u0142ada si\u0119 na codzienno\u015b\u0107, zadaj\u0105c retoryczne pytania o to, dlaczego w tak silnej gospodarce emeryci musz\u0105 wybiera\u0107 mi\u0119dzy lekami a jedzeniem, a koszty energii staj\u0105 si\u0119 luksusem.<\/p>\n<p class=\"Paragraph_desktopParagraph__U31Gm\">Debata w przestrzeni cyfrowej koncentrowa\u0142a si\u0119 r\u00f3wnie\u017c na aspiracjach Polski do sta\u0142ej obecno\u015bci w grupie G20, co jest postrzegane jako historyczny moment i ukoronowanie pracy pokole\u0144. Podczas gdy zwolennicy tej wizji upatruj\u0105 w tym szansy na umocnienie pozycji Polski jako nowoczesnego i silnego gracza, sceptycy zachowuj\u0105 pragmatyzm. Wskazuj\u0105 oni, \u017ce sama wielko\u015b\u0107 PKB to za ma\u0142o, a wyzwania takie jak demografia, innowacyjno\u015b\u0107 i stabilno\u015b\u0107 prawa mog\u0105 w przysz\u0142o\u015bci zdecydowa\u0107 o tym, czy Polska na sta\u0142e utrzyma si\u0119 w gronie najsilniejszych gospodarek \u015bwiata.<\/p>\n<p class=\"Paragraph_desktopParagraph__U31Gm\">\u2014 Podczas gdy na portalach zagranicznych przekaz MFW o Polsce wzmacnia obraz naszego pa\u0144stwa jako stabilnej, rozwini\u0119tej gospodarki, w kraju ta sama informacja cz\u0119sto staje si\u0119 punktem odniesienia w polaryzuj\u0105cych spo\u0142ecze\u0144stwo sporach politycznych. To pokazuje, w jak r\u00f3\u017cny spos\u00f3b mo\u017ce by\u0107 interpretowany przez media i internaut\u00f3w dok\u0142adnie ten sam zestaw danych. Dla jednych okre\u015blenie &#8222;20. gospodarka \u015bwiata&#8221; jest dowodem sukcesu, dla innych \u2014 pretekstem do podkre\u015blania rozbie\u017cno\u015bci pomi\u0119dzy statystykami a codziennym do\u015bwiadczeniem \u2014 zauwa\u017ca Tomasz Lubieniecki z IMM.<\/p>\n<p class=\"Paragraph_desktopParagraph__U31Gm\">Analiz\u0119 przeprowadzono na podstawie przekaz\u00f3w w polskiej prasie, radiu, telewizji, portalach internetowych, social mediach oraz na zagranicznych portalach internetowych opublikowanych w dn. 1.01-31.03.2026 r.<\/p>\n","protected":false},"excerpt":{"rendered":"Polska dwudziest\u0105 gospodark\u0105 \u015bwiata W kraju informacja o narodowym sukcesie jest interpretowana r\u00f3\u017cnie \u2014 zale\u017cnie od przyj\u0119tej narracji.&hellip;\n","protected":false},"author":2,"featured_media":353384,"comment_status":"","ping_status":"","sticky":false,"template":"","format":"standard","meta":{"footnotes":"","_share_on_mastodon":"0"},"categories":[12],"tags":[244,105,31520,1816,53,52,68,51,55,42,38,40,39,41,47,50],"class_list":["post-353383","post","type-post","status-publish","format-standard","has-post-thumbnail","category-polska","tag-ctr_tst","tag-ekonomia","tag-instytut_monitorowania_mediow","tag-mm","tag-new_header","tag-onet3","tag-onet3d","tag-onet3d_2i","tag-phx","tag-pl","tag-poland","tag-polish","tag-polska","tag-polski","tag-screening_general","tag-v2021"],"share_on_mastodon":{"url":"https:\/\/pubeurope.com\/@pl\/116369090577264781","error":""},"_links":{"self":[{"href":"https:\/\/www.europesays.com\/pl\/wp-json\/wp\/v2\/posts\/353383","targetHints":{"allow":["GET"]}}],"collection":[{"href":"https:\/\/www.europesays.com\/pl\/wp-json\/wp\/v2\/posts"}],"about":[{"href":"https:\/\/www.europesays.com\/pl\/wp-json\/wp\/v2\/types\/post"}],"author":[{"embeddable":true,"href":"https:\/\/www.europesays.com\/pl\/wp-json\/wp\/v2\/users\/2"}],"replies":[{"embeddable":true,"href":"https:\/\/www.europesays.com\/pl\/wp-json\/wp\/v2\/comments?post=353383"}],"version-history":[{"count":0,"href":"https:\/\/www.europesays.com\/pl\/wp-json\/wp\/v2\/posts\/353383\/revisions"}],"wp:featuredmedia":[{"embeddable":true,"href":"https:\/\/www.europesays.com\/pl\/wp-json\/wp\/v2\/media\/353384"}],"wp:attachment":[{"href":"https:\/\/www.europesays.com\/pl\/wp-json\/wp\/v2\/media?parent=353383"}],"wp:term":[{"taxonomy":"category","embeddable":true,"href":"https:\/\/www.europesays.com\/pl\/wp-json\/wp\/v2\/categories?post=353383"},{"taxonomy":"post_tag","embeddable":true,"href":"https:\/\/www.europesays.com\/pl\/wp-json\/wp\/v2\/tags?post=353383"}],"curies":[{"name":"wp","href":"https:\/\/api.w.org\/{rel}","templated":true}]}}