{"id":353460,"date":"2026-04-08T13:14:09","date_gmt":"2026-04-08T13:14:09","guid":{"rendered":"https:\/\/www.europesays.com\/pl\/353460\/"},"modified":"2026-04-08T13:14:09","modified_gmt":"2026-04-08T13:14:09","slug":"lodz-rusza-pierwszy-etap-przebudowy-przystankow-na-wezle-przy-manufakturze","status":"publish","type":"post","link":"https:\/\/www.europesays.com\/pl\/353460\/","title":{"rendered":"\u0141\u00f3d\u017a. Rusza pierwszy etap przebudowy przystank\u00f3w na w\u0119\u017ale przy Manufakturze"},"content":{"rendered":"<p>Rozpoczyna si\u0119 zapowiadany remont wa\u017cnego zespo\u0142u przystank\u00f3w autobusowych Zachodnia \u2013 Manufaktura. To wa\u017cny w\u0119ze\u0142 przesiadkowy \u0142\u0105cz\u0105cy linie autobusowe i tramwajowe. W pierwszym etapie prace b\u0119d\u0105 prowadzone na jezdni w kierunku ulicy Limanowskiego i dalej w kierunku Radogoszcza.  <\/p>\n<p>Na ul. Zachodniej, w rejonie centrum handlowego znajduje si\u0119 <a href=\"https:\/\/www.transport-publiczny.pl\/wiadomosci\/lodz-szykuje-sie-przebudowa-przystankow-przy-manufakturze-88576.html\" target=\"_blank\" rel=\"nofollow noopener\">zesp\u00f3\u0142 przystankowy Zachodnia \u2013 Manufaktura<\/a>, z\u0142o\u017cony z czterech przystank\u00f3w: dw\u00f3ch tramwajowych i dw\u00f3ch autobusowych. Te ostatnie powsta\u0142y sporo p\u00f3\u017aniej ni\u017c przebudowa trasy tzw. \u0141\u00f3dzkiego Tramwaju Regionalnego. <\/p>\n<p>W wakacje przystanki autobusowe przy Manufakturze po nowemu <\/p>\n<p>Pomimo r\u00f3\u017cnych roszad w siatce po\u0142\u0105cze\u0144 autobusowych w ostatnich latach, wspomniane przystanki ciesz\u0105 si\u0119 popularno\u015bci\u0105 po\u015br\u00f3d pasa\u017cer\u00f3w \u2013 zatrzymuj\u0105 si\u0119 tam autobusy 59 i 96 oraz kilka linii nocnych. Dodatkowo, po uruchomieniu tunelu \u015brednicowego cz\u0119\u015b\u0107 pasa\u017cer\u00f3w mo\u017ce przesiada\u0107 si\u0119 tu z powstaj\u0105cego przy ul. Ogrodowej przystanku \u0141\u00f3d\u017a Polesie.<\/p>\n<p><img decoding=\"async\" src=\"https:\/\/www.europesays.com\/pl\/wp-content\/uploads\/2026\/04\/2026040813185520260408PrzystankiAutobusoweZachodniaPoczatek3fotUML.JPG\"\/><\/p>\n<p>Fot. Urz\u0105d Miasta \u0141odzi | Przebudowane zostan\u0105 przystanki po stronie parku i Manufaktury (na zdj\u0119ciu)<\/p>\n<p>Inwestycja, za kt\u00f3r\u0105 <a href=\"https:\/\/www.rynek-kolejowy.pl\/wiadomosci\/lodz-ponad-3-mln-na-remont-przystankow-i-drogi-rowerowej-przy-manufakturze-127085.html\" target=\"_blank\" rel=\"nofollow noopener\">odpowiada sp\u00f3\u0142ka \u0141\u00f3dzkie Inwestycje a jej wykonawc\u0105 jest \u0142\u00f3dzki Larkbud<\/a>, zak\u0142ada kompleksow\u0105 przebudow\u0119 przystank\u00f3w \u2013 po stronie Manufaktury oraz po stronie Parku Staromiejskiego. Obydwa perony zostan\u0105 wyd\u0142u\u017cone do 40 metr\u00f3w, co pozwoli zatrzyma\u0107 si\u0119 dw\u00f3m autobusom przegubowym lub trzem autobusom 12-metrowym. <\/p>\n<p>Prace obejm\u0105 przede wszystkim betonowanie jezdni w strefie przystankowej. Ka\u017cdy z przebudowanych peron\u00f3w b\u0119dzie wy\u0142o\u017cony p\u0142ytami w kolorze grafitowym oraz p\u0142ytami wska\u017anikowymi dla os\u00f3b z niepe\u0142nosprawno\u015bci\u0105 wzroku. Zabudowany zostanie tak\u017ce kraw\u0119\u017cnikiem polimerobetonowym, kt\u00f3ry umo\u017cliwia najazd ko\u0142a autobusu maksymalnie blisko kraw\u0119dzi peronu. <\/p>\n<p>Po przebudowie na obydwu peronach znajd\u0105 si\u0119 wiaty, \u0142awki oraz wy\u015bwietlacze Systemu Informacji Pasa\u017cerskiej, kt\u00f3rych do tej pory tam nie by\u0142o. W \u0141odzi stosowane s\u0105 dwustronne, sze\u015bciowierszowe tablice z diodami koloru bursztynowego oraz z trybem g\u0142osowym uruchamianym za pomoc\u0105 przycisku. <\/p>\n<p>Od \u015brody, 8 kwietnia zaplanowano pierwszy etap inwestycji, kt\u00f3ry obejmuje peron i przylegaj\u0105cy do niego pas ruchu po stronie Parku Staromiejskiego. Drugi za oko\u0142o dwa miesi\u0105ce obejmie peron po stronie Manufaktury i cz\u0119\u015b\u0107 pasa do skr\u0119tu w prawo. Zako\u0144czenie inwestycji powinno nast\u0105pi\u0107 oko\u0142o po\u0142owy lipca.<\/p>\n<p><img decoding=\"async\" src=\"https:\/\/www.europesays.com\/pl\/wp-content\/uploads\/2026\/04\/2026040813185520260408PrzystankiAutobusoweZachodniaPoczatek2fotUML.JPG\"\/><\/p>\n<p>Fot. Urz\u0105d Miasta \u0141odzi | Ci\u0105g pieszo-rowerowy (na drugim planie za drzewami) zyska now\u0105 nawierzchni\u0119<\/p>\n<p>Nie tylko nowe przystanki, ale te\u017c drogi rowerowe <\/p>\n<p>Inwestycje obejmie tak\u017ce przebudow\u0119 infrastruktury dla rowerzyst\u00f3w na Zachodniej pomi\u0119dzy ulicami Drewnowsk\u0105 a Ogrodow\u0105. Po stronie Parku Staromiejskiego \u2013 na odcinku ul. Ogrodowej do przej\u015bcia dla pieszych \u2013 ci\u0105g pieszo-rowerowy zyska now\u0105 nawierzchni\u0119. Natomiast za wiat\u0105 przystankow\u0105 postanie kr\u00f3tki fragment drogi rowerowej, dzi\u0119ki kt\u00f3remu odseparowana zostanie przestrze\u0144 dla pasa\u017cer\u00f3w. <\/p>\n<p>Z kolei po stronie Manufaktury droga dla rower\u00f3w (na wysoko\u015bci przystanku autobusowego) zostanie nieco odsuni\u0119ta, dzi\u0119ki czemu zwi\u0119kszy si\u0119 widoczno\u015b\u0107 pomi\u0119dzy pieszymi a rowerzystami. Z kolei na skrzy\u017cowaniu Drewnowska \u2013 Zachodnia zostanie zamieniona miejscami droga rowerowa z chodnikiem na po\u0142udniowo-zachodnim naro\u017cniku.  <\/p>\n","protected":false},"excerpt":{"rendered":"Rozpoczyna si\u0119 zapowiadany remont wa\u017cnego zespo\u0142u przystank\u00f3w autobusowych Zachodnia \u2013 Manufaktura. To wa\u017cny w\u0119ze\u0142 przesiadkowy \u0142\u0105cz\u0105cy linie autobusowe&hellip;\n","protected":false},"author":2,"featured_media":353461,"comment_status":"","ping_status":"","sticky":false,"template":"","format":"standard","meta":{"footnotes":"","_share_on_mastodon":"0"},"categories":[51608],"tags":[61358,7648,7650,2624,61357,54135,54137,54134,7651,2995,3652,56324,7649,7653,10798,2801,42,38,40,39,41,6228,7647,60119,7646,7652],"class_list":["post-353460","post","type-post","status-publish","format-standard","has-post-thumbnail","category-lodz","tag-autobusy-w-lodzi","tag-autostrada","tag-cieplownictwo","tag-energetyka","tag-infrastruktura-rowerowa","tag-inwestycje-miejskie","tag-komunikacja-miejska-w-lodzi","tag-komunikacja-w-lodzi","tag-linie-kolejowe","tag-lotnisko","tag-lodz","tag-lodzkie-inwestycje","tag-obwodnica","tag-operatorzy","tag-pasazerowie","tag-pkp-plk","tag-pl","tag-poland","tag-polish","tag-polska","tag-polski","tag-porty","tag-porty-lotnicze","tag-przystanki-autobusowe","tag-stocznie","tag-telekomunikacja"],"share_on_mastodon":{"url":"https:\/\/pubeurope.com\/@pl\/116369271367330759","error":""},"_links":{"self":[{"href":"https:\/\/www.europesays.com\/pl\/wp-json\/wp\/v2\/posts\/353460","targetHints":{"allow":["GET"]}}],"collection":[{"href":"https:\/\/www.europesays.com\/pl\/wp-json\/wp\/v2\/posts"}],"about":[{"href":"https:\/\/www.europesays.com\/pl\/wp-json\/wp\/v2\/types\/post"}],"author":[{"embeddable":true,"href":"https:\/\/www.europesays.com\/pl\/wp-json\/wp\/v2\/users\/2"}],"replies":[{"embeddable":true,"href":"https:\/\/www.europesays.com\/pl\/wp-json\/wp\/v2\/comments?post=353460"}],"version-history":[{"count":0,"href":"https:\/\/www.europesays.com\/pl\/wp-json\/wp\/v2\/posts\/353460\/revisions"}],"wp:featuredmedia":[{"embeddable":true,"href":"https:\/\/www.europesays.com\/pl\/wp-json\/wp\/v2\/media\/353461"}],"wp:attachment":[{"href":"https:\/\/www.europesays.com\/pl\/wp-json\/wp\/v2\/media?parent=353460"}],"wp:term":[{"taxonomy":"category","embeddable":true,"href":"https:\/\/www.europesays.com\/pl\/wp-json\/wp\/v2\/categories?post=353460"},{"taxonomy":"post_tag","embeddable":true,"href":"https:\/\/www.europesays.com\/pl\/wp-json\/wp\/v2\/tags?post=353460"}],"curies":[{"name":"wp","href":"https:\/\/api.w.org\/{rel}","templated":true}]}}