{"id":353919,"date":"2026-04-08T17:58:09","date_gmt":"2026-04-08T17:58:09","guid":{"rendered":"https:\/\/www.europesays.com\/pl\/353919\/"},"modified":"2026-04-08T17:58:09","modified_gmt":"2026-04-08T17:58:09","slug":"poznan-stawia-na-bezpieczenstwo-bezplatne-czujki-moga-uratowac-zycie-starszym-osobom","status":"publish","type":"post","link":"https:\/\/www.europesays.com\/pl\/353919\/","title":{"rendered":"Pozna\u0144 stawia na bezpiecze\u0144stwo. Bezp\u0142atne czujki mog\u0105 uratowa\u0107 \u017cycie starszym osobom"},"content":{"rendered":"<p class=\"Paragraph_desktopParagraph__U31Gm\">Program adresowany jest do os\u00f3b w wieku co najmniej 80 lat, kt\u00f3re mieszkaj\u0105 w Poznaniu, rozliczaj\u0105 tu podatki i prowadz\u0105 gospodarstwo domowe samodzielnie lub z drugim domownikiem wymagaj\u0105cym wsparcia. Szczeg\u00f3lnie istotne jest to w przypadku mieszka\u0144 ogrzewanych piecami na drewno, w\u0119giel, gaz czy inne paliwa \u2013 to w\u0142a\u015bnie tam ryzyko wyst\u0105pienia zagro\u017ce\u0144 jest najwi\u0119ksze.<\/p>\n<p class=\"Paragraph_desktopParagraph__U31Gm\">Oferta miasta nie ogranicza si\u0119 wy\u0142\u0105cznie do przekazania sprz\u0119tu. W ramach programu zapewniany jest tak\u017ce profesjonalny monta\u017c oraz instrukta\u017c u\u017cytkowania. Monterzy dopasowuj\u0105 liczb\u0119 urz\u0105dze\u0144 do warunk\u00f3w w mieszkaniu \u2013 w razie potrzeby instalowane s\u0105 dodatkowe czujki, np. na r\u00f3\u017cnych kondygnacjach. Wszystko odbywa si\u0119 zgodnie z wymaganiami technicznymi i zasadami bezpiecze\u0144stwa.<\/p>\n<p class=\"Paragraph_desktopParagraph__U31Gm\">Zg\u0142oszenia przyjmowane s\u0105 przez miejsk\u0105 infolini\u0119 Pozna\u0144 Kontakt. Co wa\u017cne, wniosek o udzia\u0142 w programie mo\u017ce z\u0142o\u017cy\u0107 nie tylko sam senior, ale r\u00f3wnie\u017c jego bliscy, opiekunowie czy pracownicy socjalni. W trakcie zg\u0142oszenia konieczne jest podanie podstawowych danych, kt\u00f3re pozwol\u0105 zweryfikowa\u0107 uprawnienia oraz zaplanowa\u0107 wizyt\u0119 instalacyjn\u0105.<\/p>\n<p class=\"Paragraph_desktopParagraph__U31Gm\">Projekt finansowany jest z bud\u017cetu miasta, a jego realizacj\u0105 zajmuje si\u0119 Stowarzyszenie Pomocy Wzajemnej Flandria. Inicjatywa wpisuje si\u0119 w szersze dzia\u0142ania samorz\u0105du na rzecz poprawy bezpiecze\u0144stwa os\u00f3b starszych, kt\u00f3re cz\u0119sto mieszkaj\u0105 samotnie i s\u0105 szczeg\u00f3lnie nara\u017cone na skutki po\u017car\u00f3w czy zatrucia czadem.<\/p>\n<p class=\"Paragraph_desktopParagraph__U31Gm\">W\u0142adze miasta podkre\u015blaj\u0105, \u017ce to proste rozwi\u0105zanie mo\u017ce mie\u0107 ogromne znaczenie. Czujki reaguj\u0105 natychmiast, alarmuj\u0105c o zagro\u017ceniu, jeszcze zanim stanie si\u0119 ono widoczne. W wielu przypadkach to w\u0142a\u015bnie one decyduj\u0105 o tym, czy mieszka\u0144cy zd\u0105\u017c\u0105 w por\u0119 zareagowa\u0107.<\/p>\n","protected":false},"excerpt":{"rendered":"Program adresowany jest do os\u00f3b w wieku co najmniej 80 lat, kt\u00f3re mieszkaj\u0105 w Poznaniu, rozliczaj\u0105 tu podatki&hellip;\n","protected":false},"author":2,"featured_media":353920,"comment_status":"","ping_status":"","sticky":false,"template":"","format":"standard","meta":{"footnotes":"","_share_on_mastodon":"0"},"categories":[51609],"tags":[1815,1816,53,52,68,51,55,42,38,40,39,41,1817,47,50,26],"class_list":["post-353919","post","type-post","status-publish","format-standard","has-post-thumbnail","category-poznan","tag-codziennypoznanpl","tag-mm","tag-new_header","tag-onet3","tag-onet3d","tag-onet3d_2i","tag-phx","tag-pl","tag-poland","tag-polish","tag-polska","tag-polski","tag-poznan","tag-screening_general","tag-v2021","tag-wiadomosci"],"share_on_mastodon":{"url":"https:\/\/pubeurope.com\/@pl\/116370387969453792","error":""},"_links":{"self":[{"href":"https:\/\/www.europesays.com\/pl\/wp-json\/wp\/v2\/posts\/353919","targetHints":{"allow":["GET"]}}],"collection":[{"href":"https:\/\/www.europesays.com\/pl\/wp-json\/wp\/v2\/posts"}],"about":[{"href":"https:\/\/www.europesays.com\/pl\/wp-json\/wp\/v2\/types\/post"}],"author":[{"embeddable":true,"href":"https:\/\/www.europesays.com\/pl\/wp-json\/wp\/v2\/users\/2"}],"replies":[{"embeddable":true,"href":"https:\/\/www.europesays.com\/pl\/wp-json\/wp\/v2\/comments?post=353919"}],"version-history":[{"count":0,"href":"https:\/\/www.europesays.com\/pl\/wp-json\/wp\/v2\/posts\/353919\/revisions"}],"wp:featuredmedia":[{"embeddable":true,"href":"https:\/\/www.europesays.com\/pl\/wp-json\/wp\/v2\/media\/353920"}],"wp:attachment":[{"href":"https:\/\/www.europesays.com\/pl\/wp-json\/wp\/v2\/media?parent=353919"}],"wp:term":[{"taxonomy":"category","embeddable":true,"href":"https:\/\/www.europesays.com\/pl\/wp-json\/wp\/v2\/categories?post=353919"},{"taxonomy":"post_tag","embeddable":true,"href":"https:\/\/www.europesays.com\/pl\/wp-json\/wp\/v2\/tags?post=353919"}],"curies":[{"name":"wp","href":"https:\/\/api.w.org\/{rel}","templated":true}]}}